{"id":77424,"date":"2016-01-11T11:00:34","date_gmt":"2016-01-11T14:00:34","guid":{"rendered":"http:\/\/www.24baires.com\/?p=77424"},"modified":"2016-01-11T11:07:23","modified_gmt":"2016-01-11T14:07:23","slug":"victor-hugo-fue-despedido-de-continental","status":"publish","type":"post","link":"https:\/\/www.24baires.com\/?p=77424","title":{"rendered":"V\u00edctor Hugo fue despedido de Continental"},"content":{"rendered":"<p><img data-recalc-dims=\"1\" loading=\"lazy\" decoding=\"async\" class=\"aligncenter size-full wp-image-64343\" src=\"https:\/\/i0.wp.com\/www.24baires.com\/wp-content\/uploads\/2015\/04\/VICTOR-HUGO-MORALES.jpg?resize=560%2C372\" alt=\"VICTOR HUGO MORALES\" width=\"560\" height=\"372\" srcset=\"https:\/\/i0.wp.com\/www.24baires.com\/wp-content\/uploads\/2015\/04\/VICTOR-HUGO-MORALES.jpg?w=560&amp;ssl=1 560w, https:\/\/i0.wp.com\/www.24baires.com\/wp-content\/uploads\/2015\/04\/VICTOR-HUGO-MORALES.jpg?resize=300%2C199&amp;ssl=1 300w\" sizes=\"auto, (max-width: 560px) 100vw, 560px\" \/>El periodista dijo que la situaci\u00f3n se da \u201cen el contexto de una situaci\u00f3n agobiante y asfixiante para la democracia y la libertad de expresi\u00f3n\u201d.<!--more--><\/p>\n<p>\u201cMe echan de la radio. No voy a poder hacer mi programa. Tratar\u00e9 de buscar v\u00edas de comunicaci\u00f3n\u201d. Con esas palabras, el periodista V\u00edctor Hugo Morales comparti\u00f3 con sus oyentes la noticia de que esta ma\u00f1ana fue despedido de Radio Continental, donde hace a\u00f1os conduce el programa La Ma\u00f1ana.<\/p>\n<p>Morales explic\u00f3 que fue notificado de la situaci\u00f3n veinte minutos antes de entrar a su programa. \u201cEsto est\u00e1 en el contexto de una situaci\u00f3n agobiante y asfixiante para la democracia y la libertad de expresi\u00f3n\u201d, afirm\u00f3. Y remarc\u00f3: \u201cMauricio Macri, que es nada m\u00e1s que la m\u00e1scara de Magnetto, se ha hecho cargo del pa\u00eds\u201d.<\/p>\n<p>\u201cMe echan porque esta empresa est\u00e1 atada a la necesidad de la pauta publicitaria, y la maneja un solo gobierno: nacional, provincial y de la Ciudad. Con lo cual no hay medio de comunicaci\u00f3n en Argentina que pueda sobrevivir sin esa pauta publicitaria. Lo que viene es un periodismo absolutamente alineado con los intereses de la empresa. Se vienen cuatro a\u00f1os de un verdadero cepo moral y \u00e9tico\u201d, agreg\u00f3 V\u00edctor Hugo.<\/p>\n<p>En un comunicado de prensa, la empresa dio su propia versi\u00f3n de los hechos. \u201cRadio Continental comunica que desde del d\u00eda de la fecha ha decidido resolver el v\u00ednculo que manten\u00eda con Victor Hugo Morales -quien conduc\u00eda los programas La Ma\u00f1ana y Competencia-, debido a reiterados incumplimientos contractuales que alteraron el normal desarrollo de las emisiones. En los pr\u00f3ximos d\u00edas daremos a conocer la nueva programaci\u00f3n de la radio, ratificando nuestro compromiso de informar y entretener con responsabilidad y profesionalismo\u201d.<\/p>\n<p>La noticia repercuti\u00f3 r\u00e1pidamente en las redes sociales y el hashtag #VHMCensurado es uno de los trending topics (temas m\u00e1s hablados) en Twitter.<\/p>\n<p>&nbsp;<\/p>\n<p>&nbsp;<\/p>\n<p>&nbsp;<\/p>\n<p>&nbsp;<\/p>\n<p>&nbsp;<\/p>\n<p>&nbsp;<\/p>\n<p>&nbsp;<\/p>\n<p>&nbsp;<\/p>\n<p>&nbsp;<\/p>\n<p>&nbsp;<\/p>\n<p>&nbsp;<\/p>\n","protected":false},"excerpt":{"rendered":"<p>El periodista dijo que la situaci\u00f3n se da \u201cen el contexto de una situaci\u00f3n agobiante y asfixiante para la democracia y la libertad de expresi\u00f3n\u201d.<\/p>\n","protected":false},"author":4,"featured_media":0,"comment_status":"open","ping_status":"open","sticky":false,"template":"","format":"standard","meta":{"_jetpack_newsletter_access":"","_jetpack_dont_email_post_to_subs":false,"_jetpack_newsletter_tier_id":0,"_jetpack_memberships_contains_paywalled_content":false,"_jetpack_memberships_contains_paid_content":false,"footnotes":""},"categories":[54],"tags":[],"class_list":["post-77424","post","type-post","status-publish","format-standard","hentry","category-medios"],"jetpack_featured_media_url":"","jetpack_shortlink":"https:\/\/wp.me\/p2JWE0-k8M","jetpack-related-posts":[{"id":77526,"url":"https:\/\/www.24baires.com\/?p=77526","url_meta":{"origin":77424,"position":0},"title":"Masiva marcha en repudio al despido de V\u00edctor Hugo Morales","author":"GB","date":"12\/01\/2016","format":false,"excerpt":"En la Plaza de Mayo, el periodista despedido por Radio Continental agradeci\u00f3 la convocatoria. Critic\u00f3 a Macri y al Grupo Clar\u00edn. \"Quieren silenciar la realidad\", afirm\u00f3 Miles de personas se convocaron en la Plaza de Mayo para repudiar el despido de V\u00edctor Hugo Morales de Radio Continental. El periodista agradeci\u00f3\u2026","rel":"","context":"En \u00abSociedad\u00bb","block_context":{"text":"Sociedad","link":"https:\/\/www.24baires.com\/?cat=1"},"img":{"alt_text":"marcha x vh","src":"https:\/\/i0.wp.com\/www.24baires.com\/wp-content\/uploads\/2016\/01\/marcha-x-vh.jpg?resize=350%2C200","width":350,"height":200,"srcset":"https:\/\/i0.wp.com\/www.24baires.com\/wp-content\/uploads\/2016\/01\/marcha-x-vh.jpg?resize=350%2C200 1x, https:\/\/i0.wp.com\/www.24baires.com\/wp-content\/uploads\/2016\/01\/marcha-x-vh.jpg?resize=525%2C300 1.5x"},"classes":[]},{"id":64342,"url":"https:\/\/www.24baires.com\/?p=64342","url_meta":{"origin":77424,"position":1},"title":"Denuncian agresi\u00f3n al periodista Morales mientras filmaba cerca del Grupo Clar\u00edn","author":"Grupo Sierra","date":"16\/04\/2015","format":false,"excerpt":"Seg\u00fan denunci\u00f3 la periodista Cynthia Garc\u00eda, mientras Morales grababa para su programa \"Bajada de l\u00ednea\", \u201cun auto se le tir\u00f3 encima\u201d y como consecuencia, el comunicador result\u00f3 golpeado en una pierna. El periodista y relator V\u00edctor Hugo Morales sufri\u00f3 una agresi\u00f3n cuando filmaba, junto al equipo de producci\u00f3n de su\u2026","rel":"","context":"En \u00abMedios\u00bb","block_context":{"text":"Medios","link":"https:\/\/www.24baires.com\/?cat=54"},"img":{"alt_text":"VICTOR HUGO MORALES","src":"https:\/\/i0.wp.com\/www.24baires.com\/wp-content\/uploads\/2015\/04\/VICTOR-HUGO-MORALES.jpg?resize=350%2C200","width":350,"height":200,"srcset":"https:\/\/i0.wp.com\/www.24baires.com\/wp-content\/uploads\/2015\/04\/VICTOR-HUGO-MORALES.jpg?resize=350%2C200 1x, https:\/\/i0.wp.com\/www.24baires.com\/wp-content\/uploads\/2015\/04\/VICTOR-HUGO-MORALES.jpg?resize=525%2C300 1.5x"},"classes":[]},{"id":51658,"url":"https:\/\/www.24baires.com\/?p=51658","url_meta":{"origin":77424,"position":2},"title":"Victo Hugo respald\u00f3 el paro en Radio Provincia de La Plata","author":"GB","date":"12\/08\/2014","format":false,"excerpt":"El periodista V\u00edctor Hugo Morales sali\u00f3 a cuestionar a la administraci\u00f3n provincial de Daniel Scioli, quien adeuda el pago de 8 meses a los trabajadores de Radio Provincia, quienes realizan un paro de 48 horas para exigir que se regularice la situaci\u00f3n. \u201c\u00bfC\u00f3mo puede ser que hace 8 meses no\u2026","rel":"","context":"En \u00abMedios\u00bb","block_context":{"text":"Medios","link":"https:\/\/www.24baires.com\/?cat=54"},"img":{"alt_text":"victor hugo","src":"https:\/\/i0.wp.com\/www.24baires.com\/wp-content\/uploads\/2013\/01\/victor-hugo.jpg?resize=350%2C200","width":350,"height":200},"classes":[]},{"id":98811,"url":"https:\/\/www.24baires.com\/?p=98811","url_meta":{"origin":77424,"position":3},"title":"Echaron a V\u00edctor Hugo Morales de C5N","author":"AF","date":"17\/11\/2017","format":false,"excerpt":"El legendario periodista y conductor fue echado del canal donde encabezaba la franja de 18 a 21. Cada vez hay m\u00e1s periodistas censurados en Argentina y se monopoliza el relato \"M\" del Gobierno. V\u00edctor Hugo Morales fue echado esta tarde de la cadena de noticias C5N y no saldr\u00e1 al\u2026","rel":"","context":"En \u00abSociedad\u00bb","block_context":{"text":"Sociedad","link":"https:\/\/www.24baires.com\/?cat=1"},"img":{"alt_text":"","src":"https:\/\/i0.wp.com\/www.24baires.com\/wp-content\/uploads\/2014\/07\/v%C3%ADctor-hugo.jpg?resize=350%2C200","width":350,"height":200,"srcset":"https:\/\/i0.wp.com\/www.24baires.com\/wp-content\/uploads\/2014\/07\/v%C3%ADctor-hugo.jpg?resize=350%2C200 1x, https:\/\/i0.wp.com\/www.24baires.com\/wp-content\/uploads\/2014\/07\/v%C3%ADctor-hugo.jpg?resize=525%2C300 1.5x"},"classes":[]},{"id":77479,"url":"https:\/\/www.24baires.com\/?p=77479","url_meta":{"origin":77424,"position":4},"title":"\u00abHemos declarado nuestro compromiso con la libertad de expresi\u00f3n y prensa\u00bb","author":"AF","date":"12\/01\/2016","format":false,"excerpt":"\"Lamento\" que V\u00edctor Hugo Morales \"crea que nosotros tenemos algo que ver\" con su despido de radio Continental, sostuvo el presidente Mauricio Macri en una conferencia de prensa desde Casa de Gobierno. \"No vamos a opinar acerca de qu\u00e9 periodistas tienen que trabajar en cada medio y tampoco en los\u2026","rel":"","context":"En \u00abPol\u00edtica\u00bb","block_context":{"text":"Pol\u00edtica","link":"https:\/\/www.24baires.com\/?cat=51"},"img":{"alt_text":"macriii","src":"https:\/\/i0.wp.com\/www.24baires.com\/wp-content\/uploads\/2016\/01\/macriii.jpg?resize=350%2C200","width":350,"height":200,"srcset":"https:\/\/i0.wp.com\/www.24baires.com\/wp-content\/uploads\/2016\/01\/macriii.jpg?resize=350%2C200 1x, https:\/\/i0.wp.com\/www.24baires.com\/wp-content\/uploads\/2016\/01\/macriii.jpg?resize=525%2C300 1.5x"},"classes":[]},{"id":77472,"url":"https:\/\/www.24baires.com\/?p=77472","url_meta":{"origin":77424,"position":5},"title":"\u00abEste gobierno siempre tiene una excusa a mano para callar voces\u00bb","author":"GB","date":"11\/01\/2016","format":false,"excerpt":"El diputado nacional por Santa Cruz opin\u00f3 sobre los despidos de la nueva gesti\u00f3n, tanto la del periodista Victor Hugo Morales de Radio Continental como la ola de empleados p\u00fablicos. \"Si el Estado despide trabajadores el resto se sentir\u00e1 habilitado para seguir haci\u00e9ndolo\u201d, afirm\u00f3. M\u00e1ximo Kirchner, diputado nacional por Santa\u2026","rel":"","context":"En \u00abPol\u00edtica\u00bb","block_context":{"text":"Pol\u00edtica","link":"https:\/\/www.24baires.com\/?cat=51"},"img":{"alt_text":"m\u00e1ximo kirchner","src":"https:\/\/i0.wp.com\/www.24baires.com\/wp-content\/uploads\/2015\/07\/m%C3%A1ximo-kirchner.jpg?resize=350%2C200","width":350,"height":200,"srcset":"https:\/\/i0.wp.com\/www.24baires.com\/wp-content\/uploads\/2015\/07\/m%C3%A1ximo-kirchner.jpg?resize=350%2C200 1x, https:\/\/i0.wp.com\/www.24baires.com\/wp-content\/uploads\/2015\/07\/m%C3%A1ximo-kirchner.jpg?resize=525%2C300 1.5x"},"classes":[]}],"jetpack_sharing_enabled":true,"jetpack_likes_enabled":true,"_links":{"self":[{"href":"https:\/\/www.24baires.com\/index.php?rest_route=\/wp\/v2\/posts\/77424","targetHints":{"allow":["GET"]}}],"collection":[{"href":"https:\/\/www.24baires.com\/index.php?rest_route=\/wp\/v2\/posts"}],"about":[{"href":"https:\/\/www.24baires.com\/index.php?rest_route=\/wp\/v2\/types\/post"}],"author":[{"embeddable":true,"href":"https:\/\/www.24baires.com\/index.php?rest_route=\/wp\/v2\/users\/4"}],"replies":[{"embeddable":true,"href":"https:\/\/www.24baires.com\/index.php?rest_route=%2Fwp%2Fv2%2Fcomments&post=77424"}],"version-history":[{"count":1,"href":"https:\/\/www.24baires.com\/index.php?rest_route=\/wp\/v2\/posts\/77424\/revisions"}],"predecessor-version":[{"id":77425,"href":"https:\/\/www.24baires.com\/index.php?rest_route=\/wp\/v2\/posts\/77424\/revisions\/77425"}],"wp:attachment":[{"href":"https:\/\/www.24baires.com\/index.php?rest_route=%2Fwp%2Fv2%2Fmedia&parent=77424"}],"wp:term":[{"taxonomy":"category","embeddable":true,"href":"https:\/\/www.24baires.com\/index.php?rest_route=%2Fwp%2Fv2%2Fcategories&post=77424"},{"taxonomy":"post_tag","embeddable":true,"href":"https:\/\/www.24baires.com\/index.php?rest_route=%2Fwp%2Fv2%2Ftags&post=77424"}],"curies":[{"name":"wp","href":"https:\/\/api.w.org\/{rel}","templated":true}]}}