{"id":77414,"date":"2016-01-10T13:00:13","date_gmt":"2016-01-10T16:00:13","guid":{"rendered":"http:\/\/www.24baires.com\/?p=77414"},"modified":"2016-01-10T12:32:27","modified_gmt":"2016-01-10T15:32:27","slug":"atrapame-si-puedes","status":"publish","type":"post","link":"https:\/\/www.24baires.com\/?p=77414","title":{"rendered":"Atr\u00e1pame si puedes"},"content":{"rendered":"<p><img data-recalc-dims=\"1\" loading=\"lazy\" decoding=\"async\" class=\"aligncenter size-full wp-image-77415\" src=\"https:\/\/i0.wp.com\/www.24baires.com\/wp-content\/uploads\/2016\/01\/macri-tw.png?resize=560%2C297\" alt=\"macri tw\" width=\"560\" height=\"297\" srcset=\"https:\/\/i0.wp.com\/www.24baires.com\/wp-content\/uploads\/2016\/01\/macri-tw.png?w=560&amp;ssl=1 560w, https:\/\/i0.wp.com\/www.24baires.com\/wp-content\/uploads\/2016\/01\/macri-tw.png?resize=300%2C159&amp;ssl=1 300w\" sizes=\"auto, (max-width: 560px) 100vw, 560px\" \/>Este s\u00e1bado recibimos la noticia de la detenci\u00f3n de Mart\u00edn Lanatta, pr\u00f3fugo, junto a su hermano Cristian y a V\u00edctor Schillaci. As\u00ed lo informaron oficialmente. As\u00ed fue reproducido por todos los medios y as\u00ed lo manifestaron tanto el Presidente de la Naci\u00f3n, como su vice y la Gobernadora de la Provincia de Buenos Aires, entre otros funcionarios de Cambiemos. Se felicitaron mutuamente por Twitter, que qu\u00e9 gran trabajo Mar\u00eda Eugenia, que qu\u00e9 bien que combatimos el delito, Mauricio. Y as\u00ed.<!--more--><\/p>\n<p>Pero, caramba, horas despu\u00e9s result\u00f3 no ser tan as\u00ed. Como un 3 x 1 al rev\u00e9s, al final s\u00f3lo uno de los Lanatta, Mart\u00edn, hab\u00eda sido capturado luego de v\u00e9rselas con un nefasto bache. \u00bfC\u00f3mo? \u00bfAnunciaron con redobles de tambores las capturas y era falso? As\u00ed es. L\u00e1stima que no se confunden as\u00ed cuando le bajan a la mitad el presupuesto a Educaci\u00f3n por decreto. O cuando, tambi\u00e9n por decreto, pretenden eliminar las paritarias en los municipios de la provincia. L\u00e1stima.<br \/>\nUna pena, tambi\u00e9n, que no haya sido un error la destrucci\u00f3n del Afsca y la Ley de Medios. Ni la devaluaci\u00f3n, ni la brutal p\u00e9rdida adquisitiva en los salarios. Ojal\u00e1 se hubieran equivocado al reprimir a los trabajadores de Cresta Roja o a los municipales de La Plata y hayan sido \u201cpistas falsas\u201d y no reales esos balazos de goma por la espalda. O que en las inundaciones que dejaron miles de evacuados y varios muertos, haya sido una confusi\u00f3n que Macri estaba vacacionando y se haya hecho cargo como corresponde. O que haya sido un yerro el nombramiento de dos jueces para la Corte Suprema, tambi\u00e9n por DNU. Pero no.<br \/>\nEllos pierden pr\u00f3fugos y nosotros perdemos puestos de trabajo por miles. Y ah\u00ed no hay error, no la pifian cuando decretan que nuestro sueldo se desprecie, pero los autos de alta gama paguen menos impuestos. No.<br \/>\nLos globos que inflaron en campa\u00f1a est\u00e1n explotando con violencia y traen desocupaci\u00f3n, enmudecen voces, reprimen, y no paran de quitar derechos adquiridos con esfuerzo. El retroceso pol\u00edtico, social, cultural y econ\u00f3mico que estamos viviendo a s\u00f3lo un mes del cambio de gobierno es inconmensurable.<br \/>\nA\u00fan hay quienes insisten en que hay que darle tiempo a la nueva gesti\u00f3n, mientras, justamente, la nueva gesti\u00f3n, no pierde tiempo y destruye mediante decretos todo lo que puede. La \u201cpesada herencia\u201d del gobierno anterior, a la que culpan siempre, era la Ley de Medios, paritarias para los trabajadores, la creaci\u00f3n (y no destrucci\u00f3n) de miles de puestos de empleo, cobrarle m\u00e1s a los que m\u00e1s tienen (y no al rev\u00e9s), m\u00e1s presupuesto para Educaci\u00f3n, el salario m\u00e1s alto de Latinoam\u00e9rica. Claro, pesad\u00edsima.<br \/>\nLa Revoluci\u00f3n de la Alegr\u00eda no es m\u00e1s que una artera trompada al est\u00f3mago, que nos deja boqueando en el piso.<\/p>\n","protected":false},"excerpt":{"rendered":"<p>Este s\u00e1bado recibimos la noticia de la detenci\u00f3n de Mart\u00edn Lanatta, pr\u00f3fugo, junto a su hermano Cristian y a V\u00edctor Schillaci. As\u00ed lo informaron oficialmente. As\u00ed fue reproducido por todos los medios y as\u00ed lo manifestaron tanto el Presidente de la Naci\u00f3n, como su vice y la Gobernadora de la Provincia de Buenos Aires, entre otros funcionarios de Cambiemos. Se [&#8230;]<\/p>\n","protected":false},"author":4,"featured_media":0,"comment_status":"open","ping_status":"open","sticky":false,"template":"","format":"standard","meta":{"_jetpack_newsletter_access":"","_jetpack_dont_email_post_to_subs":false,"_jetpack_newsletter_tier_id":0,"_jetpack_memberships_contains_paywalled_content":false,"_jetpack_memberships_contains_paid_content":false,"footnotes":""},"categories":[64],"tags":[],"class_list":["post-77414","post","type-post","status-publish","format-standard","hentry","category-opinion"],"jetpack_featured_media_url":"","jetpack_shortlink":"https:\/\/wp.me\/p2JWE0-k8C","jetpack-related-posts":[{"id":77422,"url":"https:\/\/www.24baires.com\/?p=77422","url_meta":{"origin":77414,"position":0},"title":"El vice gobernador de Santa Fe confirma la detenci\u00f3n de los pr\u00f3fugos","author":"AF","date":"11\/01\/2016","format":false,"excerpt":"El vice gobernador Carlos Fascendini ratific\u00f3 que los dos pr\u00f3fugos fueron detenidos. El ministro de Seguridad provincial afirm\u00f3: \"Son Lanatta y Schilacci\". \u201cEl personal de seguridad me comunic\u00f3 la detenci\u00f3n de los (detenidos) restantes\u201d, dijo repentinamente en declaraci\u00f3n a Radio Del Plata el vicegobernador de Santa F\u00e9, Carlos Fascendini. De\u2026","rel":"","context":"En \u00abPoliciales\u00bb","block_context":{"text":"Policiales","link":"https:\/\/www.24baires.com\/?cat=49"},"img":{"alt_text":"lanatta schillaci","src":"https:\/\/i0.wp.com\/www.24baires.com\/wp-content\/uploads\/2016\/01\/lanatta-schilacchi.jpg?resize=350%2C200","width":350,"height":200,"srcset":"https:\/\/i0.wp.com\/www.24baires.com\/wp-content\/uploads\/2016\/01\/lanatta-schilacchi.jpg?resize=350%2C200 1x, https:\/\/i0.wp.com\/www.24baires.com\/wp-content\/uploads\/2016\/01\/lanatta-schilacchi.jpg?resize=525%2C300 1.5x"},"classes":[]},{"id":77483,"url":"https:\/\/www.24baires.com\/?p=77483","url_meta":{"origin":77414,"position":1},"title":"En Santa Fe reconocen que hubo \u00abdesinteligencias con la informaci\u00f3n\u00bb","author":"AF","date":"12\/01\/2016","format":false,"excerpt":"Tras la captura de los tres pr\u00f3fugos en la priovincia de Santa Fe, el gobernador Miguel Lifchitz habl\u00f3 sobre el manejo informativo al momento de la detenci\u00f3n. Tras la captura de los tres pr\u00f3fugos del penal de General Alvear, el gobernador de Santa Fe, Miguel Lifchitz, asegur\u00f3 que \u201chubo desinteligencias\u2026","rel":"","context":"En \u00abPoliciales\u00bb","block_context":{"text":"Policiales","link":"https:\/\/www.24baires.com\/?cat=49"},"img":{"alt_text":"schillaci lanatta","src":"https:\/\/i0.wp.com\/www.24baires.com\/wp-content\/uploads\/2016\/01\/schillaci-lanatta.jpg?resize=350%2C200","width":350,"height":200,"srcset":"https:\/\/i0.wp.com\/www.24baires.com\/wp-content\/uploads\/2016\/01\/schillaci-lanatta.jpg?resize=350%2C200 1x, https:\/\/i0.wp.com\/www.24baires.com\/wp-content\/uploads\/2016\/01\/schillaci-lanatta.jpg?resize=525%2C300 1.5x"},"classes":[]},{"id":77095,"url":"https:\/\/www.24baires.com\/?p=77095","url_meta":{"origin":77414,"position":2},"title":"Allanaron la casa de la hermana de los Lanatta","author":"AF","date":"04\/01\/2016","format":false,"excerpt":"Entre las 5 y las 9 de la ma\u00f1ana, un grupo de efectivos reguistr\u00f3 la casa de Mar\u00eda, hermana de los pr\u00f3fugos Mart\u00edn y Christian. Los operativos de b\u00fasqueda de los pr\u00f3fugos Christian y Mart\u00edn Lanatta, y de V\u00edctor Schillaci de la Unidad Penal 30 de General Alvear implica a\u2026","rel":"","context":"En \u00abJUDICIALES\u00bb","block_context":{"text":"JUDICIALES","link":"https:\/\/www.24baires.com\/?cat=68"},"img":{"alt_text":"allanamiento lanatta","src":"https:\/\/i0.wp.com\/www.24baires.com\/wp-content\/uploads\/2016\/01\/allanamiento-lanatta.jpg?resize=350%2C200","width":350,"height":200,"srcset":"https:\/\/i0.wp.com\/www.24baires.com\/wp-content\/uploads\/2016\/01\/allanamiento-lanatta.jpg?resize=350%2C200 1x, https:\/\/i0.wp.com\/www.24baires.com\/wp-content\/uploads\/2016\/01\/allanamiento-lanatta.jpg?resize=525%2C300 1.5x"},"classes":[]},{"id":77566,"url":"https:\/\/www.24baires.com\/?p=77566","url_meta":{"origin":77414,"position":3},"title":"Bullrich le present\u00f3 la renuncia a Macri, pero \u00e9l no la acepto","author":"GB","date":"13\/01\/2016","format":false,"excerpt":"Lo confirm\u00f3 el secretario de Seguridad, Eugenio Burzaco. Adem\u00e1s, reconoci\u00f3 que \"hubo desinteligencias y la coordinaci\u00f3n no fue la mejor\" en el operativo para capturar a los pr\u00f3fugos. Luego de las fallas en el operativo para capturar a los condenados por el Triple Crimen, la ministra de Seguridad, Patricia Bullrich,\u2026","rel":"","context":"En \u00abPol\u00edtica\u00bb","block_context":{"text":"Pol\u00edtica","link":"https:\/\/www.24baires.com\/?cat=51"},"img":{"alt_text":"bullrich conferencia","src":"https:\/\/i0.wp.com\/www.24baires.com\/wp-content\/uploads\/2015\/12\/bullrich-conferencia.jpg?resize=350%2C200","width":350,"height":200,"srcset":"https:\/\/i0.wp.com\/www.24baires.com\/wp-content\/uploads\/2015\/12\/bullrich-conferencia.jpg?resize=350%2C200 1x, https:\/\/i0.wp.com\/www.24baires.com\/wp-content\/uploads\/2015\/12\/bullrich-conferencia.jpg?resize=525%2C300 1.5x"},"classes":[]},{"id":35941,"url":"https:\/\/www.24baires.com\/?p=35941","url_meta":{"origin":77414,"position":4},"title":"Triple crimen: confirmaron prisi\u00f3n perpetua a los cuatro acusados","author":"GB","date":"29\/11\/2013","format":false,"excerpt":"GENERAL RODR\u00cdGUEZ-\u00a0La C\u00e1mara de Casaci\u00f3n bonaerense ratific\u00f3 las penas para los hermanos Mart\u00edn y Cristian Lanatta y los hermanos V\u00edctor (30) y Marcelo Schillaci (31). Es por el triple asesinato de Sebasti\u00e1n Forza, Dami\u00e1n Ferr\u00f3n y Leopoldo Bina, ocurridos en 2008. Los condenados hab\u00edan recibido la sentencia el 20 de\u2026","rel":"","context":"En \u00abJUDICIALES\u00bb","block_context":{"text":"JUDICIALES","link":"https:\/\/www.24baires.com\/?cat=68"},"img":{"alt_text":"triple crimen","src":"https:\/\/i0.wp.com\/www.24baires.com\/wp-content\/uploads\/2013\/11\/triple-crimen-300x187.jpg?resize=350%2C200","width":350,"height":200},"classes":[]},{"id":84913,"url":"https:\/\/www.24baires.com\/?p=84913","url_meta":{"origin":77414,"position":5},"title":"Mart\u00edn Lanatta se casa en Ezeiza","author":"AF","date":"13\/07\/2016","format":false,"excerpt":"Es uno de los cuatro condenados por el triple crimen de General Rodr\u00edguez y contraer\u00e1 matrimonio por Civil, en una ceremonia que se llevar\u00e1 a cabo bajo extremas medidas de seguridad y en la que se reencontrar\u00e1 con su hermano Cristian. Fuentes del Servicio Penitenciario Federal (SPF) aseguraron a T\u00e9lam\u2026","rel":"","context":"En \u00abSociedad\u00bb","block_context":{"text":"Sociedad","link":"https:\/\/www.24baires.com\/?cat=1"},"img":{"alt_text":"mart\u00edn lanatta","src":"https:\/\/i0.wp.com\/www.24baires.com\/wp-content\/uploads\/2016\/07\/mart%C3%ADn-lanatta.jpg?resize=350%2C200","width":350,"height":200,"srcset":"https:\/\/i0.wp.com\/www.24baires.com\/wp-content\/uploads\/2016\/07\/mart%C3%ADn-lanatta.jpg?resize=350%2C200 1x, https:\/\/i0.wp.com\/www.24baires.com\/wp-content\/uploads\/2016\/07\/mart%C3%ADn-lanatta.jpg?resize=525%2C300 1.5x"},"classes":[]}],"jetpack_sharing_enabled":true,"jetpack_likes_enabled":true,"_links":{"self":[{"href":"https:\/\/www.24baires.com\/index.php?rest_route=\/wp\/v2\/posts\/77414","targetHints":{"allow":["GET"]}}],"collection":[{"href":"https:\/\/www.24baires.com\/index.php?rest_route=\/wp\/v2\/posts"}],"about":[{"href":"https:\/\/www.24baires.com\/index.php?rest_route=\/wp\/v2\/types\/post"}],"author":[{"embeddable":true,"href":"https:\/\/www.24baires.com\/index.php?rest_route=\/wp\/v2\/users\/4"}],"replies":[{"embeddable":true,"href":"https:\/\/www.24baires.com\/index.php?rest_route=%2Fwp%2Fv2%2Fcomments&post=77414"}],"version-history":[{"count":1,"href":"https:\/\/www.24baires.com\/index.php?rest_route=\/wp\/v2\/posts\/77414\/revisions"}],"predecessor-version":[{"id":77416,"href":"https:\/\/www.24baires.com\/index.php?rest_route=\/wp\/v2\/posts\/77414\/revisions\/77416"}],"wp:attachment":[{"href":"https:\/\/www.24baires.com\/index.php?rest_route=%2Fwp%2Fv2%2Fmedia&parent=77414"}],"wp:term":[{"taxonomy":"category","embeddable":true,"href":"https:\/\/www.24baires.com\/index.php?rest_route=%2Fwp%2Fv2%2Fcategories&post=77414"},{"taxonomy":"post_tag","embeddable":true,"href":"https:\/\/www.24baires.com\/index.php?rest_route=%2Fwp%2Fv2%2Ftags&post=77414"}],"curies":[{"name":"wp","href":"https:\/\/api.w.org\/{rel}","templated":true}]}}