{"id":7738,"date":"2012-12-03T17:07:44","date_gmt":"2012-12-03T20:07:44","guid":{"rendered":"http:\/\/www.24baires.com\/?p=7738"},"modified":"2012-12-03T17:10:14","modified_gmt":"2012-12-03T20:10:14","slug":"un-maton-de-cariglino-amenazo-a-participantes-de-un-festival-por-derechos-humanos","status":"publish","type":"post","link":"https:\/\/www.24baires.com\/?p=7738","title":{"rendered":"Mat\u00f3n de Cariglino amenaz\u00f3 a asistentes a un festival por los derechos humanos"},"content":{"rendered":"<p><strong>MALVINAS ARGENTINAS &#8211;<\/strong> Este fin de semana en <strong>Villa de Mayo<\/strong> donde se realizaba un festival por los derechos humanos luego de que el Municipio intent\u00f3 boicotearlo cortando la luz del lugar, apareci\u00f3 uno de los patoteros vinculados al intendente local Jes\u00fas Cariglino para increpar a los artistas, sacar fotos y \u201cmarcar\u201d a los asistentes.<!--more--><\/p>\n<p>El nuevo episodio de violencia, ocurri\u00f3 ayer en la Plaza Jos\u00e9 Hern\u00e1ndez ubicada en Sucre al 800 de Villa de Mayo, donde la Comisi\u00f3n de Derechos Humanos del distrito desarrollaba una jornada con mesas sobre violencia de g\u00e9nero, gatillo f\u00e1cil, irregularidades en el sistema sanitario local y diferentes espect\u00e1culos art\u00edsticos.<\/p>\n<p>Pasadas las cuatro de la tarde, comenz\u00f3 la jornada informativa sobre los derechos que corresponden a todos los ciudadanos y la murga Peque\u00f1os Gigantes de Tortuguitas. Tambi\u00e9n hubo mesas de salud donde se concientiz\u00f3 sobre el D\u00eda Mundial de la Lucha contra el Sida y entregaron las emblem\u00e1ticas cintitas rojas.<\/p>\n<p>M\u00e1s tarde el abogado Jorge Cancio habl\u00f3 de violencia pol\u00edtica en Malvinas y tambi\u00e9n hizo referencia al beb\u00e9 que dieron por muerto al nacer en Pilar. \u201cCuando aparece un caso de mala praxis se separa al m\u00e9dico y se investiga; en Malvinas Argentinas, por el contrario, se amenaza y se intenta tapar el hecho\u201d. Tambi\u00e9n explic\u00f3 que muchos casos de mal diagn\u00f3stico en los hospitales malvinenses no se convierten en delito ni son denunciados porque familiares de los pacientes recurren a otros centros m\u00e9dicos donde son atendidos de forma correcta.<\/p>\n<p>Por \u00faltimo el elenco de teatro \u201cDesde el pie\u201d protagoniz\u00f3 la obra \u201cSalud, gracias\u201d donde se denuncia la discriminaci\u00f3n que sufren los pobres frente a los que tienen obras sociales en el sistema de salud y la precarizaci\u00f3n de los m\u00e9dicos con bajos sueldos y sin derecho de protestar por mejores condiciones laborales.<\/p>\n<p>Mientras transcurr\u00eda la obra, sobre el escenario montado en la Plaza Hern\u00e1ndez, apareci\u00f3 un hombre identificado con el apellido Guerra que increp\u00f3 a los actores, sac\u00f3 fotos y pas\u00f3 por celular los nombres de aquellos participantes que hab\u00eda logrado \u201cmarcar\u201d.<\/p>\n<p>Desde la Comisi\u00f3n de Derechos Humanos de Malvinas Argentinas repudiaron el nuevo acto de hostigamiento y calificaron a Guerra como \u201cun rid\u00edculo, un provocador que no entiende que la plaza es un espacio p\u00fablico y que las \u00e9pocas de la dictadura ya pasaron\u201d.<br \/>\nEl portal local Malviticias revel\u00f3 que esta persona es \u201cun allegado al cariglinismo\u201d que \u201cen las elecciones de 2011 fue demorado porque el mismo d\u00eda de los comicios reparti\u00f3 urnas por la ma\u00f1ana y al mediod\u00eda se present\u00f3 en la misma escuela como fiscal general\u201d.<\/p>\n<p>Adem\u00e1s su nombre figura en la causa de los incidentes del 5 de junio pasado frente al Hospital Municipal \u201cClaudio Zin\u201d, donde durante una manifestaci\u00f3n por casos de mala praxis las patotas de Cariglino golpearon a periodistas y familiares de las v\u00edctimas.<\/p>\n<p>En di\u00e1logo con Buenos Aires 2punto0, Jorge Cancio cont\u00f3 que varios vecinos dijeron haber escuchado a Guerra decir \u201clos vamos a matar a todos\u201d y adelant\u00f3 que desde la Comisi\u00f3n de Derechos Humanos de Malvinas Argentinas realizar\u00e1n la denuncia en la justicia.<\/p>\n<p>Del encuentro participaron el Movimiento Popular Peronista, Nuevo Encuentro, Kolina, la Central de Trabajadores de la Argentina (CTA), el Movimiento Territorial de Liberaci\u00f3n, Promotores de Salud y la Asamblea de Tortuguitas.<\/p>\n","protected":false},"excerpt":{"rendered":"<p>MALVINAS ARGENTINAS &#8211; Este fin de semana en Villa de Mayo donde se realizaba un festival por los derechos humanos luego de que el Municipio intent\u00f3 boicotearlo cortando la luz del lugar, apareci\u00f3 uno de los patoteros vinculados al intendente local Jes\u00fas Cariglino para increpar a los artistas, sacar fotos y \u201cmarcar\u201d a los asistentes.<\/p>\n","protected":false},"author":11,"featured_media":0,"comment_status":"open","ping_status":"open","sticky":false,"template":"","format":"standard","meta":{"_jetpack_newsletter_access":"","_jetpack_dont_email_post_to_subs":false,"_jetpack_newsletter_tier_id":0,"_jetpack_memberships_contains_paywalled_content":false,"_jetpack_memberships_contains_paid_content":false,"footnotes":""},"categories":[38],"tags":[],"class_list":["post-7738","post","type-post","status-publish","format-standard","hentry","category-locales"],"jetpack_featured_media_url":"","jetpack_shortlink":"https:\/\/wp.me\/p2JWE0-20O","jetpack-related-posts":[{"id":22970,"url":"https:\/\/www.24baires.com\/?p=22970","url_meta":{"origin":7738,"position":0},"title":"Malvinas Argentinas: vecinos marchar\u00e1n en repudio a las &#8216;patotas de Cariglino&#8217;","author":"AF","date":"08\/05\/2013","format":false,"excerpt":"Se prev\u00e9 una manifestaci\u00f3n popular hacia las sedes de la fiscal\u00eda en Malvinas Argentinas, contra el accionar represivo del intendente Jes\u00fas Cariglino, la mala praxis m\u00e9dica en el hospital y en repudi\u00f3 de toda pr\u00e1ctica violenta. Los vecinos que organizan la marcha dicen \u201cbasta de violencia PRO\u201d en ese municipio.\u2026","rel":"","context":"En \u00abLocales\u00bb","block_context":{"text":"Locales","link":"https:\/\/www.24baires.com\/?cat=38"},"img":{"alt_text":"","src":"","width":0,"height":0},"classes":[]},{"id":32944,"url":"https:\/\/www.24baires.com\/?p=32944","url_meta":{"origin":7738,"position":1},"title":"Acusan a Cariglino de \u00abense\u00f1ar a golpear\u00bb a opositores","author":"GB","date":"03\/10\/2013","format":false,"excerpt":"Una ex militante del intendente de Malvinas Argentinas, Jes\u00fas Cariglino, denunci\u00f3 al jefe comunal aliado al l\u00edder del Frente Renovador, Sergio Massa, por \"ense\u00f1ar a golpear\u201d a los opositores. Durante una caminata de los candidatos del Frente para la Victoria (FpV) y la diputada nacional Teresa Garc\u00eda por el asentamiento\u2026","rel":"","context":"En \u00abELECCIONES 2013\u00bb","block_context":{"text":"ELECCIONES 2013","link":"https:\/\/www.24baires.com\/?cat=72"},"img":{"alt_text":"","src":"","width":0,"height":0},"classes":[]},{"id":725,"url":"https:\/\/www.24baires.com\/?p=725","url_meta":{"origin":7738,"position":2},"title":"Diputados y senadores recibir\u00e1n a las v\u00edctimas de Cariglino","author":"Grupo Sierra","date":"30\/09\/2012","format":false,"excerpt":"Los vecinos podr\u00e1n expresar denuncias por hechos de violencia pol\u00edtica y mala praxis. Ya se registraron tres muertes sospechosas en el Hospital \u201cClaudio Zin\u201d y el asesinato del enfermero Walter Navarro. Las comisiones de Salud P\u00fablica y de Derechos Humanos de la Legislatura bonaerense sesionar\u00e1n el pr\u00f3ximo martes, desde las\u2026","rel":"","context":"En \u00abMunicipios\u00bb","block_context":{"text":"Municipios","link":"https:\/\/www.24baires.com\/?cat=44"},"img":{"alt_text":"","src":"","width":0,"height":0},"classes":[]},{"id":2565,"url":"https:\/\/www.24baires.com\/?p=2565","url_meta":{"origin":7738,"position":3},"title":"Cariglino manda a una concejala a tratar de \u201cvagos y est\u00fapidos\u201d a los legisladores bonaerenses","author":"Grupo Sierra","date":"18\/10\/2012","format":false,"excerpt":"La edil cariglinista Andrea Palavecino insult\u00f3 hoy a los senadores y diputados que el pasado 2 de octubre visitaron el distrito y recibieron denuncias por casos de mala praxis y atropellos a los derechos humanos. \u201cPodr\u00edamos declararlo el d\u00eda de los vagos y los est\u00fapidos, porque ellos s\u00f3lo saben hablar\u2026","rel":"","context":"En \u00abMunicipios\u00bb","block_context":{"text":"Municipios","link":"https:\/\/www.24baires.com\/?cat=44"},"img":{"alt_text":"","src":"https:\/\/i0.wp.com\/www.24baires.com\/wp-content\/uploads\/2012\/10\/cariglino-escandalo-malvinas-argentinas.jpg?resize=350%2C200","width":350,"height":200,"srcset":"https:\/\/i0.wp.com\/www.24baires.com\/wp-content\/uploads\/2012\/10\/cariglino-escandalo-malvinas-argentinas.jpg?resize=350%2C200 1x, https:\/\/i0.wp.com\/www.24baires.com\/wp-content\/uploads\/2012\/10\/cariglino-escandalo-malvinas-argentinas.jpg?resize=525%2C300 1.5x"},"classes":[]},{"id":17909,"url":"https:\/\/www.24baires.com\/?p=17909","url_meta":{"origin":7738,"position":4},"title":"Investigar\u00edan penalmente al intendente Cariglino por &#8216;asociaci\u00f3n il\u00edcita&#8217;","author":"AF","date":"09\/03\/2013","format":false,"excerpt":"MALVINAS ARGENTINAS - Marcelo Lapargo, fiscal general de San Martin, deber\u00e1 resolver si hace lugar a un pedido realizado en los \u00faltimos d\u00edas por el titular de la UFI 23 de Malvinas Argentinas, Santiago Cami\u00f1as, para que se investigue penalmente al intendente Jes\u00fas Cariglino como presunto jefe de una asociaci\u00f3n\u2026","rel":"","context":"En \u00abLocales\u00bb","block_context":{"text":"Locales","link":"https:\/\/www.24baires.com\/?cat=38"},"img":{"alt_text":"","src":"","width":0,"height":0},"classes":[]},{"id":47051,"url":"https:\/\/www.24baires.com\/?p=47051","url_meta":{"origin":7738,"position":5},"title":"La crisis de salud en Malvinas Argentinas lleg\u00f3 al Congreso","author":"Grupo Sierra","date":"30\/05\/2014","format":false,"excerpt":"En el marco de la campa\u00f1a contra la violencia institucional en el distrito comandado por Jes\u00fas Cariglino, se realiz\u00f3 un encuentro en el anexo de la C\u00e1mara de Diputados, organizado por la Comisi\u00f3n de la Memoria de Campo de Mayo. Las denuncias fueron presentadas ante el diputado Leo Grosso, con\u2026","rel":"","context":"En \u00abLocales\u00bb","block_context":{"text":"Locales","link":"https:\/\/www.24baires.com\/?cat=38"},"img":{"alt_text":"mala-praxis-marcha-malvinas-","src":"https:\/\/i0.wp.com\/www.24baires.com\/wp-content\/uploads\/2014\/05\/mala-praxis-marcha-malvinas-.jpg?resize=350%2C200","width":350,"height":200,"srcset":"https:\/\/i0.wp.com\/www.24baires.com\/wp-content\/uploads\/2014\/05\/mala-praxis-marcha-malvinas-.jpg?resize=350%2C200 1x, https:\/\/i0.wp.com\/www.24baires.com\/wp-content\/uploads\/2014\/05\/mala-praxis-marcha-malvinas-.jpg?resize=525%2C300 1.5x"},"classes":[]}],"jetpack_sharing_enabled":true,"jetpack_likes_enabled":true,"_links":{"self":[{"href":"https:\/\/www.24baires.com\/index.php?rest_route=\/wp\/v2\/posts\/7738","targetHints":{"allow":["GET"]}}],"collection":[{"href":"https:\/\/www.24baires.com\/index.php?rest_route=\/wp\/v2\/posts"}],"about":[{"href":"https:\/\/www.24baires.com\/index.php?rest_route=\/wp\/v2\/types\/post"}],"author":[{"embeddable":true,"href":"https:\/\/www.24baires.com\/index.php?rest_route=\/wp\/v2\/users\/11"}],"replies":[{"embeddable":true,"href":"https:\/\/www.24baires.com\/index.php?rest_route=%2Fwp%2Fv2%2Fcomments&post=7738"}],"version-history":[{"count":3,"href":"https:\/\/www.24baires.com\/index.php?rest_route=\/wp\/v2\/posts\/7738\/revisions"}],"predecessor-version":[{"id":7740,"href":"https:\/\/www.24baires.com\/index.php?rest_route=\/wp\/v2\/posts\/7738\/revisions\/7740"}],"wp:attachment":[{"href":"https:\/\/www.24baires.com\/index.php?rest_route=%2Fwp%2Fv2%2Fmedia&parent=7738"}],"wp:term":[{"taxonomy":"category","embeddable":true,"href":"https:\/\/www.24baires.com\/index.php?rest_route=%2Fwp%2Fv2%2Fcategories&post=7738"},{"taxonomy":"post_tag","embeddable":true,"href":"https:\/\/www.24baires.com\/index.php?rest_route=%2Fwp%2Fv2%2Ftags&post=7738"}],"curies":[{"name":"wp","href":"https:\/\/api.w.org\/{rel}","templated":true}]}}