{"id":7734,"date":"2012-12-03T17:15:02","date_gmt":"2012-12-03T20:15:02","guid":{"rendered":"http:\/\/www.24baires.com\/?p=7734"},"modified":"2012-12-03T17:15:02","modified_gmt":"2012-12-03T20:15:02","slug":"hebe-de-bonafini-recorrio-aguas-verdes-y-santa-teresita-junto-al-intendente","status":"publish","type":"post","link":"https:\/\/www.24baires.com\/?p=7734","title":{"rendered":"Hebe de Bonafini recorri\u00f3 Aguas Verdes y Santa Teresita junto al Intendente"},"content":{"rendered":"<p><strong><img data-recalc-dims=\"1\" loading=\"lazy\" decoding=\"async\" class=\"alignleft size-medium wp-image-7735\" title=\"hebe de jesus\" src=\"https:\/\/i0.wp.com\/www.24baires.com\/wp-content\/uploads\/2012\/12\/hebe-de-jesus.jpg?resize=300%2C225\" alt=\"\" width=\"300\" height=\"225\" srcset=\"https:\/\/i0.wp.com\/www.24baires.com\/wp-content\/uploads\/2012\/12\/hebe-de-jesus.jpg?resize=300%2C225&amp;ssl=1 300w, https:\/\/i0.wp.com\/www.24baires.com\/wp-content\/uploads\/2012\/12\/hebe-de-jesus.jpg?w=500&amp;ssl=1 500w\" sizes=\"auto, (max-width: 300px) 100vw, 300px\" \/>PARTIDO DE LA COSTA-<\/strong> El Intentendente, Juan Pablo de Jes\u00fas, \u00a0asegur\u00f3 que la titular de Madres de Plaza de Mayo \u00abtransform\u00f3 su dolor en un sentimiento positivo para trabajar por otros\u00bb. Tambi\u00e9n habl\u00f3 de la \u00abvigencia\u00bb de sus ideas. Fue durante una visita a las localidades de Aguas Verdes y Santa Teresita.\u00a0<!--more--><\/p>\n<p>La presidenta de la Asociaci\u00f3n Madres de Plaza de Mayo, Hebe de Bonafini, visit\u00f3 el Partido de La Costa, donde recorri\u00f3, junto al intendente Juan Pablo de Jes\u00fas, el lugar donde funcionar\u00e1 el M\u00f3dulo de Unidad de Protecci\u00f3n Estacional de V\u00edctimas de Violencia Familiar en la localidad Aguas Verdes y luego, brind\u00f3 una charla ante m\u00e1s de 600 personas en Santa Teresita.<\/p>\n<p>Hebe de Bonafini fue la encargada de cerrar las \u201cCharlas de la Memoria\u201d que llev\u00f3 adelante la Direcci\u00f3n Municipal de Derechos Humanos durante todo el a\u00f1o, junto al mandatario local. En este marco, visit\u00f3 el lugar donde se construir\u00e1 el M\u00f3dulo de Unidad de Protecci\u00f3n Estacional de V\u00edctimas de Violencia Familiar en Aguas Verdes, una obra que se desarrollar\u00e1 en conjunto entre la Municipalidad y Madres de Plaza de Mayo.<\/p>\n<p>All\u00ed, De Jes\u00fas explic\u00f3 que \u201cpara nosotros es un gran honor poder contar con un hogar de protecci\u00f3n para las v\u00edctimas de violencia de g\u00e9nero en nuestro distrito; lo vemos en el trabajo cotidiano, desde el gobierno local, como a veces se dificulta cuando hay que generarle a la mujer un \u00e1mbito en el cual est\u00e9 contenida y protegida, ella y sus hijos, y poder contar con este lugar que lo vamos a construir de manera conjunta con la Asociaci\u00f3n de Madres, es una mejora para el Partido de La Costa\u201d.<\/p>\n<p>La presidenta de Madres de Plaza de Mayo coment\u00f3 que esta obra es la primera, de alrededor de quince que se desarrollar\u00e1n en diversos municipios. Y destac\u00f3 la elecci\u00f3n del Partido de La Costa: \u201cyo tengo una historia con las playas de San Clemente, amo estos lugares, me apasiona el mar, y cuando voy entrando por La Costa me trae los mejores recuerdos de mi vida, cuando ten\u00eda a todos mis hijos, cuando ten\u00eda a toda mi familia. As\u00ed que hacerlo ac\u00e1 no es casualidad, fue el destino que quiso que fuera este lugar\u201d.<\/p>\n<p>Adem\u00e1s, manifest\u00f3 que esta idea de las Madres \u201cse plasma gracias a mucha gente que nos ayud\u00f3 en este momento muy duro que nos toc\u00f3 pasar\u201d y \u201cquer\u00edamos empezar con algo mas efectivo con el tema de la violencia de g\u00e9nero, son buenas las leyes, que las mujeres hablen pero hay un paso que no se puede dar, que es irse de su casa\u201d.<\/p>\n<p>\u201cEs un paso importante y creo que las Madres debemos estar involucradas, porque no solamente tienen que tener un lugar a donde poder ir, sino tambi\u00e9n contenci\u00f3n, personas que escuchen a las mujeres, m\u00e9dicos, abogados, que se sientan que el Estado le est\u00e1 dando todo eso, que no le tengan miedo a los funcionarios. Este proyecto abarca todo eso y que las mujeres sepan que bajo este proyecto y el pa\u00f1uelo de las Madres ellas van a tener todo lo que necesitan\u201d, subray\u00f3 la dirigente de derechos humanos.<\/p>\n<p>Seguidamente, se trasladaron a la localidad de Santa Teresita donde, Hebe de Bonafini brind\u00f3 una charla ante 600 personas. El encargado de abrir el encuentro fue el director de Derechos Humanos Municipal, Mart\u00edn Poustis, quien dio las palabras de bienvenida y agradeci\u00f3 al intendente \u201cpor haber hecho este acto posible\u201d.<\/p>\n<p>Y asegur\u00f3 que \u201cesto me lo voy a llevar en mi coraz\u00f3n por el resto de mi vida porque sos una mujer luchadora y un ejemplo para los j\u00f3venes\u201d, refiri\u00e9ndose a la madre de Plaza de Mayo.<\/p>\n<p>Tambi\u00e9n, estuvo presente el subsecretario de Desarrollo Social, Guillermo Chirino, quien agradeci\u00f3 a Hebe por visitar el distrito y a Juan Pablo por \u201clevantar la bandera de los derechos humanos como lo hizo N\u00e9stor Kirchner\u201d.<\/p>\n<p>El intendente Juan Pablo de Jes\u00fas tom\u00f3 la palabra y expres\u00f3 que \u201ces tremendo lo que significa Hebe en la historia, es un ejemplo de lucha y vigencia. Transform\u00f3 ese dolor en un sentimiento positivo para trabajar por otros. Este cari\u00f1o es porque vos hac\u00e9s muchas cosas por todos nosotros\u201d.<\/p>\n<p>De este modo, se refiri\u00f3 tambi\u00e9n al ex presidente N\u00e9stor Kirchner, \u201c\u00e9l en su discurso del 25 de mayo de 2003 dijo que otra Argentina era posible, dijo que no iba a dejar las convicciones en la puerta de la Casa de Gobierno y reivindic\u00f3 a sus compa\u00f1eros desaparecidos\u201d.<\/p>\n<p>Y a\u00f1adi\u00f3: \u201cnunca se hab\u00eda dado un proceso como el que estamos viviendo. Un gran avance en la pol\u00edtica de derechos humanos, la ampliaci\u00f3n, ese concepto fue gracias al trabajo de Hebe desde Madres, con un pu\u00f1ado de Madres y sin m\u00e1s alma que su pa\u00f1uelo levantaba la voz por los que no ten\u00edan voz\u201d.<\/p>\n<p>Finalmente, la presidenta de la Asociaci\u00f3n Madres de Plaza de Mayo, Hebe de Bonafini, se dirigi\u00f3 a los presentes. En primer lugar, agradeci\u00f3 la invitaci\u00f3n y resalt\u00f3 el trabajo que realiza la actual gesti\u00f3n municipal, \u201cel trabajo del intendente se ve, nadie me tiene que contar nada, cuando hay gente y lo reconoce por la calle y le agradece es porque hace las cosas bien\u201d.<\/p>\n<p>En este sentido, destac\u00f3 que se desarrollar\u00e1 en conjunto \u201cel proyecto de casas para mujeres golpeadas y estamos orgullosas que sea un proyecto de Madres\u201d.<\/p>\n<p>\u201cEsto es un colectivo, socializar la maternidad fue el paso m\u00e1s importante que dimos las Madres, la lucha individual se agota en si misma. Hab\u00eda miles y miles de desaparecidos que no ten\u00edan familia, familias que hab\u00edan huido al exterior y de esos pibes nadie hablaba. Ahora nuestros hijos est\u00e1n reivindicados como revolucionarios\u201d, concluy\u00f3.<\/p>\n<p>La charla finaliz\u00f3 con un gran aplauso que los presentes le brindaron a Hebe y adem\u00e1s, con la aparici\u00f3n del cantautor embajador del Partido de La Costa, Ignacio Copani, quien le dedic\u00f3 un c\u00e1lido saludo a la presidenta de Madres y al intendente Juan Pablo de Jes\u00fas.<\/p>\n<p>&nbsp;<\/p>\n<p>&nbsp;<\/p>\n<p>&nbsp;<\/p>\n<p>&nbsp;<\/p>\n<p>&nbsp;<\/p>\n<p>&nbsp;<\/p>\n<p>&nbsp;<\/p>\n","protected":false},"excerpt":{"rendered":"<p>PARTIDO DE LA COSTA- El Intentendente, Juan Pablo de Jes\u00fas, \u00a0asegur\u00f3 que la titular de Madres de Plaza de Mayo \u00abtransform\u00f3 su dolor en un sentimiento positivo para trabajar por otros\u00bb. Tambi\u00e9n habl\u00f3 de la \u00abvigencia\u00bb de sus ideas. Fue durante una visita a las localidades de Aguas Verdes y Santa Teresita.\u00a0<\/p>\n","protected":false},"author":11,"featured_media":0,"comment_status":"open","ping_status":"open","sticky":false,"template":"","format":"standard","meta":{"_jetpack_newsletter_access":"","_jetpack_dont_email_post_to_subs":false,"_jetpack_newsletter_tier_id":0,"_jetpack_memberships_contains_paywalled_content":false,"_jetpack_memberships_contains_paid_content":false,"footnotes":""},"categories":[38],"tags":[],"class_list":["post-7734","post","type-post","status-publish","format-standard","hentry","category-locales"],"jetpack_featured_media_url":"","jetpack_shortlink":"https:\/\/wp.me\/p2JWE0-20K","jetpack-related-posts":[{"id":119564,"url":"https:\/\/www.24baires.com\/?p=119564","url_meta":{"origin":7734,"position":0},"title":"Muri\u00f3 a los 93 a\u00f1os Hebe de Bonafini, presidenta de Madres de Plaza de Ma","author":"GB","date":"20\/11\/2022","format":false,"excerpt":"La presidenta de Madres de Plaza de Mayo, Hebe de Bonafini, falleci\u00f3 hoy a los 93 a\u00f1os en el Hospital Italiano de La Plata Hebe de Bonafini muri\u00f3 hoy a los 93 a\u00f1os. La presidenta de Madres de Plaza de Mayo hab\u00eda sido dada de alta el 13 de octubre,\u2026","rel":"","context":"En \u00abSociedad\u00bb","block_context":{"text":"Sociedad","link":"https:\/\/www.24baires.com\/?cat=1"},"img":{"alt_text":"","src":"https:\/\/i0.wp.com\/www.24baires.com\/wp-content\/uploads\/2014\/01\/hebe-de-bonafini.jpg?resize=350%2C200","width":350,"height":200,"srcset":"https:\/\/i0.wp.com\/www.24baires.com\/wp-content\/uploads\/2014\/01\/hebe-de-bonafini.jpg?resize=350%2C200 1x, https:\/\/i0.wp.com\/www.24baires.com\/wp-content\/uploads\/2014\/01\/hebe-de-bonafini.jpg?resize=525%2C300 1.5x, https:\/\/i0.wp.com\/www.24baires.com\/wp-content\/uploads\/2014\/01\/hebe-de-bonafini.jpg?resize=700%2C400 2x"},"classes":[]},{"id":118672,"url":"https:\/\/www.24baires.com\/?p=118672","url_meta":{"origin":7734,"position":1},"title":"Kicillof particip\u00f3 del acto por el D\u00eda de la Memoria, Verdad y la Justicia","author":"GB","date":"24\/03\/2022","format":false,"excerpt":"El gobernador de la Provincia, Axel Kicillof, estuvo presente junto a las Madres de Plaza de Mayo, Hebe de Bonafini y Herenia S\u00e1nchez Viamonte, para conmemorar el d\u00eda por la Memoria, la Verdad y la Justicia. El gobernador de la Provincia, Axel Kicillof, estuvo presente en Casa de Gobierno donde\u2026","rel":"","context":"En \u00abMemoria\u00bb","block_context":{"text":"Memoria","link":"https:\/\/www.24baires.com\/?cat=50"},"img":{"alt_text":"","src":"https:\/\/i0.wp.com\/www.24baires.com\/wp-content\/uploads\/2022\/03\/24M_acto_gob_ddhh-1024x682.jpeg?resize=350%2C200","width":350,"height":200,"srcset":"https:\/\/i0.wp.com\/www.24baires.com\/wp-content\/uploads\/2022\/03\/24M_acto_gob_ddhh-1024x682.jpeg?resize=350%2C200 1x, https:\/\/i0.wp.com\/www.24baires.com\/wp-content\/uploads\/2022\/03\/24M_acto_gob_ddhh-1024x682.jpeg?resize=525%2C300 1.5x"},"classes":[]},{"id":101348,"url":"https:\/\/www.24baires.com\/?p=101348","url_meta":{"origin":7734,"position":2},"title":"Bonafini sobre Meijide: \u00abNunca le import\u00f3 su hijo, queda claro, si no, no pedir\u00eda la libertad de Astiz\u00bb","author":"AF","date":"29\/03\/2018","format":false,"excerpt":"As\u00ed lo sostuvo Hebe. La titular de la Asociaci\u00f3n de Madres de Plaza de Mayo apunt\u00f3 contra la ex miembro de la Conadep, Graciela Fern\u00e1ndez Meijide, luego de haber apoyado la prisi\u00f3n domiciliaria del genocida Astiz. Hebe de Bonafini, titular de la Asociaci\u00f3n de Madres de Plaza de Mayo, sali\u00f3\u2026","rel":"","context":"En \u00abSociedad\u00bb","block_context":{"text":"Sociedad","link":"https:\/\/www.24baires.com\/?cat=1"},"img":{"alt_text":"","src":"https:\/\/i0.wp.com\/www.24baires.com\/wp-content\/uploads\/2018\/03\/bonafini-meijide.jpg?resize=350%2C200","width":350,"height":200,"srcset":"https:\/\/i0.wp.com\/www.24baires.com\/wp-content\/uploads\/2018\/03\/bonafini-meijide.jpg?resize=350%2C200 1x, https:\/\/i0.wp.com\/www.24baires.com\/wp-content\/uploads\/2018\/03\/bonafini-meijide.jpg?resize=525%2C300 1.5x"},"classes":[]},{"id":101332,"url":"https:\/\/www.24baires.com\/?p=101332","url_meta":{"origin":7734,"position":3},"title":"Bonafini, sobre la vuelta del bast\u00f3n en la Bonaerense: \u00abEs aterrador\u00bb","author":"GB","date":"28\/03\/2018","format":false,"excerpt":"En una dura carta, la titular de Madres cuestion\u00f3 a Vidal y a Ritondo y advirti\u00f3 que los polic\u00edas \"van a llevar ese palo para matar a cualquiera\". La titular de la Asociaci\u00f3n Madres de Plaza de Mayo, Hebe de Bonafini, le apunt\u00f3 a Mar\u00eda Eugenia Vidal y a Cristian\u2026","rel":"","context":"En \u00abSociedad\u00bb","block_context":{"text":"Sociedad","link":"https:\/\/www.24baires.com\/?cat=1"},"img":{"alt_text":"","src":"https:\/\/i0.wp.com\/www.24baires.com\/wp-content\/uploads\/2014\/01\/hebe-de-bonafini.jpg?resize=350%2C200","width":350,"height":200,"srcset":"https:\/\/i0.wp.com\/www.24baires.com\/wp-content\/uploads\/2014\/01\/hebe-de-bonafini.jpg?resize=350%2C200 1x, https:\/\/i0.wp.com\/www.24baires.com\/wp-content\/uploads\/2014\/01\/hebe-de-bonafini.jpg?resize=525%2C300 1.5x"},"classes":[]},{"id":40396,"url":"https:\/\/www.24baires.com\/?p=40396","url_meta":{"origin":7734,"position":4},"title":"Hebe sobre Othaceh\u00e9: \u00abQue toda la basura se la lleve Massa\u00bb","author":"GB","date":"13\/02\/2014","format":false,"excerpt":"Hebe de Bonafini, en su habitual discurso de los jueves se refiri\u00f3 a Ra\u00fal Othaceh\u00e9, el intendente de Merlo que recientemente pas\u00f3 a las filas del massismo y expres\u00f3 que \u201csigamos peleando, que toda la basura se la lleve (Sergio) Massa\u201d. La titular de Madres de Plaza de Mayo remarc\u00f3\u2026","rel":"","context":"En \u00abPol\u00edtica\u00bb","block_context":{"text":"Pol\u00edtica","link":"https:\/\/www.24baires.com\/?cat=51"},"img":{"alt_text":"hebe-de-bonafini","src":"https:\/\/i0.wp.com\/www.24baires.com\/wp-content\/uploads\/2014\/01\/hebe-de-bonafini.jpg?resize=350%2C200","width":350,"height":200,"srcset":"https:\/\/i0.wp.com\/www.24baires.com\/wp-content\/uploads\/2014\/01\/hebe-de-bonafini.jpg?resize=350%2C200 1x, https:\/\/i0.wp.com\/www.24baires.com\/wp-content\/uploads\/2014\/01\/hebe-de-bonafini.jpg?resize=525%2C300 1.5x"},"classes":[]},{"id":85887,"url":"https:\/\/www.24baires.com\/?p=85887","url_meta":{"origin":7734,"position":5},"title":"Ordenan detener a Hebe: \u00abQue me lleven presa, no les tengo miedo\u00bb dijo","author":"Grupo Sierra","date":"04\/08\/2016","format":false,"excerpt":"La titular de la Asociaci\u00f3n Madres de Plaza de Mayo, Hebe de Bonafini, no se present\u00f3 a declarar en los tribunales federales de Comodoro Py en la causa Sue\u00f1os Compartidos en la que est\u00e1 imputada, por lo que el juez Marcelo Mart\u00ednez de Giorgi orden\u00f3 su captura. Pese a que\u2026","rel":"","context":"En \u00abJUDICIALES\u00bb","block_context":{"text":"JUDICIALES","link":"https:\/\/www.24baires.com\/?cat=68"},"img":{"alt_text":"hebe madres","src":"https:\/\/i0.wp.com\/www.24baires.com\/wp-content\/uploads\/2016\/08\/hebe-madres.jpg?resize=350%2C200","width":350,"height":200,"srcset":"https:\/\/i0.wp.com\/www.24baires.com\/wp-content\/uploads\/2016\/08\/hebe-madres.jpg?resize=350%2C200 1x, https:\/\/i0.wp.com\/www.24baires.com\/wp-content\/uploads\/2016\/08\/hebe-madres.jpg?resize=525%2C300 1.5x"},"classes":[]}],"jetpack_sharing_enabled":true,"jetpack_likes_enabled":true,"_links":{"self":[{"href":"https:\/\/www.24baires.com\/index.php?rest_route=\/wp\/v2\/posts\/7734","targetHints":{"allow":["GET"]}}],"collection":[{"href":"https:\/\/www.24baires.com\/index.php?rest_route=\/wp\/v2\/posts"}],"about":[{"href":"https:\/\/www.24baires.com\/index.php?rest_route=\/wp\/v2\/types\/post"}],"author":[{"embeddable":true,"href":"https:\/\/www.24baires.com\/index.php?rest_route=\/wp\/v2\/users\/11"}],"replies":[{"embeddable":true,"href":"https:\/\/www.24baires.com\/index.php?rest_route=%2Fwp%2Fv2%2Fcomments&post=7734"}],"version-history":[{"count":4,"href":"https:\/\/www.24baires.com\/index.php?rest_route=\/wp\/v2\/posts\/7734\/revisions"}],"predecessor-version":[{"id":7744,"href":"https:\/\/www.24baires.com\/index.php?rest_route=\/wp\/v2\/posts\/7734\/revisions\/7744"}],"wp:attachment":[{"href":"https:\/\/www.24baires.com\/index.php?rest_route=%2Fwp%2Fv2%2Fmedia&parent=7734"}],"wp:term":[{"taxonomy":"category","embeddable":true,"href":"https:\/\/www.24baires.com\/index.php?rest_route=%2Fwp%2Fv2%2Fcategories&post=7734"},{"taxonomy":"post_tag","embeddable":true,"href":"https:\/\/www.24baires.com\/index.php?rest_route=%2Fwp%2Fv2%2Ftags&post=7734"}],"curies":[{"name":"wp","href":"https:\/\/api.w.org\/{rel}","templated":true}]}}