{"id":7727,"date":"2012-12-03T16:27:36","date_gmt":"2012-12-03T19:27:36","guid":{"rendered":"http:\/\/www.24baires.com\/?p=7727"},"modified":"2012-12-03T16:27:36","modified_gmt":"2012-12-03T19:27:36","slug":"autonomistas-de-huanguelen-esperan-meter-presion-con-apoyo-de-julian-dominguez","status":"publish","type":"post","link":"https:\/\/www.24baires.com\/?p=7727","title":{"rendered":"Autonomistas de Huanguel\u00e9n esperan \u201cmeter presi\u00f3n\u201d con apoyo de Juli\u00e1n Dom\u00ednguez"},"content":{"rendered":"<p>&nbsp;<\/p>\n<p><img data-recalc-dims=\"1\" loading=\"lazy\" decoding=\"async\" class=\"aligncenter size-full wp-image-7730\" title=\"huanguelen libre 2\" src=\"https:\/\/i0.wp.com\/www.24baires.com\/wp-content\/uploads\/2012\/12\/huanguelen-libre-2.jpg?resize=560%2C315\" alt=\"\" width=\"560\" height=\"315\" srcset=\"https:\/\/i0.wp.com\/www.24baires.com\/wp-content\/uploads\/2012\/12\/huanguelen-libre-2.jpg?w=560&amp;ssl=1 560w, https:\/\/i0.wp.com\/www.24baires.com\/wp-content\/uploads\/2012\/12\/huanguelen-libre-2.jpg?resize=300%2C168&amp;ssl=1 300w\" sizes=\"auto, (max-width: 560px) 100vw, 560px\" \/><\/p>\n<p>Vecinos de esa localidad perteneciente a<strong> Coronel Su\u00e1rez<\/strong> aseguraron que \u201cir\u00e1n a fondo\u201d si antes de fin de a\u00f1o no hay novedades con respecto a sus pedidos de autonom\u00eda. Esperan \u201cmeterle presi\u00f3n\u201d a la legislatura con el apoyo de Juli\u00e1n Dom\u00ednguez.<!--more--><br \/>\nEl pedido de Huanguel\u00e9n tiene sus a\u00f1os, como as\u00ed tambi\u00e9n sus altibajos. La lucha de los vecinos de Lezama, que lograron escindirse de Chascom\u00fas y la intensa lucha de sus pares de Quequ\u00e9n, que desean escindirse de Necochea los hizo resurgir y unirse al reclamo.<\/p>\n<p>Consultado sobre la situaci\u00f3n actual del reclamo, Alfredo S\u00e1nchez, integrante de la Organizaci\u00f3n de J\u00f3venes Autoconvocados por Huanguel\u00e9n, explic\u00f3 a 24 baires la situaci\u00f3n actual del reclamo.<br \/>\nEn ese sentido, el vecino asegur\u00f3 que \u201ctodo sigue en el mismo lugar, no se ha avanzado mucho. Hace unos 20 d\u00edas tuvimos una reuni\u00f3n con la ministra de Gobierno, Cristina \u00c1lvarez Rodr\u00edguez, donde creo que la intenci\u00f3n fue desactivar la movida.<br \/>\nDespu\u00e9s de esa movilizaci\u00f3n con la gente de Quequ\u00e9n (el 26 de noviembre pasado en la Autov\u00eda 2), no tuvimos m\u00e1s contacto con gente del gobierno\u201d, a\u00f1adi\u00f3.<\/p>\n<p>Sobre la demanda, indic\u00f3 que \u201cestamos solicitando que se trate la ley marco, adem\u00e1s de la autonom\u00eda y creaci\u00f3n del nuevo municipio de Huanguel\u00e9n.<br \/>\nNo hemos tenido respuesta de la comisi\u00f3n del senado donde est\u00e1 nuestro proyecto de ley, ni de diputados, donde se encuentra paralizada la ley marco\u201d.<\/p>\n<p>\u201cActualmente, la relaci\u00f3n con el intendente de Coronel Su\u00e1rez (Ricardo) M\u00f3ccero sigue como siempre, vamos a seguir dialogando, pero no le creemos.<br \/>\nSi bien es cierto que esto se va a cocinar en la Legislatura, es importante lo que opinen los intendentes, de la zona, pese a que se niegan a cedernos tierras\u201d. Y agreg\u00f3: \u201ctenemos confianza en que cambien su postura\u201d.<br \/>\nNosotros seguimos pidiendo lo de siempre; los que tienen que rever su opini\u00f3n son ellos. Por ejemplo, nadie conoce el proyecto que M\u00f3ccero dijo que iba a presentar\u201d, prosigui\u00f3.<\/p>\n<p>Por \u00faltimo se refiri\u00f3 a los contactos que vienen manteniendo con el titular de la C\u00e1mara de Diputados de la naci\u00f3n, Juli\u00e1n Dom\u00ednguez: \u201cdespu\u00e9s de la visita y el apoyo p\u00fablico que nos brind\u00f3 el d\u00eda de nuestro aniversario, tuvimos un encuentro con \u00e9l donde nos dijo que va a presentar una proyecto para declarar de inter\u00e9s parlamentario la autonom\u00eda de Huanguel\u00e9n. Creemos que con esto le meter\u00eda un poco de presi\u00f3n a la provincia de Buenos Aires\u201d, concluy\u00f3 S\u00e1nchez.<\/p>\n<p>El pueblo de Huanguel\u00e9n pertenece al partido de Coronel Su\u00e1rez, pero parte de su territorio se encuentra dividido entre Daireaux y Guamin\u00ed. En el a\u00f1o 1952 comenzaron los primeros pedidos autonomistas que, hasta hoy, no encontraron respuesta pese a varias promesas de funcionarios. Los intendentes de la regi\u00f3n ya manifestaron p\u00fablicamente que no van a entregar tierras de sus distritos, en caso de que Huanguel\u00e9n consiga la escisi\u00f3n del distrito de Coronel Su\u00e1rez.<\/p>\n","protected":false},"excerpt":{"rendered":"<p>&nbsp; Vecinos de esa localidad perteneciente a Coronel Su\u00e1rez aseguraron que \u201cir\u00e1n a fondo\u201d si antes de fin de a\u00f1o no hay novedades con respecto a sus pedidos de autonom\u00eda. Esperan \u201cmeterle presi\u00f3n\u201d a la legislatura con el apoyo de Juli\u00e1n Dom\u00ednguez.<\/p>\n","protected":false},"author":11,"featured_media":0,"comment_status":"open","ping_status":"open","sticky":false,"template":"","format":"standard","meta":{"_jetpack_newsletter_access":"","_jetpack_dont_email_post_to_subs":false,"_jetpack_newsletter_tier_id":0,"_jetpack_memberships_contains_paywalled_content":false,"_jetpack_memberships_contains_paid_content":false,"footnotes":""},"categories":[44],"tags":[],"class_list":["post-7727","post","type-post","status-publish","format-standard","hentry","category-municipios"],"jetpack_featured_media_url":"","jetpack_shortlink":"https:\/\/wp.me\/p2JWE0-20D","jetpack-related-posts":[{"id":728,"url":"https:\/\/www.24baires.com\/?p=728","url_meta":{"origin":7727,"position":0},"title":"\u201cLa decisi\u00f3n y la voluntad de su pueblo har\u00e1n realidad la autonom\u00eda de Huanguel\u00e9n\u201d","author":"Grupo Sierra","date":"30\/09\/2012","format":false,"excerpt":"El presidente de la C\u00e1mara de Diputados de la Naci\u00f3n, Juli\u00e1n Dom\u00ednguez, particip\u00f3 esta tarde del acto central por el \u201creclamo de autonom\u00eda\u201d de la comunidad de Huanguel\u00e9n, que tuvo lugar en el marco de los festejos por el centenario de la localidad bonaerense. \u201cLa decisi\u00f3n y la voluntad de\u2026","rel":"","context":"En \u00abLocales\u00bb","block_context":{"text":"Locales","link":"https:\/\/www.24baires.com\/?cat=38"},"img":{"alt_text":"","src":"https:\/\/i0.wp.com\/www.24baires.com\/wp-content\/uploads\/2012\/09\/Dom%C3%ADnguez-Huanguel%C3%A9n.jpg?resize=350%2C200","width":350,"height":200,"srcset":"https:\/\/i0.wp.com\/www.24baires.com\/wp-content\/uploads\/2012\/09\/Dom%C3%ADnguez-Huanguel%C3%A9n.jpg?resize=350%2C200 1x, https:\/\/i0.wp.com\/www.24baires.com\/wp-content\/uploads\/2012\/09\/Dom%C3%ADnguez-Huanguel%C3%A9n.jpg?resize=525%2C300 1.5x"},"classes":[]},{"id":9903,"url":"https:\/\/www.24baires.com\/?p=9903","url_meta":{"origin":7727,"position":1},"title":"Masiva marcha por pedidos de autonom\u00eda a la Legislatura bonaerense","author":"Grupo Sierra","date":"20\/12\/2012","format":false,"excerpt":"LA PLATA- Vecinos de diferentes localidades que piden ser reconocidas como nuevos municipios se movilizaron hasta la C\u00e1mara de Diputados bonaerense para pedir el tratamiento de la Ley Marco para las autonom\u00edas municipales. Exigen ser recibidos por alguna autoridad y amenazan con endurecer las protestas si no son escuchados. Vecinos\u2026","rel":"","context":"En \u00abProvincia\u00bb","block_context":{"text":"Provincia","link":"https:\/\/www.24baires.com\/?cat=40"},"img":{"alt_text":"autonomia dic 2012 1","src":"https:\/\/i0.wp.com\/www.24baires.com\/wp-content\/uploads\/2012\/12\/autonomia-dic-2012-1.jpg?resize=350%2C200","width":350,"height":200,"srcset":"https:\/\/i0.wp.com\/www.24baires.com\/wp-content\/uploads\/2012\/12\/autonomia-dic-2012-1.jpg?resize=350%2C200 1x, https:\/\/i0.wp.com\/www.24baires.com\/wp-content\/uploads\/2012\/12\/autonomia-dic-2012-1.jpg?resize=525%2C300 1.5x"},"classes":[]},{"id":3989,"url":"https:\/\/www.24baires.com\/?p=3989","url_meta":{"origin":7727,"position":2},"title":"Huanguel\u00e9n volver\u00e1 a reclamar su autonom\u00eda con un corte de ruta","author":"AF","date":"31\/10\/2012","format":false,"excerpt":"Har\u00e1n un corte con movilizaci\u00f3n el pr\u00f3ximo domingo 4, en la intersecci\u00f3n de las rutas nacionales 33 y 60. En el \u00faltimo mes, los habitantes intensificaron sus demandas por medio de la organizaci\u00f3n OJAH y la Comisi\u00f3n PRO-Autonom\u00eda de Huanguel\u00e9n en el a\u00f1o de su centenario, aunque el reclamo lleva\u2026","rel":"","context":"En \u00abLocales\u00bb","block_context":{"text":"Locales","link":"https:\/\/www.24baires.com\/?cat=38"},"img":{"alt_text":"","src":"","width":0,"height":0},"classes":[]},{"id":9997,"url":"https:\/\/www.24baires.com\/?p=9997","url_meta":{"origin":7727,"position":3},"title":"Autonomistas vuelven a cortar las rutas para hacer o\u00edr sus reclamos","author":"AF","date":"21\/12\/2012","format":false,"excerpt":"El s\u00e1bado 29 ocupar\u00e1n ruta 2 a la altura de Lezama, en el inicio de la temporada. Seguir\u00e1n todo el verano. Los movimientos autonomistas de la Provincia resolvieron intensificar las protestas y anunciaron que realizar\u00e1n cortes de ruta durante todo el verano. La decisi\u00f3n fue adoptada este jueves luego de\u2026","rel":"","context":"En \u00abSociedad\u00bb","block_context":{"text":"Sociedad","link":"https:\/\/www.24baires.com\/?cat=1"},"img":{"alt_text":"autonomistas quequ\u00e9n","src":"https:\/\/i0.wp.com\/www.24baires.com\/wp-content\/uploads\/2012\/11\/autonomistas-quequ%C3%A9n-300x191.jpg?resize=350%2C200","width":350,"height":200},"classes":[]},{"id":1489,"url":"https:\/\/www.24baires.com\/?p=1489","url_meta":{"origin":7727,"position":4},"title":"Autonomistas de Quequ\u00e9n satisfechos por su reclamo en la Autov\u00eda 2","author":"AF","date":"09\/10\/2012","format":false,"excerpt":"Los autonomistas de Quequ\u00e9n volvieron a publicitar su reclamo para la creaci\u00f3n de un nuevo municipio y los principales receptores del pedido fueron todos los turistas que regresaban ayer de la Costa Atl\u00e1ntica, luego de pasar el fin de semana largo correspondiente al 12 de octubre. El grupo de manifestantes\u2026","rel":"","context":"En \u00abMunicipios\u00bb","block_context":{"text":"Municipios","link":"https:\/\/www.24baires.com\/?cat=44"},"img":{"alt_text":"","src":"https:\/\/i0.wp.com\/www.24baires.com\/wp-content\/uploads\/2012\/10\/autonomistasquequen.jpg?resize=350%2C200","width":350,"height":200},"classes":[]},{"id":6794,"url":"https:\/\/www.24baires.com\/?p=6794","url_meta":{"origin":7727,"position":5},"title":"Demoras en ruta 2 por reclamo de autonomistas","author":"AF","date":"26\/11\/2012","format":false,"excerpt":"A la altura de Mar del Plata, vecinos de Quequ\u00e9n, Huanguel\u00e9n, Santa Clara del Mar, Bat\u00e1n y Otamendi reducen la velocidad de los veh\u00edculos y reparten volantes. Vecinos de las localidades de Quequ\u00e9n, Huanguel\u00e9n, Santa Clara del Mar, Bat\u00e1n, Otamendi, entre otros lugares reclaman sobre la ruta 2 a la\u2026","rel":"","context":"En \u00abMunicipios\u00bb","block_context":{"text":"Municipios","link":"https:\/\/www.24baires.com\/?cat=44"},"img":{"alt_text":"","src":"","width":0,"height":0},"classes":[]}],"jetpack_sharing_enabled":true,"jetpack_likes_enabled":true,"_links":{"self":[{"href":"https:\/\/www.24baires.com\/index.php?rest_route=\/wp\/v2\/posts\/7727","targetHints":{"allow":["GET"]}}],"collection":[{"href":"https:\/\/www.24baires.com\/index.php?rest_route=\/wp\/v2\/posts"}],"about":[{"href":"https:\/\/www.24baires.com\/index.php?rest_route=\/wp\/v2\/types\/post"}],"author":[{"embeddable":true,"href":"https:\/\/www.24baires.com\/index.php?rest_route=\/wp\/v2\/users\/11"}],"replies":[{"embeddable":true,"href":"https:\/\/www.24baires.com\/index.php?rest_route=%2Fwp%2Fv2%2Fcomments&post=7727"}],"version-history":[{"count":3,"href":"https:\/\/www.24baires.com\/index.php?rest_route=\/wp\/v2\/posts\/7727\/revisions"}],"predecessor-version":[{"id":7732,"href":"https:\/\/www.24baires.com\/index.php?rest_route=\/wp\/v2\/posts\/7727\/revisions\/7732"}],"wp:attachment":[{"href":"https:\/\/www.24baires.com\/index.php?rest_route=%2Fwp%2Fv2%2Fmedia&parent=7727"}],"wp:term":[{"taxonomy":"category","embeddable":true,"href":"https:\/\/www.24baires.com\/index.php?rest_route=%2Fwp%2Fv2%2Fcategories&post=7727"},{"taxonomy":"post_tag","embeddable":true,"href":"https:\/\/www.24baires.com\/index.php?rest_route=%2Fwp%2Fv2%2Ftags&post=7727"}],"curies":[{"name":"wp","href":"https:\/\/api.w.org\/{rel}","templated":true}]}}