{"id":77267,"date":"2016-01-06T21:00:29","date_gmt":"2016-01-07T00:00:29","guid":{"rendered":"http:\/\/www.24baires.com\/?p=77267"},"modified":"2016-01-06T20:56:03","modified_gmt":"2016-01-06T23:56:03","slug":"jose-c-paz-destrozos-en-una-radio-comunitaria-y-golpean-a-serenos","status":"publish","type":"post","link":"https:\/\/www.24baires.com\/?p=77267","title":{"rendered":"Jos\u00e9 C. Paz: Destrozos en una radio comunitaria y golpean a serenos"},"content":{"rendered":"<p><img data-recalc-dims=\"1\" loading=\"lazy\" decoding=\"async\" class=\"alignleft size-medium wp-image-77268\" src=\"https:\/\/i0.wp.com\/www.24baires.com\/wp-content\/uploads\/2016\/01\/radio-jose-c-paz.jpg?resize=300%2C186\" alt=\"radio jose c paz\" width=\"300\" height=\"186\" srcset=\"https:\/\/i0.wp.com\/www.24baires.com\/wp-content\/uploads\/2016\/01\/radio-jose-c-paz.jpg?resize=300%2C186&amp;ssl=1 300w, https:\/\/i0.wp.com\/www.24baires.com\/wp-content\/uploads\/2016\/01\/radio-jose-c-paz.jpg?w=496&amp;ssl=1 496w\" sizes=\"auto, (max-width: 300px) 100vw, 300px\" \/>A veces dar informaci\u00f3n policiales nos mucha bronca e impotencia, porque la inseguridad es muy alta, negarla es de necios, pero en este caso, le ocurre a una radio del barrio, y enciman golpean a dos vecinos.<!--more--><\/p>\n<p>\u201cEl 1\u00ba de enero de 2016 en pleno comienzo del a\u00f1o los que participamos de un espacio libre y comunitario. Los vecinos, j\u00f3venes, adolescentes y ni\u00f1os nos encontramos con una lamentable noticia, a las 9:00 hs aproximadamente entraron de forma violenta, armados reduciendo a los golpes al cuidador y un vecino que fundo el club solidario y comunitario. Este esta ubicado en la esquina Dinamarca y Warner del barrio sol y verde partido de Jos\u00e9 C. Paz\u201d.<\/p>\n<p>\u201cEn el lugar funciona la radio escuela comunitaria fm 89.5 Mhz, la murga los retobados de sol y verde, un merendero autogestivo, como la construcci\u00f3n para terminar el techo de un sal\u00f3n multi uso, ademas de que durante todos los d\u00edas juegan a la pelota distintos vecinos limpiando y sosteniendo el deporte solidario\u201d.<\/p>\n<p>\u201cEste hecho dejo sin funcionamiento la radio del barrio, los destrozos ocasionado de algunos elementos que se usaban para la transmisi\u00f3n y el aprendizaje de la difusi\u00f3n comunitaria . Vale destacar que el lugar ya hab\u00eda sufrido otros robos pero nunca tan violento, llegando a golpear salvaje mente al vecinos y maniatarlos para darse a la fuga\u201d.<\/p>\n<p>\u201cAnte este hecho la organizaci\u00f3n comunitaria de los vecinos y la murga van a realizar un corso autogestivo el s\u00e1bado 16 de enero a la tarde, con distintos juegos recreativos en la calle y un abrazo al espacio donde se realizara un mural para rescatar los valores y c\u00f3digos de los barrios\u201d.<\/p>\n<p>&nbsp;<\/p>\n<p>&nbsp;<\/p>\n<p>&nbsp;<\/p>\n<p>&nbsp;<\/p>\n<p>&nbsp;<\/p>\n<p>&nbsp;<\/p>\n<p>&nbsp;<\/p>\n<p>&nbsp;<\/p>\n<p>&nbsp;<\/p>\n<p>&nbsp;<\/p>\n<p>&nbsp;<\/p>\n<p>&nbsp;<\/p>\n<p>&nbsp;<\/p>\n<p>&nbsp;<\/p>\n","protected":false},"excerpt":{"rendered":"<p>A veces dar informaci\u00f3n policiales nos mucha bronca e impotencia, porque la inseguridad es muy alta, negarla es de necios, pero en este caso, le ocurre a una radio del barrio, y enciman golpean a dos vecinos.<\/p>\n","protected":false},"author":8,"featured_media":0,"comment_status":"open","ping_status":"open","sticky":false,"template":"","format":"standard","meta":{"_jetpack_newsletter_access":"","_jetpack_dont_email_post_to_subs":false,"_jetpack_newsletter_tier_id":0,"_jetpack_memberships_contains_paywalled_content":false,"_jetpack_memberships_contains_paid_content":false,"footnotes":""},"categories":[54],"tags":[],"class_list":["post-77267","post","type-post","status-publish","format-standard","hentry","category-medios"],"jetpack_featured_media_url":"","jetpack_shortlink":"https:\/\/wp.me\/p2JWE0-k6f","jetpack-related-posts":[{"id":82185,"url":"https:\/\/www.24baires.com\/?p=82185","url_meta":{"origin":77267,"position":0},"title":"Radio comunitaria deja de transmitir de noche por el tarifazo","author":"GB","date":"02\/05\/2016","format":false,"excerpt":"Una de las emisoras alternativas m\u00e1s importantes del Conurbano Bonaerense anunci\u00f3 que apagar\u00e1 su transmisor entre las 00 y las 06 hs debido \"a la imposibilidad de afrontar los aumentos en las tarifas de electricidad, golpe que se suma a la cancelaci\u00f3n de pautas municipales y congelamiento de los programas\u2026","rel":"","context":"En \u00abSociedad\u00bb","block_context":{"text":"Sociedad","link":"https:\/\/www.24baires.com\/?cat=1"},"img":{"alt_text":"","src":"","width":0,"height":0},"classes":[]},{"id":11901,"url":"https:\/\/www.24baires.com\/?p=11901","url_meta":{"origin":77267,"position":1},"title":"Inauguran Centro Integrador Comunitario en Almirante Brown","author":"AF","date":"12\/01\/2013","format":false,"excerpt":"La presidente Cristina Fern\u00e1ndez y el intendente Dar\u00edo Giustozzi inauguraron oficialmente por teleconferencia las instalaciones del Centro Integrador Comunitario (CIC) del barrio Don Orione que brinda sus servicios a vecinos del municipio de Almirante Brown. A trav\u00e9s de Teleconfererncia, la presidenta de la naci\u00f3n Cristina Fern\u00e1ndez y el intendente de\u2026","rel":"","context":"En \u00abLocales\u00bb","block_context":{"text":"Locales","link":"https:\/\/www.24baires.com\/?cat=38"},"img":{"alt_text":"cic alm brown","src":"https:\/\/i0.wp.com\/www.24baires.com\/wp-content\/uploads\/2013\/01\/cic-al-mbrown-300x201.jpg?resize=350%2C200","width":350,"height":200},"classes":[]},{"id":101036,"url":"https:\/\/www.24baires.com\/?p=101036","url_meta":{"origin":77267,"position":2},"title":"La Plata: juntan firmas para frenar aumento de estacionamiento medido","author":"AF","date":"13\/03\/2018","format":false,"excerpt":"Un grupo de vecinos de La Plata junta firmas para presentar un amparo contra el aumento de un 150% del precio del estacionamiento medido en aquella ciudad, medida que empez\u00f3 a regir este mes, y por la que el costo por hora alcanz\u00f3 los 15 pesos en horario pico. \"La\u2026","rel":"","context":"En \u00abLocales\u00bb","block_context":{"text":"Locales","link":"https:\/\/www.24baires.com\/?cat=38"},"img":{"alt_text":"","src":"https:\/\/i0.wp.com\/www.24baires.com\/wp-content\/uploads\/2014\/07\/Municipalidad_de_La_Plata.jpg?resize=350%2C200","width":350,"height":200,"srcset":"https:\/\/i0.wp.com\/www.24baires.com\/wp-content\/uploads\/2014\/07\/Municipalidad_de_La_Plata.jpg?resize=350%2C200 1x, https:\/\/i0.wp.com\/www.24baires.com\/wp-content\/uploads\/2014\/07\/Municipalidad_de_La_Plata.jpg?resize=525%2C300 1.5x"},"classes":[]},{"id":61487,"url":"https:\/\/www.24baires.com\/?p=61487","url_meta":{"origin":77267,"position":3},"title":"\u00abAc\u00e1 en Tigre todo queda impune\u00bb","author":"GB","date":"09\/02\/2015","format":false,"excerpt":"Vecinos de Tigre marcharon en reclamo de justicia y seguridad a ra\u00edz de la joven que apareci\u00f3 muerta el \u00faltimo jueves en una zanja. La v\u00edctima todav\u00eda no fue identificada por la polic\u00eda. \"No puede ser que las chicas mueren y desaparecen y nadie hace nada\", denunciaban ante los innumerables\u2026","rel":"","context":"En \u00abPoliciales\u00bb","block_context":{"text":"Policiales","link":"https:\/\/www.24baires.com\/?cat=49"},"img":{"alt_text":"impudidad en tigre","src":"https:\/\/i0.wp.com\/www.24baires.com\/wp-content\/uploads\/2015\/02\/impudidad-en-tigre.jpg?resize=350%2C200","width":350,"height":200,"srcset":"https:\/\/i0.wp.com\/www.24baires.com\/wp-content\/uploads\/2015\/02\/impudidad-en-tigre.jpg?resize=350%2C200 1x, https:\/\/i0.wp.com\/www.24baires.com\/wp-content\/uploads\/2015\/02\/impudidad-en-tigre.jpg?resize=525%2C300 1.5x"},"classes":[]},{"id":115188,"url":"https:\/\/www.24baires.com\/?p=115188","url_meta":{"origin":77267,"position":4},"title":"Chivilcoy extiende el horario comercial","author":"GB","date":"01\/06\/2020","format":false,"excerpt":"Por no contar con casos positivos, el Intendente Guillermo Britos habilit\u00f3 la reapertura comercial y las salidas recreativas. Sin embargo, el jefe comunal advirti\u00f3 que \u201ctodo depender\u00e1 de la responsabilidad de los vecinos\u201d. Luego de una reuni\u00f3n entre el municipio de Chivilcoy con el Comit\u00e9 de Crisis, y dado el\u2026","rel":"","context":"En \u00abMunicipios\u00bb","block_context":{"text":"Municipios","link":"https:\/\/www.24baires.com\/?cat=44"},"img":{"alt_text":"","src":"https:\/\/i0.wp.com\/www.24baires.com\/wp-content\/uploads\/2020\/06\/int.-chivilcoy.jpg?resize=350%2C200","width":350,"height":200,"srcset":"https:\/\/i0.wp.com\/www.24baires.com\/wp-content\/uploads\/2020\/06\/int.-chivilcoy.jpg?resize=350%2C200 1x, https:\/\/i0.wp.com\/www.24baires.com\/wp-content\/uploads\/2020\/06\/int.-chivilcoy.jpg?resize=525%2C300 1.5x"},"classes":[]},{"id":46818,"url":"https:\/\/www.24baires.com\/?p=46818","url_meta":{"origin":77267,"position":5},"title":"San Vicente inaugur\u00f3 su CPC","author":"AF","date":"27\/05\/2014","format":false,"excerpt":"Junto al intendente Daniel Di Sabatino, el ministro de Seguridad Alejandro Granados, inaugur\u00f3 el Comando de Patrullas Comunitarias (CPC) en el distrito de San Vicente. En ese marco, Granados subray\u00f3 que \u201cla prioridad uno es la seguridad de los vecinos\u201d y reafirm\u00f3 que \u201cla Polic\u00eda tiene que estar al lado\u2026","rel":"","context":"En \u00abLocales\u00bb","block_context":{"text":"Locales","link":"https:\/\/www.24baires.com\/?cat=38"},"img":{"alt_text":"cpc san vicente","src":"https:\/\/i0.wp.com\/www.24baires.com\/wp-content\/uploads\/2014\/05\/cpc-san-vicente-300x199.jpg?resize=350%2C200","width":350,"height":200},"classes":[]}],"jetpack_sharing_enabled":true,"jetpack_likes_enabled":true,"_links":{"self":[{"href":"https:\/\/www.24baires.com\/index.php?rest_route=\/wp\/v2\/posts\/77267","targetHints":{"allow":["GET"]}}],"collection":[{"href":"https:\/\/www.24baires.com\/index.php?rest_route=\/wp\/v2\/posts"}],"about":[{"href":"https:\/\/www.24baires.com\/index.php?rest_route=\/wp\/v2\/types\/post"}],"author":[{"embeddable":true,"href":"https:\/\/www.24baires.com\/index.php?rest_route=\/wp\/v2\/users\/8"}],"replies":[{"embeddable":true,"href":"https:\/\/www.24baires.com\/index.php?rest_route=%2Fwp%2Fv2%2Fcomments&post=77267"}],"version-history":[{"count":1,"href":"https:\/\/www.24baires.com\/index.php?rest_route=\/wp\/v2\/posts\/77267\/revisions"}],"predecessor-version":[{"id":77269,"href":"https:\/\/www.24baires.com\/index.php?rest_route=\/wp\/v2\/posts\/77267\/revisions\/77269"}],"wp:attachment":[{"href":"https:\/\/www.24baires.com\/index.php?rest_route=%2Fwp%2Fv2%2Fmedia&parent=77267"}],"wp:term":[{"taxonomy":"category","embeddable":true,"href":"https:\/\/www.24baires.com\/index.php?rest_route=%2Fwp%2Fv2%2Fcategories&post=77267"},{"taxonomy":"post_tag","embeddable":true,"href":"https:\/\/www.24baires.com\/index.php?rest_route=%2Fwp%2Fv2%2Ftags&post=77267"}],"curies":[{"name":"wp","href":"https:\/\/api.w.org\/{rel}","templated":true}]}}