{"id":7722,"date":"2012-12-03T20:30:24","date_gmt":"2012-12-03T23:30:24","guid":{"rendered":"http:\/\/www.24baires.com\/?p=7722"},"modified":"2012-12-04T13:09:41","modified_gmt":"2012-12-04T16:09:41","slug":"7d-el-ultimo-plazo-para-adecuarse-es-a-la-medianoche-del-viernes","status":"publish","type":"post","link":"https:\/\/www.24baires.com\/?p=7722","title":{"rendered":"7D: El \u00faltimo plazo para adecuarse es a la medianoche del viernes"},"content":{"rendered":"<div class=\"alignleft\"><object width=\"280\" height=\"210\" classid=\"clsid:d27cdb6e-ae6d-11cf-96b8-444553540000\" codebase=\"http:\/\/download.macromedia.com\/pub\/shockwave\/cabs\/flash\/swflash.cab#version=6,0,40,0\"><param name=\"allowFullScreen\" value=\"true\" \/><param name=\"allowscriptaccess\" value=\"always\" \/><param name=\"src\" value=\"http:\/\/www.youtube.com\/v\/zRICn2WcnfM?version=3&amp;hl=es_ES;rel=0;showinfo=0;controls=0\" \/><param name=\"allowfullscreen\" value=\"true\" \/><\/object><\/div>\n<p>El titular de la Afsca precis\u00f3 que presentaron su adecuaci\u00f3n a la ley de medios \u00ab14 grupos de los 21 que ten\u00edan que hacerlo\u00bb y reafirm\u00f3 que \u00abla fecha l\u00edmite\u00bb para \u00absigue siendo el 7 de diciembre\u00bb.\u00a0<!--more--><\/p>\n<p>&nbsp;<\/p>\n<p>&nbsp;<\/p>\n<p>\u00abEsperamos que en estos d\u00edas se complete y estamos convencidos de que en estos d\u00edas completaremos los grupos, m\u00e1s all\u00e1 de que hay un grupo que ha expresado la voluntad de no hacerlo\u00bb, dijo Mart\u00edn Sabbatella en referencia al Grupo Clar\u00edn en una conferencia de prensa, donde detalla los planes de adecuaci\u00f3n a la ley que presentaron medios de comunicaci\u00f3n.<\/p>\n<p>Aclar\u00f3 que los planes de adecuaci\u00f3n a la Ley de Medios presentados por los grupos de medios \u00abdeben ser aprobados\u00bb por el directorio del organismo.<\/p>\n<p>En ese sentido, precis\u00f3 que la presentaci\u00f3n de los planes \u00abno significa que la Autoridad Federal de Servicios de Comunicaci\u00f3n Audiovisual considera que se adec\u00faan a la ley sino que se trata de la propuesta de adecuaci\u00f3n que hace el grupo, que est\u00e1 sujeto a la aprobaci\u00f3n del directorio\u00bb del organismo.<\/p>\n<p>Al explicar las formas de adecuaci\u00f3n a la ley, Sabbatella explic\u00f3 que para los grupos que se presentaron a la adecuaci\u00f3n voluntaria \u00abla AFSCA tendr\u00e1 120 d\u00edas para estudiar cada una de la propuestas y en ellos estar\u00e1n los 10 d\u00edas para que la empresa responda si hay objeciones y luego de eso se abren los 180 d\u00edas m\u00e1ximos para la ejecuci\u00f3n\u00bb.<\/p>\n<p>En ese marco, dej\u00f3 en claro que la AFSCA aguardar\u00e1 \u00abhasta el 7 de diciembre a la medianoche\u00bb las presentaciones de los grupos que deben adecuarse a lo establecido por el art\u00edculo 161 de la Ley de Servicios de Comunicaci\u00f3n Audiovisual.<\/p>\n<p>\u00abEstaremos esperando hasta las 24 del 7 de diciembre que vengan todos los grupos que consideren que tienen que adecuarse. Esto es lo que la democracia y el pa\u00eds necesita\u00bb, asever\u00f3.<\/p>\n<p>Reafirm\u00f3 que \u00abla ley es para todos, pareja para todos\u00bb y que \u00abtodos tienen que estar dentro de la ley, y nadie puede creer que puede tener coronita o estar por encima\u00bb de la norma.<\/p>\n<p>En otro tramo de su exposici\u00f3n, Sabbatella sostuvo que la norma \u00abes absolutamente constitucional\u00bb y consider\u00f3 que \u00absi se deneg\u00f3 justicia a alguien es a la sociedad argentina que no pudo tener la ley de la democracia que le da nuevas expresiones a todos\u00bb.<\/p>\n<p>En tanto, al responder a lo publicado por Clar\u00edn y La Naci\u00f3n, Sabbatella sostuvo que \u00abes importante aclarar que en el Estado argentino fuimos y seremos absolutamente respetuosos de lo que la justicia determine\u00bb.<\/p>\n<p>\u00abNos parece muy bien que la Corte haya instado al juez de primer instancia a que resuelva la cuesti\u00f3n de fondo. No desafiamos a la Corte y a la justicia, nada m\u00e1s lejos que eso\u00bb, sostuvo.<\/p>\n<p>\u00abQueremos hacer un proceso de aplicaci\u00f3n de la ley absolutamente en el marco de las instituciones de la democracia para cumplir con una ley de la democracia que viene a democratizar la palabra y garantizar que todos puedan expresarse. Lo queremos hacer en el marco del cumplimiento de la ley y en el marco de una absoluta paz\u00bb, sostuvo Sabbatella.<\/p>\n<p>&nbsp;<\/p>\n<p>&nbsp;<\/p>\n<p>&nbsp;<\/p>\n<p>&nbsp;<\/p>\n<p>&nbsp;<\/p>\n<p>&nbsp;<\/p>\n<p>&nbsp;<\/p>\n<p>&nbsp;<\/p>\n<p>&nbsp;<\/p>\n<p>&nbsp;<\/p>\n<p>&nbsp;<\/p>\n<p>&nbsp;<\/p>\n<p>&nbsp;<\/p>\n","protected":false},"excerpt":{"rendered":"<p>El titular de la Afsca precis\u00f3 que presentaron su adecuaci\u00f3n a la ley de medios \u00ab14 grupos de los 21 que ten\u00edan que hacerlo\u00bb y reafirm\u00f3 que \u00abla fecha l\u00edmite\u00bb para \u00absigue siendo el 7 de diciembre\u00bb.\u00a0<\/p>\n","protected":false},"author":11,"featured_media":0,"comment_status":"open","ping_status":"open","sticky":false,"template":"","format":"standard","meta":{"_jetpack_newsletter_access":"","_jetpack_dont_email_post_to_subs":false,"_jetpack_newsletter_tier_id":0,"_jetpack_memberships_contains_paywalled_content":false,"_jetpack_memberships_contains_paid_content":false,"footnotes":""},"categories":[54],"tags":[],"class_list":["post-7722","post","type-post","status-publish","format-standard","hentry","category-medios"],"jetpack_featured_media_url":"","jetpack_shortlink":"https:\/\/wp.me\/p2JWE0-20y","jetpack-related-posts":[{"id":4218,"url":"https:\/\/www.24baires.com\/?p=4218","url_meta":{"origin":7722,"position":0},"title":"El Intendente de Lan\u00fas le pide a los vecinos que se movilicen por la Ley de Medios","author":"Grupo Sierra","date":"02\/11\/2012","format":false,"excerpt":"El intendente Dar\u00edo\u00a0D\u00edaz Perez\u00a0plante\u00f3 hoy la necesidad de consolidar \u201cun proceso in\u00e9dito en la Argentina\" de cara al pr\u00f3ximo 7 de diciembre, cuando vence la medida cautelar que \u201cevita el cumplimiento completo\u201d de la Ley de Servicios de Comunicaci\u00f3n Audiovisual. \u201cLa Presidenta (Cristina Fern\u00e1ndez de Kirchner) necesita de cada uno\u2026","rel":"","context":"En \u00abMedios\u00bb","block_context":{"text":"Medios","link":"https:\/\/www.24baires.com\/?cat=54"},"img":{"alt_text":"","src":"","width":0,"height":0},"classes":[]},{"id":39640,"url":"https:\/\/www.24baires.com\/?p=39640","url_meta":{"origin":7722,"position":1},"title":"El tren vuelve a Jun\u00edn pero con recorte de d\u00edas","author":"Grupo Sierra","date":"01\/02\/2014","format":false,"excerpt":"La empresa Ferrobaires comunic\u00f3 que el transporte retornar\u00e1 despu\u00e9s de dos meses de estar parado, aunque ser\u00e1 sometido a un fuerte cambio en d\u00edas y horarios en comparaci\u00f3n con su actividad habitual. El tren de pasajeros volver\u00e1 a unir las estaciones de Jun\u00edn y Retiro a partir de este lunes.\u2026","rel":"","context":"En \u00abLocales\u00bb","block_context":{"text":"Locales","link":"https:\/\/www.24baires.com\/?cat=38"},"img":{"alt_text":"tren provincia","src":"https:\/\/i0.wp.com\/www.24baires.com\/wp-content\/uploads\/2013\/09\/tren-provincia.jpg?resize=350%2C200","width":350,"height":200},"classes":[]},{"id":2271,"url":"https:\/\/www.24baires.com\/?p=2271","url_meta":{"origin":7722,"position":2},"title":"Scioli y Espinoza recorrieron una \u00abmega obra hidr\u00e1ulica\u00bb en La Matanza","author":"Grupo Sierra","date":"15\/10\/2012","format":false,"excerpt":"El Gobernador de la provincia de Buenos Aires, Daniel Scioli, recorri\u00f3 junto al intendente de La Matanza, Fernando Espinoza, los trabajos de la obra hidr\u00e1ulica del Arroyo Finochietto Apipe. Espinoza aprovech\u00f3 la presencia de los medios para hablar sobre la Ley de Servicios de\u00a0Comunicaci\u00f3n\u00a0Audiovisual.\u00a0 Al recorrer la obra, que tiene\u2026","rel":"","context":"En \u00abLocales\u00bb","block_context":{"text":"Locales","link":"https:\/\/www.24baires.com\/?cat=38"},"img":{"alt_text":"","src":"https:\/\/i0.wp.com\/www.24baires.com\/wp-content\/uploads\/2012\/10\/Scioli-Espinoza41.jpg?resize=350%2C200","width":350,"height":200,"srcset":"https:\/\/i0.wp.com\/www.24baires.com\/wp-content\/uploads\/2012\/10\/Scioli-Espinoza41.jpg?resize=350%2C200 1x, https:\/\/i0.wp.com\/www.24baires.com\/wp-content\/uploads\/2012\/10\/Scioli-Espinoza41.jpg?resize=525%2C300 1.5x"},"classes":[]},{"id":9128,"url":"https:\/\/www.24baires.com\/?p=9128","url_meta":{"origin":7722,"position":3},"title":"Fin del Monopolio: El juez Alfonso declar\u00f3 la constitucionalidad de la Ley de Medios","author":"Grupo Sierra","date":"14\/12\/2012","format":false,"excerpt":"El magistrado del fuero Civil y Comercial desestim\u00f3 el planteo del Grupo Clar\u00edn en cuanto a la cuesti\u00f3n de fondo y declar\u00f3 la constitucionalidad de todos los art\u00edculos objetados por el monopolio. Orden\u00f3 el inmediato levantamiento de la cautelar que frena la plena aplicaci\u00f3n de la Ley de Servicios de\u2026","rel":"","context":"En \u00abMedios\u00bb","block_context":{"text":"Medios","link":"https:\/\/www.24baires.com\/?cat=54"},"img":{"alt_text":"","src":"","width":0,"height":0},"classes":[]},{"id":40584,"url":"https:\/\/www.24baires.com\/?p=40584","url_meta":{"origin":7722,"position":4},"title":"\u00abSe terminaron los privilegios para el gigante de los medios\u00bb, afirm\u00f3 Sabbatella","author":"GB","date":"17\/02\/2014","format":false,"excerpt":"El titular de la Autoridad Federal de Servicios de Comunicaci\u00f3n Audiovisual (Afsca), Mart\u00edn Sabbatella, se refiri\u00f3 as\u00ed a la aprobaci\u00f3n del plan que hiciera el Grupo Clar\u00edn para adecuarse a la ley de medios. \"Es el inicio del fin de las posiciones hegem\u00f3nicas en el mercado de la comunicaci\u00f3n que\u2026","rel":"","context":"En \u00abMedios\u00bb","block_context":{"text":"Medios","link":"https:\/\/www.24baires.com\/?cat=54"},"img":{"alt_text":"","src":"","width":0,"height":0},"classes":[]},{"id":37386,"url":"https:\/\/www.24baires.com\/?p=37386","url_meta":{"origin":7722,"position":5},"title":"Villa Gesell colmada de turistas","author":"Grupo Sierra","date":"24\/12\/2013","format":false,"excerpt":"El secretario de Turismo local, Walter Fonte, asegur\u00f3 que \u201clas plazas est\u00e1n casi completas\u201d y se refiri\u00f3 a la nueva modalidad tur\u00edstica de salir de vacaciones por cinco d\u00edas. El secretario de Turismo de Villa Gesell, Walter Fonte, destac\u00f3 el movimiento tur\u00edstico para las Fiestas de Navidad y Fin de\u2026","rel":"","context":"En \u00abLocales\u00bb","block_context":{"text":"Locales","link":"https:\/\/www.24baires.com\/?cat=38"},"img":{"alt_text":"","src":"","width":0,"height":0},"classes":[]}],"jetpack_sharing_enabled":true,"jetpack_likes_enabled":true,"_links":{"self":[{"href":"https:\/\/www.24baires.com\/index.php?rest_route=\/wp\/v2\/posts\/7722","targetHints":{"allow":["GET"]}}],"collection":[{"href":"https:\/\/www.24baires.com\/index.php?rest_route=\/wp\/v2\/posts"}],"about":[{"href":"https:\/\/www.24baires.com\/index.php?rest_route=\/wp\/v2\/types\/post"}],"author":[{"embeddable":true,"href":"https:\/\/www.24baires.com\/index.php?rest_route=\/wp\/v2\/users\/11"}],"replies":[{"embeddable":true,"href":"https:\/\/www.24baires.com\/index.php?rest_route=%2Fwp%2Fv2%2Fcomments&post=7722"}],"version-history":[{"count":3,"href":"https:\/\/www.24baires.com\/index.php?rest_route=\/wp\/v2\/posts\/7722\/revisions"}],"predecessor-version":[{"id":7847,"href":"https:\/\/www.24baires.com\/index.php?rest_route=\/wp\/v2\/posts\/7722\/revisions\/7847"}],"wp:attachment":[{"href":"https:\/\/www.24baires.com\/index.php?rest_route=%2Fwp%2Fv2%2Fmedia&parent=7722"}],"wp:term":[{"taxonomy":"category","embeddable":true,"href":"https:\/\/www.24baires.com\/index.php?rest_route=%2Fwp%2Fv2%2Fcategories&post=7722"},{"taxonomy":"post_tag","embeddable":true,"href":"https:\/\/www.24baires.com\/index.php?rest_route=%2Fwp%2Fv2%2Ftags&post=7722"}],"curies":[{"name":"wp","href":"https:\/\/api.w.org\/{rel}","templated":true}]}}