{"id":7719,"date":"2012-12-03T15:22:25","date_gmt":"2012-12-03T18:22:25","guid":{"rendered":"http:\/\/www.24baires.com\/?p=7719"},"modified":"2012-12-03T15:22:25","modified_gmt":"2012-12-03T18:22:25","slug":"la-justicia-ordeno-que-no-se-descuenten-a-docentes-los-dias-de-paro","status":"publish","type":"post","link":"https:\/\/www.24baires.com\/?p=7719","title":{"rendered":"La Justicia orden\u00f3 que no se descuenten a docentes los d\u00edas de paro"},"content":{"rendered":"<p>La medida alcanza a los docentes bonaerenses que se sumaron a las jornadas de paro durante octubre y noviembre, aseguraron desde SUTEBA.<!--more--><br \/>\nLa Justicia bonaerense resolvi\u00f3 este lunes que la Provincia no podr\u00e1 realizar los descuentos a los docentes que se sumaron a distintas jornadas de paro durante los meses de octubre y noviembre.<\/p>\n<p>Con esta medida la Justicia dio lugar a la presentaci\u00f3n que realiz\u00f3 SUTEBA para evitar los descuentos por los paros llevados a cabo los d\u00edas 23 y 24 de octubre y 22 y 23 de noviembre.<\/p>\n<p>Dicha presentaci\u00f3n fue hecha la semana pasada en el Juzgado Contencioso Administrativo N\u00ba1 de La Plata a cargo del Dr. Luis Arias.<\/p>\n<p>\u00abEsto demuestra que los docentes ten\u00edamos raz\u00f3n, la Provinica deber\u00e1 dar reclamos a los trabajadores\u00bb, expresaron desde SUTEBA<\/p>\n","protected":false},"excerpt":{"rendered":"<p>La medida alcanza a los docentes bonaerenses que se sumaron a las jornadas de paro durante octubre y noviembre, aseguraron desde SUTEBA.<\/p>\n","protected":false},"author":4,"featured_media":0,"comment_status":"open","ping_status":"open","sticky":false,"template":"","format":"standard","meta":{"_jetpack_newsletter_access":"","_jetpack_dont_email_post_to_subs":false,"_jetpack_newsletter_tier_id":0,"_jetpack_memberships_contains_paywalled_content":false,"_jetpack_memberships_contains_paid_content":false,"footnotes":""},"categories":[1],"tags":[],"class_list":["post-7719","post","type-post","status-publish","format-standard","hentry","category-sociedad"],"jetpack_featured_media_url":"","jetpack_shortlink":"https:\/\/wp.me\/p2JWE0-20v","jetpack-related-posts":[{"id":101399,"url":"https:\/\/www.24baires.com\/?p=101399","url_meta":{"origin":7719,"position":0},"title":"Docentes van a la Justicia para evitar descuentos por paros","author":"AF","date":"03\/04\/2018","format":false,"excerpt":"Los gremios de maestros mayoritarios bonaerenses, Suteba y FEB, presentaron una medida cautelar ante el juzgado de trabajo Nro. 4 de La Plata con el fin de que el Gobierno provincial \"se abstenga de realizar ning\u00fan descuento sobre los haberes de los docentes\" por los d\u00edas 5 y 6 de\u2026","rel":"","context":"En \u00abSociedad\u00bb","block_context":{"text":"Sociedad","link":"https:\/\/www.24baires.com\/?cat=1"},"img":{"alt_text":"","src":"https:\/\/i0.wp.com\/www.24baires.com\/wp-content\/uploads\/2017\/03\/marcha-federal-docente.jpg?resize=350%2C200","width":350,"height":200,"srcset":"https:\/\/i0.wp.com\/www.24baires.com\/wp-content\/uploads\/2017\/03\/marcha-federal-docente.jpg?resize=350%2C200 1x, https:\/\/i0.wp.com\/www.24baires.com\/wp-content\/uploads\/2017\/03\/marcha-federal-docente.jpg?resize=525%2C300 1.5x"},"classes":[]},{"id":10687,"url":"https:\/\/www.24baires.com\/?p=10687","url_meta":{"origin":7719,"position":1},"title":"La Justicia ahora volvi\u00f3 a restituirles los d\u00edas descontados a los docentes por Scioli","author":"Grupo Sierra","date":"28\/12\/2012","format":false,"excerpt":"LA PLATA - La Justicia bonaerense dict\u00f3 este viernes una nueva medida cautelar por la cual ordena al gobierno bonaerense la inmediata restituci\u00f3n de los haberes descontados de manera irregular e indiscriminada a los docentes sindicalizados y aquellos que se encontraban de licencia o no ten\u00edan horas los d\u00edas en\u2026","rel":"","context":"En \u00abProvincia\u00bb","block_context":{"text":"Provincia","link":"https:\/\/www.24baires.com\/?cat=40"},"img":{"alt_text":"","src":"","width":0,"height":0},"classes":[]},{"id":15490,"url":"https:\/\/www.24baires.com\/?p=15490","url_meta":{"origin":7719,"position":2},"title":"Una C\u00e1mara de La Plata aval\u00f3 el descuento de Scioli a los docentes por las huelgas","author":"Grupo Sierra","date":"12\/02\/2013","format":false,"excerpt":"La C\u00e1mara de Apelaciones en lo Contencioso Administrativo de La Plata rechaz\u00f3 el planteo realizado por los gremios de docentes bonaerenses para que el gobierno devuelva los descuentos salariales de octubre y noviembre del a\u00f1o pasado por los paros realizados. La resoluci\u00f3n afectar\u00eda el derecho a huelga.\u00a0 La resoluci\u00f3n judicial\u2026","rel":"","context":"En \u00abProvincia\u00bb","block_context":{"text":"Provincia","link":"https:\/\/www.24baires.com\/?cat=40"},"img":{"alt_text":"","src":"","width":0,"height":0},"classes":[]},{"id":7836,"url":"https:\/\/www.24baires.com\/?p=7836","url_meta":{"origin":7719,"position":3},"title":"De Luc\u00eda ratific\u00f3 que apelar\u00e1n al fallo que establece no descontar los d\u00edas de paro","author":"AF","date":"04\/12\/2012","format":false,"excerpt":"El gobierno bonaerense apelar\u00e1 el fallo que proh\u00edbe descontar d\u00edas de paro a docentes, seg\u00fan confirm\u00f3 este martes la directora general de Cultura y Educaci\u00f3n, Nora de Luc\u00eda. \"Tenemos la obligaci\u00f3n de descontar porque hay una resoluci\u00f3n del a\u00f1o 2009 que dice que, si bien reconocemos el derecho a huelga,\u2026","rel":"","context":"En \u00abSociedad\u00bb","block_context":{"text":"Sociedad","link":"https:\/\/www.24baires.com\/?cat=1"},"img":{"alt_text":"","src":"","width":0,"height":0},"classes":[]},{"id":84582,"url":"https:\/\/www.24baires.com\/?p=84582","url_meta":{"origin":7719,"position":4},"title":"Notifican a docentes y estatales de descuentos por los d\u00edas de paro","author":"AF","date":"05\/07\/2016","format":false,"excerpt":"El Gobierno bonaerense notific\u00f3 formalmente a gremios docentes y estatales de la aplicaci\u00f3n de descuentos salariales por los d\u00edas de paro realizados desde febrero a la fecha mientras los sindicatos dispusieron nuevas medidas de fuerza para este jueves, cuando se reabra la Comisi\u00f3n T\u00e9cnica Salarial con los maestros, y adelantaron\u2026","rel":"","context":"En \u00abSociedad\u00bb","block_context":{"text":"Sociedad","link":"https:\/\/www.24baires.com\/?cat=1"},"img":{"alt_text":"paro docente","src":"https:\/\/i0.wp.com\/www.24baires.com\/wp-content\/uploads\/2012\/11\/paro-docente.jpg?resize=350%2C200","width":350,"height":200},"classes":[]},{"id":15554,"url":"https:\/\/www.24baires.com\/?p=15554","url_meta":{"origin":7719,"position":5},"title":"Petrocini sobre el descuento por los d\u00edas de paro: \u201cIntentan intimidar a los educadores\u201d","author":"AF","date":"13\/02\/2013","format":false,"excerpt":"La titular de la FEB consider\u00f3 que el fallo judicial que convalida los descuentos salariales a los docentes, \u201ctiene una clara intenci\u00f3n disciplinaria\u201d en un marco de \u201ctensi\u00f3n y conflicto por las negociaciones salariales\u201d con el Ejecutivo bonaerense. Tras manifestar su sorpresa por \u201cla celeridad con la que se resuelven\u2026","rel":"","context":"En \u00abSociedad\u00bb","block_context":{"text":"Sociedad","link":"https:\/\/www.24baires.com\/?cat=1"},"img":{"alt_text":"","src":"","width":0,"height":0},"classes":[]}],"jetpack_sharing_enabled":true,"jetpack_likes_enabled":true,"_links":{"self":[{"href":"https:\/\/www.24baires.com\/index.php?rest_route=\/wp\/v2\/posts\/7719","targetHints":{"allow":["GET"]}}],"collection":[{"href":"https:\/\/www.24baires.com\/index.php?rest_route=\/wp\/v2\/posts"}],"about":[{"href":"https:\/\/www.24baires.com\/index.php?rest_route=\/wp\/v2\/types\/post"}],"author":[{"embeddable":true,"href":"https:\/\/www.24baires.com\/index.php?rest_route=\/wp\/v2\/users\/4"}],"replies":[{"embeddable":true,"href":"https:\/\/www.24baires.com\/index.php?rest_route=%2Fwp%2Fv2%2Fcomments&post=7719"}],"version-history":[{"count":1,"href":"https:\/\/www.24baires.com\/index.php?rest_route=\/wp\/v2\/posts\/7719\/revisions"}],"predecessor-version":[{"id":7720,"href":"https:\/\/www.24baires.com\/index.php?rest_route=\/wp\/v2\/posts\/7719\/revisions\/7720"}],"wp:attachment":[{"href":"https:\/\/www.24baires.com\/index.php?rest_route=%2Fwp%2Fv2%2Fmedia&parent=7719"}],"wp:term":[{"taxonomy":"category","embeddable":true,"href":"https:\/\/www.24baires.com\/index.php?rest_route=%2Fwp%2Fv2%2Fcategories&post=7719"},{"taxonomy":"post_tag","embeddable":true,"href":"https:\/\/www.24baires.com\/index.php?rest_route=%2Fwp%2Fv2%2Ftags&post=7719"}],"curies":[{"name":"wp","href":"https:\/\/api.w.org\/{rel}","templated":true}]}}