{"id":77106,"date":"2016-01-04T12:00:24","date_gmt":"2016-01-04T15:00:24","guid":{"rendered":"http:\/\/www.24baires.com\/?p=77106"},"modified":"2016-01-04T12:05:35","modified_gmt":"2016-01-04T15:05:35","slug":"vidal-por-la-senda-de-macri-pero-con-dnu-inconstitucionales","status":"publish","type":"post","link":"https:\/\/www.24baires.com\/?p=77106","title":{"rendered":"Vidal por la senda de Macri, pero con DNU inconstitucionales"},"content":{"rendered":"<p><img data-recalc-dims=\"1\" loading=\"lazy\" decoding=\"async\" class=\"aligncenter size-full wp-image-76407\" src=\"https:\/\/i0.wp.com\/www.24baires.com\/wp-content\/uploads\/2015\/12\/vidal-2.jpg?resize=560%2C314\" alt=\"vidal\" width=\"560\" height=\"314\" srcset=\"https:\/\/i0.wp.com\/www.24baires.com\/wp-content\/uploads\/2015\/12\/vidal-2.jpg?w=560&amp;ssl=1 560w, https:\/\/i0.wp.com\/www.24baires.com\/wp-content\/uploads\/2015\/12\/vidal-2.jpg?resize=300%2C168&amp;ssl=1 300w\" sizes=\"auto, (max-width: 560px) 100vw, 560px\" \/>El ba\u00f1o de realidad le lleg\u00f3 r\u00e1pido a Mar\u00eda Eugenia Vidal. M\u00e1s all\u00e1 de sus sonrisas y sus frecuentes frases que parecen sacadas de un cuento de los hermanos Grimm, gobernar una provincia tiene ese no s\u00e9 qu\u00e9, viste. Hay que administrar, gestionar, dialogar, consensuar, negociar, que no se te escapen tres reos peligrosos de c\u00e1rceles de m\u00e1xima seguridad, entre otras cosas. Cosas que no se arreglan con palabras edulcoradas y cara de circunstancia. La Gobernadora est\u00e1 aprendiendo eso, y en un curso acelerado.<!--more--><\/p>\n<p>Fracas\u00f3 la sesi\u00f3n donde el oficialismo buscaba la aprobaci\u00f3n del Presupuesto 2016, el endeudamiento millonario que exig\u00eda el Ejecutivo y algunas emergencias de las que tanto gustan declarar. Esta vez ser\u00edan en las \u00e1reas de Seguridad, Servicio Penitenciario Bonaerense e Infraestructura. Entonces Vidal opt\u00f3 por seguir la senda que transita Macri con paso firme: la de los Decretos de Necesidad y Urgencia, y este mi\u00e9rcoles firm\u00f3 los DNU donde concret\u00f3 la declaraci\u00f3n de dichas emergencias.<br \/>\nPero, peque\u00f1o detalle, la Constituci\u00f3n de la Provincia de Buenos Aires no la habilita a realizar tales medidas. Vidal, habiendo sido vicejefa de gobierno porte\u00f1o quiaz\u00e1 pens\u00f3 que todo era lo mismo, porque la constituci\u00f3n de la ciudad aut\u00f3noma s\u00ed lo permite. \u00c9ste tambi\u00e9n es Buenos Aires, pero la provincia, no la ciudad: acaso se confundi\u00f3.<br \/>\nLo que es seguro es que el Art\u00edculo 3 de la Constituci\u00f3n provincial expresa que \u201cLa arrogancia ilegitima de funciones de un poder en desmedro de otro, ser\u00e1 nula de nulidad absoluta y los actos que de ellos se deriven quedaran sujetos a revisi\u00f3n ulterior.\u201d Y resulta que esa era tarea del Poder Legislativo, es decir: Vidal utiliz\u00f3 una herramienta que s\u00ed se permite en CABA, Salta, San Juan y R\u00edo Negro, -sus constituciones provinciales s\u00ed lo habilitan-, pero no en Buenos Aires.<br \/>\nYa hab\u00eda sucedido con anterioridad que otros Gobernadores firmaran DNU sin sustento legal para dicha acci\u00f3n, tales fueron los casos de Ruckauf y Sol\u00e1. La Suprema Corte de Justicia bonaerense emiti\u00f3 entonces oportunas resoluciones en las que establece la inconstitucionalidad de los Decretos de Necesidad y Urgencia.<br \/>\nAl igual que Macri, Vidal pretende avanzar a como de lugar con las medidas que ella y su gobierno desean. Claro, sin debate ni consensos. Y peor: avasallando facultades de otros poderes y tomando medidas inconstitucionales. Esto preocupa, ya que no caeremos en la ingenuidad de pensar que ella y sus asesores desconocen los marcos legales en los cuales deben ce\u00f1ir todas las medidas que pretendan tomar. Lo que queda claro es que, existiendo jurisprudencia al respecto (como explicamos m\u00e1s arriba, la Corte Suprema ya se expidi\u00f3 con anterioridad), hacer caso omiso a esto y arremeter contra la Constituci\u00f3n, sienta unas peligrosas bases para este nuevo gobierno.<br \/>\nParece que aquello de proteger La Rep\u00fablica e ir por m\u00e1s democracia, habr\u00edan sido bellos slogans de campa\u00f1a y no promesas que se pensaban cumplir. Porque en la pr\u00e1ctica, no desde la comodidad de una oposici\u00f3n que dijo e hizo lo que quiso, sino desde la responsabilidad soberana de deber gobernar, no se estar\u00eda aplicando.<\/p>\n","protected":false},"excerpt":{"rendered":"<p>El ba\u00f1o de realidad le lleg\u00f3 r\u00e1pido a Mar\u00eda Eugenia Vidal. M\u00e1s all\u00e1 de sus sonrisas y sus frecuentes frases que parecen sacadas de un cuento de los hermanos Grimm, gobernar una provincia tiene ese no s\u00e9 qu\u00e9, viste. Hay que administrar, gestionar, dialogar, consensuar, negociar, que no se te escapen tres reos peligrosos de c\u00e1rceles de m\u00e1xima seguridad, entre [&#8230;]<\/p>\n","protected":false},"author":4,"featured_media":0,"comment_status":"open","ping_status":"open","sticky":false,"template":"","format":"standard","meta":{"_jetpack_newsletter_access":"","_jetpack_dont_email_post_to_subs":false,"_jetpack_newsletter_tier_id":0,"_jetpack_memberships_contains_paywalled_content":false,"_jetpack_memberships_contains_paid_content":false,"footnotes":""},"categories":[64],"tags":[],"class_list":["post-77106","post","type-post","status-publish","format-standard","hentry","category-opinion"],"jetpack_featured_media_url":"","jetpack_shortlink":"https:\/\/wp.me\/p2JWE0-k3E","jetpack-related-posts":[{"id":103583,"url":"https:\/\/www.24baires.com\/?p=103583","url_meta":{"origin":77106,"position":0},"title":"El Presidente del PRO intenta despegar a Vidal de los aportantes truchos","author":"Grupo Sierra","date":"29\/07\/2018","format":false,"excerpt":"El senador y presidente del PRO a nivel nacional, Humberto Schiavoni, busc\u00f3 desligar a la gobernadora Mar\u00eda Eugenia Vidal de las denuncias sobre \"aportes truchos\", al asegurar que ella \"no estaba al tanto\" de los pormenores de la recaudaci\u00f3n en la campa\u00f1a de las elecciones legislativas de 2017. \"Seguro que\u2026","rel":"","context":"En \u00abJUDICIALES\u00bb","block_context":{"text":"JUDICIALES","link":"https:\/\/www.24baires.com\/?cat=68"},"img":{"alt_text":"","src":"https:\/\/i0.wp.com\/www.dib.com.ar\/gestion\/images\/blogmanagement\/noticias\/thumb\/5b5e350f908141532900623.jpg?resize=350%2C200","width":350,"height":200,"srcset":"https:\/\/i0.wp.com\/www.dib.com.ar\/gestion\/images\/blogmanagement\/noticias\/thumb\/5b5e350f908141532900623.jpg?resize=350%2C200 1x, https:\/\/i0.wp.com\/www.dib.com.ar\/gestion\/images\/blogmanagement\/noticias\/thumb\/5b5e350f908141532900623.jpg?resize=525%2C300 1.5x"},"classes":[]},{"id":105085,"url":"https:\/\/www.24baires.com\/?p=105085","url_meta":{"origin":77106,"position":1},"title":"Vidal present\u00f3 el registro de polic\u00edas exonerados","author":"GB","date":"24\/10\/2018","format":false,"excerpt":"La gobernadora Mar\u00eda Eugenia Vidal y el ministro de seguridad Cristian Ritondo presentaron un registro digital de 8500 polic\u00edas bonaerenses exonerados. \u201cLa pol\u00edtica es la mayor responsable de que la polic\u00eda haya alcanzado los niveles de corrupci\u00f3n que alcanzo\u201d, sostuvo la mandataria. La gobernadora Mar\u00eda Eugenia Vidal y el ministro\u2026","rel":"","context":"En \u00abProvincia\u00bb","block_context":{"text":"Provincia","link":"https:\/\/www.24baires.com\/?cat=40"},"img":{"alt_text":"","src":"https:\/\/i0.wp.com\/www.24baires.com\/wp-content\/uploads\/2018\/10\/vidal-policia.jpg?resize=350%2C200","width":350,"height":200,"srcset":"https:\/\/i0.wp.com\/www.24baires.com\/wp-content\/uploads\/2018\/10\/vidal-policia.jpg?resize=350%2C200 1x, https:\/\/i0.wp.com\/www.24baires.com\/wp-content\/uploads\/2018\/10\/vidal-policia.jpg?resize=525%2C300 1.5x"},"classes":[]},{"id":115365,"url":"https:\/\/www.24baires.com\/?p=115365","url_meta":{"origin":77106,"position":2},"title":"Vidal realiza el aislamiento en su casa tras dar positivo de coronavirus","author":"GB","date":"17\/06\/2020","format":false,"excerpt":"La ex Gobernadora bonaerense confirm\u00f3 a trav\u00e9s de su cuenta de Twitter su diagn\u00f3stico positivo de coronavirus y dijo que se encontraba asintom\u00e1tica. La ex gobernadora de la provincia de Buenos Aires Mar\u00eda Eugenia Vidal, quien se contagi\u00f3 de coronavirus, se encuentra en buen estado de salud y asintom\u00e1tica. Realiza\u2026","rel":"","context":"En \u00abProvincia\u00bb","block_context":{"text":"Provincia","link":"https:\/\/www.24baires.com\/?cat=40"},"img":{"alt_text":"","src":"https:\/\/i0.wp.com\/www.24baires.com\/wp-content\/uploads\/2019\/10\/voto-vidal.jpg?resize=350%2C200","width":350,"height":200,"srcset":"https:\/\/i0.wp.com\/www.24baires.com\/wp-content\/uploads\/2019\/10\/voto-vidal.jpg?resize=350%2C200 1x, https:\/\/i0.wp.com\/www.24baires.com\/wp-content\/uploads\/2019\/10\/voto-vidal.jpg?resize=525%2C300 1.5x"},"classes":[]},{"id":106271,"url":"https:\/\/www.24baires.com\/?p=106271","url_meta":{"origin":77106,"position":3},"title":"En medio de la disputa con la Provincia, Arroyo recibi\u00f3 a Olmedo","author":"GB","date":"09\/01\/2019","format":false,"excerpt":"En intendente de mar del Plata lo recibi\u00f3 esta ma\u00f1ana en su despacho. El diputado de ultraderecha, que pretende ser el Jair Bolsonaro argentino, realiza una recorrida con un funcionario municipal. Despu\u00e9s de la pol\u00e9mica con la provincia por retirarse de la playa p\u00fablica equipada antes de que la gobernadora\u2026","rel":"","context":"En \u00abMunicipios\u00bb","block_context":{"text":"Municipios","link":"https:\/\/www.24baires.com\/?cat=44"},"img":{"alt_text":"","src":"https:\/\/i0.wp.com\/www.24baires.com\/wp-content\/uploads\/2019\/01\/olmedo-arroyo.jpg?resize=350%2C200","width":350,"height":200,"srcset":"https:\/\/i0.wp.com\/www.24baires.com\/wp-content\/uploads\/2019\/01\/olmedo-arroyo.jpg?resize=350%2C200 1x, https:\/\/i0.wp.com\/www.24baires.com\/wp-content\/uploads\/2019\/01\/olmedo-arroyo.jpg?resize=525%2C300 1.5x"},"classes":[]},{"id":110899,"url":"https:\/\/www.24baires.com\/?p=110899","url_meta":{"origin":77106,"position":4},"title":"Vidal firm\u00f3 la candidatura y buscar\u00e1 la reelecci\u00f3n en Provincia","author":"GB","date":"22\/06\/2019","format":false,"excerpt":"La gobernadora bonaerense buscar\u00e1 un nuevo mandato en las elecciones provinciales. Repetir\u00e1 la f\u00f3rmula junto al actual vicegobernador. La gobernadora bonaerense, Mar\u00eda Eugenia Vidal, firm\u00f3 este s\u00e1bado a la ma\u00f1ana la aceptaci\u00f3n de la candidatura por Juntos para el Cambio en la f\u00f3rmula en la que volver\u00e1 a ser acompa\u00f1ada\u2026","rel":"","context":"En \u00abElecciones\u00bb","block_context":{"text":"Elecciones","link":"https:\/\/www.24baires.com\/?cat=316"},"img":{"alt_text":"","src":"https:\/\/i0.wp.com\/www.24baires.com\/wp-content\/uploads\/2019\/06\/vidal.jpg?resize=350%2C200","width":350,"height":200,"srcset":"https:\/\/i0.wp.com\/www.24baires.com\/wp-content\/uploads\/2019\/06\/vidal.jpg?resize=350%2C200 1x, https:\/\/i0.wp.com\/www.24baires.com\/wp-content\/uploads\/2019\/06\/vidal.jpg?resize=525%2C300 1.5x"},"classes":[]},{"id":102717,"url":"https:\/\/www.24baires.com\/?p=102717","url_meta":{"origin":77106,"position":5},"title":"Stolbizer: \u00abLa gesti\u00f3n de Vidal es tan mala como la de Scioli\u00bb","author":"GB","date":"13\/06\/2018","format":false,"excerpt":"La l\u00edder del GEN endureci\u00f3 su discurso contra la Gobernadora y afirm\u00f3 que \"no puede mostrar avances\" en educaci\u00f3n, salud y seguridad. Margarita Stolbizer abandon\u00f3 el discurso conciliador con Mar\u00eda Eugenia Vidal y afirm\u00f3 que su gesti\u00f3n \"es tan mala\" como la de su antecesor Daniel Scioli. Durante una visita\u2026","rel":"","context":"En \u00abPol\u00edtica\u00bb","block_context":{"text":"Pol\u00edtica","link":"https:\/\/www.24baires.com\/?cat=51"},"img":{"alt_text":"","src":"https:\/\/i0.wp.com\/www.24baires.com\/wp-content\/uploads\/2016\/08\/vidal-stolbizer.jpg?resize=350%2C200","width":350,"height":200,"srcset":"https:\/\/i0.wp.com\/www.24baires.com\/wp-content\/uploads\/2016\/08\/vidal-stolbizer.jpg?resize=350%2C200 1x, https:\/\/i0.wp.com\/www.24baires.com\/wp-content\/uploads\/2016\/08\/vidal-stolbizer.jpg?resize=525%2C300 1.5x"},"classes":[]}],"jetpack_sharing_enabled":true,"jetpack_likes_enabled":true,"_links":{"self":[{"href":"https:\/\/www.24baires.com\/index.php?rest_route=\/wp\/v2\/posts\/77106","targetHints":{"allow":["GET"]}}],"collection":[{"href":"https:\/\/www.24baires.com\/index.php?rest_route=\/wp\/v2\/posts"}],"about":[{"href":"https:\/\/www.24baires.com\/index.php?rest_route=\/wp\/v2\/types\/post"}],"author":[{"embeddable":true,"href":"https:\/\/www.24baires.com\/index.php?rest_route=\/wp\/v2\/users\/4"}],"replies":[{"embeddable":true,"href":"https:\/\/www.24baires.com\/index.php?rest_route=%2Fwp%2Fv2%2Fcomments&post=77106"}],"version-history":[{"count":2,"href":"https:\/\/www.24baires.com\/index.php?rest_route=\/wp\/v2\/posts\/77106\/revisions"}],"predecessor-version":[{"id":77109,"href":"https:\/\/www.24baires.com\/index.php?rest_route=\/wp\/v2\/posts\/77106\/revisions\/77109"}],"wp:attachment":[{"href":"https:\/\/www.24baires.com\/index.php?rest_route=%2Fwp%2Fv2%2Fmedia&parent=77106"}],"wp:term":[{"taxonomy":"category","embeddable":true,"href":"https:\/\/www.24baires.com\/index.php?rest_route=%2Fwp%2Fv2%2Fcategories&post=77106"},{"taxonomy":"post_tag","embeddable":true,"href":"https:\/\/www.24baires.com\/index.php?rest_route=%2Fwp%2Fv2%2Ftags&post=77106"}],"curies":[{"name":"wp","href":"https:\/\/api.w.org\/{rel}","templated":true}]}}