{"id":77071,"date":"2015-12-31T12:00:18","date_gmt":"2015-12-31T15:00:18","guid":{"rendered":"http:\/\/www.24baires.com\/?p=77071"},"modified":"2015-12-31T08:58:46","modified_gmt":"2015-12-31T11:58:46","slug":"clarin-tiene-necesidad-y-urgencia-de-derogar-la-ley-de-medios","status":"publish","type":"post","link":"https:\/\/www.24baires.com\/?p=77071","title":{"rendered":"\u00abClar\u00edn tiene necesidad y urgencia de derogar la Ley de Medios\u00bb"},"content":{"rendered":"<p><img data-recalc-dims=\"1\" loading=\"lazy\" decoding=\"async\" class=\"aligncenter size-full wp-image-77072\" src=\"https:\/\/i0.wp.com\/www.24baires.com\/wp-content\/uploads\/2015\/12\/rolandi.jpg?resize=560%2C343\" alt=\"rolandi\" width=\"560\" height=\"343\" srcset=\"https:\/\/i0.wp.com\/www.24baires.com\/wp-content\/uploads\/2015\/12\/rolandi.jpg?w=560&amp;ssl=1 560w, https:\/\/i0.wp.com\/www.24baires.com\/wp-content\/uploads\/2015\/12\/rolandi.jpg?resize=300%2C184&amp;ssl=1 300w\" sizes=\"auto, (max-width: 560px) 100vw, 560px\" \/>El director de Relaciones Institucionales de la Afsca apunto contra el grupo de medios por el decreto de Macri mediante el cual se fusion\u00f3 al organismo con la Aftic. \u00abTienen que llevar la discusi\u00f3n al Congreso\u00bb, subray\u00f3.<!--more--><\/p>\n<p>Sebasti\u00e1n Rolandi<br \/>\nDirector de Relaciones Institucionales de la Afsca<\/p>\n<p>Fue un d\u00eda triste para la democracia<br \/>\nAvanzaron con un decreto contra una ley<br \/>\nHubo tensi\u00f3n cuando quisimos retomar nuestras funciones<\/p>\n<p>Arias dispuso que Macri se tiene que abstener de tocar la ley de medios<\/p>\n<p>Si publican el decreto en el Bolet\u00edn estar\u00edan violando nuevamente la ley<\/p>\n<p>La Afsca debe seguir vigente<br \/>\nEl decreto cuestionaba al directorio de la Afsca<\/p>\n<p>Clar\u00edn tiene necesidad y urgencia de derogar la Ley de Medios<br \/>\nSe quiere llevar puestos a m\u00e1s de 700 nuevos actores<br \/>\nMacri tiene que llevar la discusi\u00f3n al Congreso<br \/>\nEn Tacuar\u00ed al 700 se define la pol\u00edtica comunicacional de Argentina.<\/p>\n<p>&nbsp;<\/p>\n<p>&nbsp;<\/p>\n<p>&nbsp;<\/p>\n<p>&nbsp;<\/p>\n<p>&nbsp;<\/p>\n<p>&nbsp;<\/p>\n<p>&nbsp;<\/p>\n<p>&nbsp;<\/p>\n<p>&nbsp;<\/p>\n<p>&nbsp;<\/p>\n<p>&nbsp;<\/p>\n<p>&nbsp;<\/p>\n<p>&nbsp;<\/p>\n","protected":false},"excerpt":{"rendered":"<p>El director de Relaciones Institucionales de la Afsca apunto contra el grupo de medios por el decreto de Macri mediante el cual se fusion\u00f3 al organismo con la Aftic. \u00abTienen que llevar la discusi\u00f3n al Congreso\u00bb, subray\u00f3.<\/p>\n","protected":false},"author":8,"featured_media":0,"comment_status":"open","ping_status":"open","sticky":false,"template":"","format":"standard","meta":{"_jetpack_newsletter_access":"","_jetpack_dont_email_post_to_subs":false,"_jetpack_newsletter_tier_id":0,"_jetpack_memberships_contains_paywalled_content":false,"_jetpack_memberships_contains_paid_content":false,"footnotes":""},"categories":[54],"tags":[],"class_list":["post-77071","post","type-post","status-publish","format-standard","hentry","category-medios"],"jetpack_featured_media_url":"","jetpack_shortlink":"https:\/\/wp.me\/p2JWE0-k35","jetpack-related-posts":[{"id":23553,"url":"https:\/\/www.24baires.com\/?p=23553","url_meta":{"origin":77071,"position":0},"title":"\u00abMacri escribe y firma lo que le dicta Magnetto\u00bb, afirm\u00f3 Sabbatella","author":"AF","date":"14\/05\/2013","format":false,"excerpt":"El presidente de la Autoridad Federal de Servicios de Comunicaci\u00f3n Audiovisual manifest\u00f3 que el \"decreto de Macri no es a favor de la libertad de prensa sino a favor de Clar\u00edn\" porque \"le quiere crear un cerco de impunidad a la corporaci\u00f3n medi\u00e1tica\u201d. Luego de la conferencia de prensa en\u2026","rel":"","context":"En \u00abMedios\u00bb","block_context":{"text":"Medios","link":"https:\/\/www.24baires.com\/?cat=54"},"img":{"alt_text":"","src":"","width":0,"height":0},"classes":[]},{"id":76991,"url":"https:\/\/www.24baires.com\/?p=76991","url_meta":{"origin":77071,"position":1},"title":"Amparos y cautelares en todo el pa\u00eds contra la intervenci\u00f3n de la AFSCA","author":"GB","date":"29\/12\/2015","format":false,"excerpt":"Funcionarios de todo el pa\u00eds vinculados a los medios y la comunicaci\u00f3n presentaron ante la Justicia recursos de amparo y cautelares contra la intervenci\u00f3n de la AFSCA. La Senadora Nacional del Frente para la Victoria, Liliana Fellner, arremeti\u00f3 contra Macri y asegur\u00f3 que \u201cel presidente se llev\u00f3 puesto a los\u2026","rel":"","context":"En \u00abMedios\u00bb","block_context":{"text":"Medios","link":"https:\/\/www.24baires.com\/?cat=54"},"img":{"alt_text":"AFSCA","src":"https:\/\/i0.wp.com\/www.24baires.com\/wp-content\/uploads\/2015\/12\/AFSCA.jpg?resize=350%2C200","width":350,"height":200,"srcset":"https:\/\/i0.wp.com\/www.24baires.com\/wp-content\/uploads\/2015\/12\/AFSCA.jpg?resize=350%2C200 1x, https:\/\/i0.wp.com\/www.24baires.com\/wp-content\/uploads\/2015\/12\/AFSCA.jpg?resize=525%2C300 1.5x"},"classes":[]},{"id":24098,"url":"https:\/\/www.24baires.com\/?p=24098","url_meta":{"origin":77071,"position":2},"title":"Para Sabbatella el Decreto de Macri es un \u00abmamarracho jur\u00eddico\u00bb","author":"Grupo Sierra","date":"22\/05\/2013","format":false,"excerpt":"El titular de la Afsca, Mart\u00edn Sabbatella, se refiri\u00f3 hoy a la medida cautelar dectada ayer por la Justicia porte\u00f1a y que frena el DNU de Macri, del que reiter\u00f3 que \u201cdesde el punto de vista jur\u00eddico es un mamarracho\". \u201cEl titular de la Autoridad Federal de Servicios de Comunicaci\u00f3n\u2026","rel":"","context":"En \u00abMedios\u00bb","block_context":{"text":"Medios","link":"https:\/\/www.24baires.com\/?cat=54"},"img":{"alt_text":"","src":"","width":0,"height":0},"classes":[]},{"id":78534,"url":"https:\/\/www.24baires.com\/?p=78534","url_meta":{"origin":77071,"position":3},"title":"Ley de Medios: el Gobierno archiv\u00f3 todos los planes de adecuaci\u00f3n","author":"GB","date":"03\/02\/2016","format":false,"excerpt":"El Gobierno sigue avanzando contra la ley. Ahora ya no hay obligaci\u00f3n de vender se\u00f1ales. El viernes 9 de octubre de 2009, tras veinte horas de sesi\u00f3n, la C\u00e1mara de Senadores convirti\u00f3 en el ley el proyecto de la Ley de Medios con 44 votos a favor y 24 en\u2026","rel":"","context":"En \u00abPol\u00edtica\u00bb","block_context":{"text":"Pol\u00edtica","link":"https:\/\/www.24baires.com\/?cat=51"},"img":{"alt_text":"","src":"","width":0,"height":0},"classes":[]},{"id":76292,"url":"https:\/\/www.24baires.com\/?p=76292","url_meta":{"origin":77071,"position":4},"title":"Realizaron un abrazo a la Afsca \u00aben defensa de la ley de medios\u0094","author":"GB","date":"11\/12\/2015","format":false,"excerpt":"Organizaciones sociales, culturales, productoras y medios comunitarios, sindicatos y autoconvocados realizaron un abrazo simb\u00f3lico al edificio de la Afsca en defensa de la ley de medios, tras conocerse esta que por decreto ese organismo pasa a depender del flamante ministerio de Comunicaciones. El referente de la Red de Productoras Audiovisuales\u2026","rel":"","context":"En \u00abMedios\u00bb","block_context":{"text":"Medios","link":"https:\/\/www.24baires.com\/?cat=54"},"img":{"alt_text":"AFSCA","src":"https:\/\/i0.wp.com\/www.24baires.com\/wp-content\/uploads\/2012\/11\/AFSCA.jpg?resize=350%2C200","width":350,"height":200},"classes":[]},{"id":77995,"url":"https:\/\/www.24baires.com\/?p=77995","url_meta":{"origin":77071,"position":5},"title":"Mar del Plata: Justicia fall\u00f3 en contra del DNU de Macri para eliminar la AFSCA","author":"GB","date":"22\/01\/2016","format":false,"excerpt":"As\u00ed lo determin\u00f3 la justicia de la C\u00e1mara Federal de Mar del Plata y advirti\u00f3 que \"la entidad de los derechos constitucionales\" violados por los decretos presidenciales \"ameritan la apertura de la v\u00eda del amparo\". El decreto de Mauricio Macri que pidi\u00f3 la disoluci\u00f3n de la Autoridad Federal de Servicios\u2026","rel":"","context":"En \u00abMedios\u00bb","block_context":{"text":"Medios","link":"https:\/\/www.24baires.com\/?cat=54"},"img":{"alt_text":"afsca cordoba","src":"https:\/\/i0.wp.com\/www.24baires.com\/wp-content\/uploads\/2013\/02\/afsca-cordoba.jpg?resize=350%2C200","width":350,"height":200,"srcset":"https:\/\/i0.wp.com\/www.24baires.com\/wp-content\/uploads\/2013\/02\/afsca-cordoba.jpg?resize=350%2C200 1x, https:\/\/i0.wp.com\/www.24baires.com\/wp-content\/uploads\/2013\/02\/afsca-cordoba.jpg?resize=525%2C300 1.5x"},"classes":[]}],"jetpack_sharing_enabled":true,"jetpack_likes_enabled":true,"_links":{"self":[{"href":"https:\/\/www.24baires.com\/index.php?rest_route=\/wp\/v2\/posts\/77071","targetHints":{"allow":["GET"]}}],"collection":[{"href":"https:\/\/www.24baires.com\/index.php?rest_route=\/wp\/v2\/posts"}],"about":[{"href":"https:\/\/www.24baires.com\/index.php?rest_route=\/wp\/v2\/types\/post"}],"author":[{"embeddable":true,"href":"https:\/\/www.24baires.com\/index.php?rest_route=\/wp\/v2\/users\/8"}],"replies":[{"embeddable":true,"href":"https:\/\/www.24baires.com\/index.php?rest_route=%2Fwp%2Fv2%2Fcomments&post=77071"}],"version-history":[{"count":1,"href":"https:\/\/www.24baires.com\/index.php?rest_route=\/wp\/v2\/posts\/77071\/revisions"}],"predecessor-version":[{"id":77073,"href":"https:\/\/www.24baires.com\/index.php?rest_route=\/wp\/v2\/posts\/77071\/revisions\/77073"}],"wp:attachment":[{"href":"https:\/\/www.24baires.com\/index.php?rest_route=%2Fwp%2Fv2%2Fmedia&parent=77071"}],"wp:term":[{"taxonomy":"category","embeddable":true,"href":"https:\/\/www.24baires.com\/index.php?rest_route=%2Fwp%2Fv2%2Fcategories&post=77071"},{"taxonomy":"post_tag","embeddable":true,"href":"https:\/\/www.24baires.com\/index.php?rest_route=%2Fwp%2Fv2%2Ftags&post=77071"}],"curies":[{"name":"wp","href":"https:\/\/api.w.org\/{rel}","templated":true}]}}