{"id":7704,"date":"2012-12-03T14:32:26","date_gmt":"2012-12-03T17:32:26","guid":{"rendered":"http:\/\/www.24baires.com\/?p=7704"},"modified":"2012-12-03T14:32:26","modified_gmt":"2012-12-03T17:32:26","slug":"firmaran-un-convenio-para-garantizar-empleo-en-empresas-audiovisuales","status":"publish","type":"post","link":"https:\/\/www.24baires.com\/?p=7704","title":{"rendered":"Firmar\u00e1n un convenio para garantizar empleo en empresas audiovisuales"},"content":{"rendered":"<p>El Instituto Nacional de Asociativismo y Econom\u00eda Social (Inaes), el Sindicato Argentino de Televisi\u00f3n (Satsaid) y la Confederaci\u00f3n Cooperativa de la Rep\u00fablica Argentina (Cooperar) rubricar\u00e1n un acuerdo que garantice fuentes de trabajo en empresas audiovisuales. Ser\u00e1 el pr\u00f3ximo lunes a las 19 en la sede del Sindicato Argentino de Docentes Privados (Sadop).<!--more--><br \/>\n\u201cPara el cooperativismo y mutualismo argentinos se abre una ventana de oportunidad hist\u00f3rica, tras la sanci\u00f3n y plena aplicaci\u00f3n de la Ley de Servicios de Comunicaci\u00f3n Audiovisual (N\u00ba 26.522), donde se est\u00e1 visualizando un fuerte desarrollo. Mutuales y cooperativas est\u00e1n realizando los acuerdos y consensos para una estrategia integral sobre el tema\u201d, explicit\u00f3 un comunicado de las entidades convocantes. <\/p>\n<p>Seg\u00fan precisaron los organizadores, la r\u00fabrica que quedar\u00e1 sellada el pr\u00f3ximo 2 de diciembre busca fomentar y regular los empleos generados en el marco de la econom\u00eda solidaria en el terreno de las telecomunicaciones, al tiempo que un mayor protagonismo de los trabajadores en cuanto al conocimiento de la marcha y participaci\u00f3n de los resultados en las empresas de gesti\u00f3n solidaria, as\u00ed como la colaboraci\u00f3n para impulsar nuevos desarrollos, capacitaciones e investigaciones, entre otros ejes.<\/p>\n<p>\u201cTanto el cooperativismo, el movimiento obrero organizado como el Estado Nacional se encuentran abocados en la tarea de democratizar el sistema de medios, teniendo una particular importancia para ello la plena vigencia de la Ley de Servicios de Comunicaci\u00f3n Audiovisual, pieza fundamental de la consolidaci\u00f3n del Proyecto Nacional en esta etapa hist\u00f3rica\u201d, agreg\u00f3 el comunicado.<\/p>\n","protected":false},"excerpt":{"rendered":"<p>El Instituto Nacional de Asociativismo y Econom\u00eda Social (Inaes), el Sindicato Argentino de Televisi\u00f3n (Satsaid) y la Confederaci\u00f3n Cooperativa de la Rep\u00fablica Argentina (Cooperar) rubricar\u00e1n un acuerdo que garantice fuentes de trabajo en empresas audiovisuales. Ser\u00e1 el pr\u00f3ximo lunes a las 19 en la sede del Sindicato Argentino de Docentes Privados (Sadop).<\/p>\n","protected":false},"author":4,"featured_media":0,"comment_status":"open","ping_status":"open","sticky":false,"template":"","format":"standard","meta":{"_jetpack_newsletter_access":"","_jetpack_dont_email_post_to_subs":false,"_jetpack_newsletter_tier_id":0,"_jetpack_memberships_contains_paywalled_content":false,"_jetpack_memberships_contains_paid_content":false,"footnotes":""},"categories":[54],"tags":[],"class_list":["post-7704","post","type-post","status-publish","format-standard","hentry","category-medios"],"jetpack_featured_media_url":"","jetpack_shortlink":"https:\/\/wp.me\/p2JWE0-20g","jetpack-related-posts":[{"id":7005,"url":"https:\/\/www.24baires.com\/?p=7005","url_meta":{"origin":7704,"position":0},"title":"Cerca de 450 cooperativas tramitan licencias para brindar TV por cable","author":"AF","date":"27\/11\/2012","format":false,"excerpt":"As\u00ed lo destac\u00f3 el presidente del Inaes, Patricio Griffin, durante la jornada del viernes pasado sobre televisi\u00f3n cooperativa El Futuro es hoy, organizada por Celta TV, en la localidad bonaerense de Tres Arroyos, ante 150 dirigentes del sector cooperativo y mutual. \u201cCelta TV es pionera y estamos orgullosos de c\u00f3mo,\u2026","rel":"","context":"En \u00abMedios\u00bb","block_context":{"text":"Medios","link":"https:\/\/www.24baires.com\/?cat=54"},"img":{"alt_text":"","src":"","width":0,"height":0},"classes":[]},{"id":35656,"url":"https:\/\/www.24baires.com\/?p=35656","url_meta":{"origin":7704,"position":1},"title":"Sin nombrarlo, Sabbatella &#8216;le peg\u00f3&#8217; a Magnetto","author":"Grupo Sierra","date":"23\/11\/2013","format":false,"excerpt":"El titular de la Autoridad Federal de Servicios de Comunicaci\u00f3n Audiovisual (Afsca), Mart\u00edn Sabbatella, destac\u00f3 en Mar del Plata que \"quienes dec\u00edan que ser presidente (por H\u00e9ctor Magnetto) era una `cargo menor\u00b4 tuvieron que presentar su plan de adecuaci\u00f3n\" a la Ley de Medios. El presidente de la Afsca encabez\u00f3\u2026","rel":"","context":"En \u00abMedios\u00bb","block_context":{"text":"Medios","link":"https:\/\/www.24baires.com\/?cat=54"},"img":{"alt_text":"","src":"","width":0,"height":0},"classes":[]},{"id":35504,"url":"https:\/\/www.24baires.com\/?p=35504","url_meta":{"origin":7704,"position":2},"title":"Comienza en Mar del Plata el 3\u00ba Encuentro de Comunicaci\u00f3n Audiovisual","author":"AF","date":"21\/11\/2013","format":false,"excerpt":"El ministro de Planificaci\u00f3n Federal, Julio de Vido, encabezar\u00e1 en el Teatro del Hotel Provincial, la apertura del 3\u00ba Encuentro de Comunicaci\u00f3n Audiovisual, que se extender\u00e1 hasta el s\u00e1bado con la participaci\u00f3n de representantes del Estado y de la industria para debatir la circulaci\u00f3n de contenidos. La mesa de apertura\u2026","rel":"","context":"En \u00abMedios\u00bb","block_context":{"text":"Medios","link":"https:\/\/www.24baires.com\/?cat=54"},"img":{"alt_text":"eca","src":"https:\/\/i0.wp.com\/www.24baires.com\/wp-content\/uploads\/2013\/11\/eca.jpg?resize=350%2C200","width":350,"height":200},"classes":[]},{"id":1024,"url":"https:\/\/www.24baires.com\/?p=1024","url_meta":{"origin":7704,"position":3},"title":"Sabbatella se reuni\u00f3 con la Coalici\u00f3n por una Comunicaci\u00f3n Democr\u00e1tica","author":"Grupo Sierra","date":"04\/10\/2012","format":false,"excerpt":"El titular de la Autoridad Federal de Servicios de Comunicaci\u00f3n Audiovisual (AFSCA), Mart\u00edn Sabbatella, se reuni\u00f3 hoy con integrantes de la Coalici\u00f3n por una Comunicaci\u00f3n Democr\u00e1tica quienes ratificaron su \u201ccompromiso con el cumplimiento de la Ley de Servicios de Comunicaci\u00f3n Audiovisual\u201d. Luego de la reuni\u00f3n, Sabbatella afirm\u00f3 que con la\u2026","rel":"","context":"En \u00abMedios\u00bb","block_context":{"text":"Medios","link":"https:\/\/www.24baires.com\/?cat=54"},"img":{"alt_text":"","src":"","width":0,"height":0},"classes":[]},{"id":35064,"url":"https:\/\/www.24baires.com\/?p=35064","url_meta":{"origin":7704,"position":4},"title":"Con la Ley de Medios se crearon m\u00e1s de 100 mil puestos de trabajo","author":"GB","date":"12\/11\/2013","format":false,"excerpt":"As\u00ed lo destac\u00f3 hoy la AFSCA, de acuerdo a un balance difundido que tambi\u00e9n indica que se consigui\u00f3 que todas las empresas excedidas de los l\u00edmites establecidos en la legislaci\u00f3n presentaran sus planes de adecuaci\u00f3n. Por otra parte, se realizaron 1.132 reservas de frecuencias de radios para municipios y 36\u2026","rel":"","context":"En \u00abMedios\u00bb","block_context":{"text":"Medios","link":"https:\/\/www.24baires.com\/?cat=54"},"img":{"alt_text":"AFSCA REUNION DIRECTORIO","src":"https:\/\/i0.wp.com\/www.24baires.com\/wp-content\/uploads\/2013\/04\/AFSCA-REUNION-DIRECTORIO.jpg?resize=350%2C200","width":350,"height":200,"srcset":"https:\/\/i0.wp.com\/www.24baires.com\/wp-content\/uploads\/2013\/04\/AFSCA-REUNION-DIRECTORIO.jpg?resize=350%2C200 1x, https:\/\/i0.wp.com\/www.24baires.com\/wp-content\/uploads\/2013\/04\/AFSCA-REUNION-DIRECTORIO.jpg?resize=525%2C300 1.5x"},"classes":[]},{"id":56442,"url":"https:\/\/www.24baires.com\/?p=56442","url_meta":{"origin":7704,"position":5},"title":"El Senado comenzar\u00e1 a debatir esta semana el proyecto Argentina Digital","author":"GB","date":"02\/11\/2014","format":false,"excerpt":"El proyecto de ley de telecomunicaciones enviado por el Poder Ejecutivo comenzar\u00e1 a ser analizado en la Comisi\u00f3n de Sistemas, Medios y Comunicaci\u00f3n este martes con la presencia del jefe de Gabinete, Jorge Capitanich; y del ministro de Planificaci\u00f3n Federal, Julio De Vido. El encuentro, que se llevar\u00e1 a cabo\u2026","rel":"","context":"En \u00abPol\u00edtica\u00bb","block_context":{"text":"Pol\u00edtica","link":"https:\/\/www.24baires.com\/?cat=51"},"img":{"alt_text":"Senado","src":"https:\/\/i0.wp.com\/www.24baires.com\/wp-content\/uploads\/2013\/08\/Senado.jpg?resize=350%2C200","width":350,"height":200},"classes":[]}],"jetpack_sharing_enabled":true,"jetpack_likes_enabled":true,"_links":{"self":[{"href":"https:\/\/www.24baires.com\/index.php?rest_route=\/wp\/v2\/posts\/7704","targetHints":{"allow":["GET"]}}],"collection":[{"href":"https:\/\/www.24baires.com\/index.php?rest_route=\/wp\/v2\/posts"}],"about":[{"href":"https:\/\/www.24baires.com\/index.php?rest_route=\/wp\/v2\/types\/post"}],"author":[{"embeddable":true,"href":"https:\/\/www.24baires.com\/index.php?rest_route=\/wp\/v2\/users\/4"}],"replies":[{"embeddable":true,"href":"https:\/\/www.24baires.com\/index.php?rest_route=%2Fwp%2Fv2%2Fcomments&post=7704"}],"version-history":[{"count":2,"href":"https:\/\/www.24baires.com\/index.php?rest_route=\/wp\/v2\/posts\/7704\/revisions"}],"predecessor-version":[{"id":7706,"href":"https:\/\/www.24baires.com\/index.php?rest_route=\/wp\/v2\/posts\/7704\/revisions\/7706"}],"wp:attachment":[{"href":"https:\/\/www.24baires.com\/index.php?rest_route=%2Fwp%2Fv2%2Fmedia&parent=7704"}],"wp:term":[{"taxonomy":"category","embeddable":true,"href":"https:\/\/www.24baires.com\/index.php?rest_route=%2Fwp%2Fv2%2Fcategories&post=7704"},{"taxonomy":"post_tag","embeddable":true,"href":"https:\/\/www.24baires.com\/index.php?rest_route=%2Fwp%2Fv2%2Ftags&post=7704"}],"curies":[{"name":"wp","href":"https:\/\/api.w.org\/{rel}","templated":true}]}}