{"id":77038,"date":"2015-12-30T17:28:25","date_gmt":"2015-12-30T20:28:25","guid":{"rendered":"http:\/\/www.24baires.com\/?p=77038"},"modified":"2015-12-31T08:28:41","modified_gmt":"2015-12-31T11:28:41","slug":"el-juez-luis-arias-dejo-sin-efecto-las-medidas-tras-la-intervencion-de-la-afsca","status":"publish","type":"post","link":"https:\/\/www.24baires.com\/?p=77038","title":{"rendered":"El juez Luis Arias dej\u00f3 sin efecto las medidas tras la intervenci\u00f3n de la AFSCA"},"content":{"rendered":"<p><img data-recalc-dims=\"1\" loading=\"lazy\" decoding=\"async\" class=\"aligncenter size-full wp-image-77039\" src=\"https:\/\/i0.wp.com\/www.24baires.com\/wp-content\/uploads\/2015\/12\/afsca.jpg?resize=560%2C314\" alt=\"afsca\" width=\"560\" height=\"314\" srcset=\"https:\/\/i0.wp.com\/www.24baires.com\/wp-content\/uploads\/2015\/12\/afsca.jpg?w=560&amp;ssl=1 560w, https:\/\/i0.wp.com\/www.24baires.com\/wp-content\/uploads\/2015\/12\/afsca.jpg?resize=300%2C168&amp;ssl=1 300w\" sizes=\"auto, (max-width: 560px) 100vw, 560px\" \/>Luis Arias dict\u00f3 una medida precautelar mediante la cual orden\u00f3 al Ejecutivo que \u201cse abstenga de suprimir o afectar derechos adquiridos y\/u otorgar nuevos derechos vinculados al ejercicio de la competencia y funcionamiento\u00bb de la Afsca.<!--more--><\/p>\n<p>El juez en lo contencioso administrativo de La Plata, Luis Arias, dict\u00f3 una medida precautelar mediante la cual orden\u00f3 al Ejecutivo nacional que \u00abse abstenga de suprimir o afectar derechos adquiridos y\/u otorgar nuevos derechos vinculados al ejercicio de la competencia y funcionamiento de la Autoridad Federal de Servicios de Comunicaci\u00f3n Audiovisual (Afsca)\u00bb.<\/p>\n<p>Arias tom\u00f3 la decisi\u00f3n judicial tras recibir hoy un planteo del delegado de la Autoridad Federal de Servicios de Comunicaci\u00f3n Audiovisual (Afsca) de la Regi\u00f3n La Plata, Guillermo Luis Guer\u00edn, en la que se solicitaba la \u00abnulidad absoluta\u00bb del Decreto N\u00b0236\/15, que resolvi\u00f3 la intervenci\u00f3n de la autoridad de aplicaci\u00f3n de la Ley de Servicios de Comunicaci\u00f3n Audiovisual.<\/p>\n<p>En este sentido, Arias dict\u00f3 una medida precautelar en la que orden\u00f3 \u00abla prohibici\u00f3n de innovar y de alterar, modificar, eliminar o suprimir las funciones y la existencia de la Autoridad Federal de Servicios de Comunicaci\u00f3n Audiovisual mediante todo acto o reglamento que implique una modificaci\u00f3n a cualquiera de las previsiones contenidas en la Ley 26.522\u00bb.<\/p>\n<p>Al mismo tiempo, el magistrado declar\u00f3 \u00abla incompetencia de la justicia provincial para dirimir la contienda de autos\u00bb y remiti\u00f3 las actuaciones \u00abal juzgado federal competente para su intervenci\u00f3n\u00bb.<\/p>\n<p>Arias dijo T\u00e9lam que la resoluci\u00f3n \u00abafecta todas las medidas que se tomen del 29 de diciembre en adelante (fecha de la presentaci\u00f3n del pedido de nulidad)\u00bb y se\u00f1al\u00f3 que la acci\u00f3n se realiz\u00f3 \u00aben favor del derecho colectivo a la informaci\u00f3n y la libertad de expresi\u00f3n\u00bb, al tiempo que explic\u00f3 que \u00abes una medida preventiva para que no haya nuevo actos que agraven la situaci\u00f3n\u00bb.<\/p>\n<p>En el fallo, al que tuvo acceso esta agencia, el magistrado sostuvo que si bien la materia es competencia de la justicia federal, act\u00faa en las facultades que le otorga \u00abel sistema de control constitucional difuso por el cual todos los jueces est\u00e1n llamados a defender la vigencia irrestricta de la Constituci\u00f3n nacional frente a los embates por parte de las autoridades p\u00fablicas que detentan el poder pol\u00edtico\u00bb.<\/p>\n<p>\u00abEstas razones fundamentan la posibilidad de los jueces de disponer medidas cautelares a\u00fan en causas ajenas a su competencia jurisdiccional, potestad que se encuentra prevista en los ordenamientos procesales, tanto de la Naci\u00f3n como de la provincia de Buenos Aires\u00bb, grafic\u00f3.<\/p>\n<p>Por ello, resolvi\u00f3 que \u00aben ejercicio de la competencia transitoria en materia cautelar se dispone \u2013con car\u00e1cter precautelar- la prohibici\u00f3n de innovar ordenando al Poder Ejecutivo Nacional se abstenga de suprimir o afectar derechos adquiridos y\/u otorgar nuevos derechos vinculados al ejercicio de la competencia y funcionamiento de la Autoridad Federal de Servicios de Comunicaci\u00f3n Audiovisual\u00bb.<\/p>\n<p>Arias explic\u00f3 que la medida rige a partir del 29 de diciembre \u00abpor lo que adem\u00e1s deja sin efecto todas las medidas adoptadas por la Intervenci\u00f3n de la Entidad y\/o el Poder Ejecutivo Nacional a partir de esa fecha\u00bb.<\/p>\n<p>La medida precautelar fue dictada en el mismo d\u00eda que el poder Ejecutivo, a trav\u00e9s del jefe de Gabinete Marcos Pe\u00f1a, anunci\u00f3 la creaci\u00f3n del Ente Nacional de Comunicaciones (Enacom), que absorber\u00e1 las funciones de la Afsca y de la Autoridad Federal de Tecnolog\u00edas de la Informaci\u00f3n y las Comunicaciones.<\/p>\n","protected":false},"excerpt":{"rendered":"<p>Luis Arias dict\u00f3 una medida precautelar mediante la cual orden\u00f3 al Ejecutivo que \u201cse abstenga de suprimir o afectar derechos adquiridos y\/u otorgar nuevos derechos vinculados al ejercicio de la competencia y funcionamiento\u00bb de la Afsca.<\/p>\n","protected":false},"author":8,"featured_media":0,"comment_status":"open","ping_status":"open","sticky":false,"template":"","format":"standard","meta":{"_jetpack_newsletter_access":"","_jetpack_dont_email_post_to_subs":false,"_jetpack_newsletter_tier_id":0,"_jetpack_memberships_contains_paywalled_content":false,"_jetpack_memberships_contains_paid_content":false,"footnotes":""},"categories":[54],"tags":[],"class_list":["post-77038","post","type-post","status-publish","format-standard","hentry","category-medios"],"jetpack_featured_media_url":"","jetpack_shortlink":"https:\/\/wp.me\/p2JWE0-k2y","jetpack-related-posts":[{"id":77052,"url":"https:\/\/www.24baires.com\/?p=77052","url_meta":{"origin":77038,"position":0},"title":"Sabbatella: \u00abLe da un poco de sensatez a una situaci\u00f3n ilegal\u00bb","author":"GB","date":"30\/12\/2015","format":false,"excerpt":"El desplazado titular de Afsca lo dijo desde la sede del organismo tras la decisi\u00f3n del juez Luis Arias de ordenar al Ejecutivo nacional que \"se abstenga de suprimir o afectar derechos adquiridos\". Desde la puerta de ese organismo, Sabbatella expres\u00f3 que \"la cautelar del juez le otorga un poco\u2026","rel":"","context":"En \u00abPol\u00edtica\u00bb","block_context":{"text":"Pol\u00edtica","link":"https:\/\/www.24baires.com\/?cat=51"},"img":{"alt_text":"sabbatella","src":"https:\/\/i0.wp.com\/www.24baires.com\/wp-content\/uploads\/2013\/10\/sabbatella.jpg?resize=350%2C200","width":350,"height":200,"srcset":"https:\/\/i0.wp.com\/www.24baires.com\/wp-content\/uploads\/2013\/10\/sabbatella.jpg?resize=350%2C200 1x, https:\/\/i0.wp.com\/www.24baires.com\/wp-content\/uploads\/2013\/10\/sabbatella.jpg?resize=525%2C300 1.5x"},"classes":[]},{"id":95259,"url":"https:\/\/www.24baires.com\/?p=95259","url_meta":{"origin":77038,"position":1},"title":"La Justicia vuelve a suspender el tarifazo el\u00e9ctrico en la Provincia","author":"GB","date":"16\/06\/2017","format":false,"excerpt":"El Juez Luis Arias hizo lugar a la medida cautelar solicitada por el Defensor del Pueblo y suspendi\u00f3 los efectos de la resoluci\u00f3n 419 que establec\u00eda los nuevos valores del cuadro tarifario. Alcanza a EDELAP, EDEA, EDEN, EDES y las cooperativas que operan en el interior de la Provincia. El\u2026","rel":"","context":"En \u00abProvincia\u00bb","block_context":{"text":"Provincia","link":"https:\/\/www.24baires.com\/?cat=40"},"img":{"alt_text":"","src":"https:\/\/i0.wp.com\/www.24baires.com\/wp-content\/uploads\/2016\/09\/boletas-de-luz.jpg?resize=350%2C200","width":350,"height":200,"srcset":"https:\/\/i0.wp.com\/www.24baires.com\/wp-content\/uploads\/2016\/09\/boletas-de-luz.jpg?resize=350%2C200 1x, https:\/\/i0.wp.com\/www.24baires.com\/wp-content\/uploads\/2016\/09\/boletas-de-luz.jpg?resize=525%2C300 1.5x"},"classes":[]},{"id":94676,"url":"https:\/\/www.24baires.com\/?p=94676","url_meta":{"origin":77038,"position":2},"title":"El Gobierno de Vidal apel\u00f3 la medida del juez Arias que frena los aumentos de luz en la regi\u00f3n","author":"GB","date":"22\/05\/2017","format":false,"excerpt":"El magistrado hab\u00eda cuestionado la \u201crazonabilidad\u201d y tom\u00f3 la resoluci\u00f3n para suspender los aumentos del servicio en toda la provincia de Buenos Aires. Sin embargo, el Poder Ejecutivo provincial solicit\u00f3 la apelaci\u00f3n de la medida judicial. El fallo del juez en lo contencioso administrativo Luis Arias dicta una medida precautelar\u2026","rel":"","context":"En \u00abProvincia\u00bb","block_context":{"text":"Provincia","link":"https:\/\/www.24baires.com\/?cat=40"},"img":{"alt_text":"","src":"https:\/\/i0.wp.com\/www.24baires.com\/wp-content\/uploads\/2016\/09\/boletas-de-luz.jpg?resize=350%2C200","width":350,"height":200,"srcset":"https:\/\/i0.wp.com\/www.24baires.com\/wp-content\/uploads\/2016\/09\/boletas-de-luz.jpg?resize=350%2C200 1x, https:\/\/i0.wp.com\/www.24baires.com\/wp-content\/uploads\/2016\/09\/boletas-de-luz.jpg?resize=525%2C300 1.5x"},"classes":[]},{"id":92844,"url":"https:\/\/www.24baires.com\/?p=92844","url_meta":{"origin":77038,"position":3},"title":"Ordenan devolver descuentos por paros y bloquean la conciliaci\u00f3n en Provincia","author":"GB","date":"06\/03\/2017","format":false,"excerpt":"Dos juzgados plasmaron fallos que perjudican la estrategia del gobierno bonaerense en medio del conflicto docente. Los descuentos y la conciliaci\u00f3n obligatoria, en jaque. Por un lado, la jueza en lo Contencioso Administrativo, Mar\u00eda Ventura Mart\u00ednez dio nuevamente curso a la demanda iniciada por el gremio docente de Udocba, para\u2026","rel":"","context":"En \u00abProvincia\u00bb","block_context":{"text":"Provincia","link":"https:\/\/www.24baires.com\/?cat=40"},"img":{"alt_text":"","src":"https:\/\/i0.wp.com\/www.24baires.com\/wp-content\/uploads\/2016\/12\/vidall.jpg?resize=350%2C200","width":350,"height":200,"srcset":"https:\/\/i0.wp.com\/www.24baires.com\/wp-content\/uploads\/2016\/12\/vidall.jpg?resize=350%2C200 1x, https:\/\/i0.wp.com\/www.24baires.com\/wp-content\/uploads\/2016\/12\/vidall.jpg?resize=525%2C300 1.5x"},"classes":[]},{"id":35154,"url":"https:\/\/www.24baires.com\/?p=35154","url_meta":{"origin":77038,"position":4},"title":"La Plata: suspenden permisos para construir edificios de m\u00e1s de tres pisos en el caso urbano","author":"AF","date":"14\/11\/2013","format":false,"excerpt":"La justicia en lo contencioso administrativo de La Plata orden\u00f3 a la municipalidad platense suspender el otorgamiento de permisos para construir edificios de m\u00e1s de tres pisos de altura en el casco urbano de la ciudad. La medida fue dispuesta por el titular del juzgado en lo contencioso administrativo local,\u2026","rel":"","context":"En \u00abLocales\u00bb","block_context":{"text":"Locales","link":"https:\/\/www.24baires.com\/?cat=38"},"img":{"alt_text":"","src":"","width":0,"height":0},"classes":[]},{"id":66956,"url":"https:\/\/www.24baires.com\/?p=66956","url_meta":{"origin":77038,"position":5},"title":"La Corte Suprema benefici\u00f3 a Cablevisi\u00f3n para que no la sancionen","author":"GB","date":"02\/06\/2015","format":false,"excerpt":"El m\u00e1ximo tribunal confirm\u00f3 una medida cautelar de la justicia federal de Mar del Plata que impide a la Autoridad Federal de Servicios de Comunicaci\u00f3n Audiovisual (AFSCA) aplicar sanciones a la empresa del Grupo Clar\u00edn por no cumplir con el ordenamiento de la grilla. La resoluci\u00f3n de los ministros Ricardo\u2026","rel":"","context":"En \u00abJUDICIALES\u00bb","block_context":{"text":"JUDICIALES","link":"https:\/\/www.24baires.com\/?cat=68"},"img":{"alt_text":"cablevisi\u00f3n","src":"https:\/\/i0.wp.com\/www.24baires.com\/wp-content\/uploads\/2012\/12\/cablevisi%C3%B3n1.jpg?resize=350%2C200","width":350,"height":200,"srcset":"https:\/\/i0.wp.com\/www.24baires.com\/wp-content\/uploads\/2012\/12\/cablevisi%C3%B3n1.jpg?resize=350%2C200 1x, https:\/\/i0.wp.com\/www.24baires.com\/wp-content\/uploads\/2012\/12\/cablevisi%C3%B3n1.jpg?resize=525%2C300 1.5x"},"classes":[]}],"jetpack_sharing_enabled":true,"jetpack_likes_enabled":true,"_links":{"self":[{"href":"https:\/\/www.24baires.com\/index.php?rest_route=\/wp\/v2\/posts\/77038","targetHints":{"allow":["GET"]}}],"collection":[{"href":"https:\/\/www.24baires.com\/index.php?rest_route=\/wp\/v2\/posts"}],"about":[{"href":"https:\/\/www.24baires.com\/index.php?rest_route=\/wp\/v2\/types\/post"}],"author":[{"embeddable":true,"href":"https:\/\/www.24baires.com\/index.php?rest_route=\/wp\/v2\/users\/8"}],"replies":[{"embeddable":true,"href":"https:\/\/www.24baires.com\/index.php?rest_route=%2Fwp%2Fv2%2Fcomments&post=77038"}],"version-history":[{"count":1,"href":"https:\/\/www.24baires.com\/index.php?rest_route=\/wp\/v2\/posts\/77038\/revisions"}],"predecessor-version":[{"id":77040,"href":"https:\/\/www.24baires.com\/index.php?rest_route=\/wp\/v2\/posts\/77038\/revisions\/77040"}],"wp:attachment":[{"href":"https:\/\/www.24baires.com\/index.php?rest_route=%2Fwp%2Fv2%2Fmedia&parent=77038"}],"wp:term":[{"taxonomy":"category","embeddable":true,"href":"https:\/\/www.24baires.com\/index.php?rest_route=%2Fwp%2Fv2%2Fcategories&post=77038"},{"taxonomy":"post_tag","embeddable":true,"href":"https:\/\/www.24baires.com\/index.php?rest_route=%2Fwp%2Fv2%2Ftags&post=77038"}],"curies":[{"name":"wp","href":"https:\/\/api.w.org\/{rel}","templated":true}]}}