{"id":77032,"date":"2015-12-30T15:00:46","date_gmt":"2015-12-30T18:00:46","guid":{"rendered":"http:\/\/www.24baires.com\/?p=77032"},"modified":"2015-12-30T14:33:10","modified_gmt":"2015-12-30T17:33:10","slug":"macri-esta-violando-los-estandares-internacionales-sobre-libertad-de-expresion","status":"publish","type":"post","link":"https:\/\/www.24baires.com\/?p=77032","title":{"rendered":"\u00abMacri est\u00e1 violando los est\u00e1ndares internacionales sobre libertad de expresi\u00f3n\u00bb"},"content":{"rendered":"<p><img data-recalc-dims=\"1\" loading=\"lazy\" decoding=\"async\" class=\"aligncenter size-full wp-image-77033\" src=\"https:\/\/i0.wp.com\/www.24baires.com\/wp-content\/uploads\/2015\/12\/graciana-pe%C3%B1afort.jpg?resize=560%2C315\" alt=\"graciana pe\u00f1afort\" width=\"560\" height=\"315\" srcset=\"https:\/\/i0.wp.com\/www.24baires.com\/wp-content\/uploads\/2015\/12\/graciana-pe%C3%B1afort.jpg?w=560&amp;ssl=1 560w, https:\/\/i0.wp.com\/www.24baires.com\/wp-content\/uploads\/2015\/12\/graciana-pe%C3%B1afort.jpg?resize=300%2C169&amp;ssl=1 300w\" sizes=\"auto, (max-width: 560px) 100vw, 560px\" \/>Graciana Pe\u00f1afort, la abogada que fue una de las autoras de la Ley de Servicios de Comunicaci\u00f3n Audiovisual critic\u00f3 con dureza la decisi\u00f3n del gobierno nacional de modificar a trav\u00e9s de un DNU la Ley de Medios.<!--more--><\/p>\n<p>A trav\u00e9s de su cuenta de Twitter, la abogada Graciana Pe\u00f1afort, una de las autoras de la Ley de Servicios de Comunicaci\u00f3n Audiovisual se refiri\u00f3 a la decisi\u00f3n anunciada esta ma\u00f1ana por el Jefe de Gabinete Marcos Pe\u00f1a de modificar la Ley de Servicios de Cominicaci\u00f3n Audiovisual.\u00bbMarcos Pe\u00f1a est\u00e1 haciendo un anuncio ilegal, antidemocr\u00e1tico y por sobre todas las cosas, que viola los est\u00e1ndares internacionales sobre libertad de expresi\u00f3n\u00bb<\/p>\n<p>\u00abEn primer t\u00e9rmino es un anuncio&#8230;como el presidente est\u00e1 de Vacaciones, no tienen el decreto firmado\u00bb por lo cual indic\u00f3: \u00abel Valor jur\u00eddico del anuncio es cero\u00bb.<\/p>\n<p>Finalmente, cuestion\u00f3 que desde Cambiemos se pretenda \u00abdisolver dos organismos creados por ley como la AFSCA y AFTIC por un decreto de necesidad y urgencia y se los ponga ambos en cabeza del Poder Ejecutivo\u00bb<\/p>\n<p>\u00abEn su informe de 2009 la Relator\u00eda Especial de Libertad de Expresi\u00f3n de la OEA afirma que `La autoridad de aplicaci\u00f3n y fiscalizaci\u00f3n deber\u00eda ser un \u00f3rgano independiente y aut\u00f3nomo del poder pol\u00edtico y econ\u00f3mico\u00b4\u00bb<\/p>\n<p>Asimismo, remarca \u00abque en su declaraci\u00f3n conjunta de 2001 los relatores para la libertad de expresi\u00f3n de la ONU, la OEA y la OSCE remarcaron que `Las entidades y \u00f3rganos gubernamentales que regulan la radiodifusi\u00f3n deben estar constitu\u00eddos de manera de estar protegidos contra las injerencias pol\u00edticas y comerciales\u00bb.<\/p>\n<p>\u201c\u00bfPor qu\u00e9 es inconstitucional? Porque avanza sobre competencias especificas del Congreso (Art.75 inc.19) como lo es el `Dictar leyes que protejan la identidad y pluralidad cultural, la libre creaci\u00f3n y circulaci\u00f3n de las obras de autor, el patrimonio art\u00edstico y los espacios culturales y audiovisuales\u00b4\u00bb.<\/p>\n<p>\u201cTambi\u00e9n es inconstitucional porque ambos organismos se financian con impuestos de asignaci\u00f3n especifica que requieren mayor\u00eda especial\u201d.<\/p>\n<p>\u201cY el Poder Ejecutivo tiene vedado dictar decretos de necesidad y urgencia sobre materia impositiva. En el Art\u00edculo 99 entre las atribuciones del Presidente de la Naci\u00f3n se especifica que `El Poder Ejecutivo no podr\u00e1 en ning\u00fan caso bajo pena de nulidad absoluta e insanable, emitir disposiciones de car\u00e1cter legislativo. Solamente cuando circunstancias excepcionales hicieran imposible seguir los tr\u00e1mites ordinarios previstos por la Constituci\u00f3n para la sanci\u00f3n de las leyes y no se trate de normas que regulen materia penal, tributaria, electoral o de r\u00e9gimen de los partidos pol\u00edticos podr\u00e1 dictar decretos de necesidad y urgencia.\u00bb<\/p>\n","protected":false},"excerpt":{"rendered":"<p>Graciana Pe\u00f1afort, la abogada que fue una de las autoras de la Ley de Servicios de Comunicaci\u00f3n Audiovisual critic\u00f3 con dureza la decisi\u00f3n del gobierno nacional de modificar a trav\u00e9s de un DNU la Ley de Medios.<\/p>\n","protected":false},"author":4,"featured_media":0,"comment_status":"open","ping_status":"open","sticky":false,"template":"","format":"standard","meta":{"_jetpack_newsletter_access":"","_jetpack_dont_email_post_to_subs":false,"_jetpack_newsletter_tier_id":0,"_jetpack_memberships_contains_paywalled_content":false,"_jetpack_memberships_contains_paid_content":false,"footnotes":""},"categories":[68,54],"tags":[],"class_list":["post-77032","post","type-post","status-publish","format-standard","hentry","category-judiciales","category-medios"],"jetpack_featured_media_url":"","jetpack_shortlink":"https:\/\/wp.me\/p2JWE0-k2s","jetpack-related-posts":[{"id":40674,"url":"https:\/\/www.24baires.com\/?p=40674","url_meta":{"origin":77032,"position":0},"title":"Pe\u00f1afort: \u00abEs un avance que ahora todos los medios est\u00e9n dentro de la ley\u00bb","author":"GB","date":"18\/02\/2014","format":false,"excerpt":"La abogada que represent\u00f3 al Estado Nacional en el marco del debate de la ley de medios, Graciana Pe\u00f1afort, se refiri\u00f3 de esta manera a la aprobaci\u00f3n, por parte del directorio de la Afsca, del plan de adecuaci\u00f3n presentado por el grupo Clar\u00edn. La abogada que represent\u00f3 al Estado Nacional\u2026","rel":"","context":"En \u00abMedios\u00bb","block_context":{"text":"Medios","link":"https:\/\/www.24baires.com\/?cat=54"},"img":{"alt_text":"","src":"","width":0,"height":0},"classes":[]},{"id":31103,"url":"https:\/\/www.24baires.com\/?p=31103","url_meta":{"origin":77032,"position":1},"title":"En la &#8216;dulce espera&#8217; del fallo de la Corte","author":"Grupo Sierra","date":"31\/08\/2013","format":false,"excerpt":"Debatimos un proyecto de ley, durante meses, de muchas maneras distintas. Por eso se la llam\u00f3 la Ley del Pueblo, porque la gente pudo discutirla y aportar sus ideas en muchas jornadas a lo largo y ancho del pa\u00eds. Y as\u00ed se nutri\u00f3 el proyecto por una ley de Medios\u2026","rel":"","context":"En \u00abOpini\u00f3n\u00bb","block_context":{"text":"Opini\u00f3n","link":"https:\/\/www.24baires.com\/?cat=64"},"img":{"alt_text":"corte suprema","src":"https:\/\/i0.wp.com\/www.24baires.com\/wp-content\/uploads\/2012\/12\/corte-suprema.jpg?resize=350%2C200","width":350,"height":200,"srcset":"https:\/\/i0.wp.com\/www.24baires.com\/wp-content\/uploads\/2012\/12\/corte-suprema.jpg?resize=350%2C200 1x, https:\/\/i0.wp.com\/www.24baires.com\/wp-content\/uploads\/2012\/12\/corte-suprema.jpg?resize=525%2C300 1.5x"},"classes":[]},{"id":30988,"url":"https:\/\/www.24baires.com\/?p=30988","url_meta":{"origin":77032,"position":2},"title":"\u00abNo se desea reducir las licencias de Clar\u00edn, se desea desconcentrar el mercado argentino\u00bb","author":"GB","date":"29\/08\/2013","format":false,"excerpt":"La Corte Suprema formul\u00f3 medio centenar de preguntas al Grupo Clar\u00edn y al Estado Nacional vinculadas a la validez constitucional de cuatro art\u00edculos de la ley, en una audiencia donde cada parte defendi\u00f3 su postura Los representantes del Estado Nacional pusieron eje en un crecimiento empresario \"monop\u00f3lico\" basado en pr\u00e1cticas\u2026","rel":"","context":"En \u00abMedios\u00bb","block_context":{"text":"Medios","link":"https:\/\/www.24baires.com\/?cat=54"},"img":{"alt_text":"Audiencia ley de medios","src":"https:\/\/i0.wp.com\/www.24baires.com\/wp-content\/uploads\/2013\/08\/Audiencia-ley-de-medios.jpg?resize=350%2C200","width":350,"height":200,"srcset":"https:\/\/i0.wp.com\/www.24baires.com\/wp-content\/uploads\/2013\/08\/Audiencia-ley-de-medios.jpg?resize=350%2C200 1x, https:\/\/i0.wp.com\/www.24baires.com\/wp-content\/uploads\/2013\/08\/Audiencia-ley-de-medios.jpg?resize=525%2C300 1.5x"},"classes":[]},{"id":76905,"url":"https:\/\/www.24baires.com\/?p=76905","url_meta":{"origin":77032,"position":3},"title":"Desde la OEA cuestionan la intervenci\u00f3n de la Afsca","author":"AF","date":"27\/12\/2015","format":false,"excerpt":"Edison Lanza sostuvo que la decisi\u00f3n del gobierno de intervenir la Afsca y desplazar de su cargo a Mart\u00edn Sabbatella es \u201cun camino poco ortodoxo\u201d y se\u00f1al\u00f3 que \"se hizo sin usar lo que indica la ley (de Servicios de Comunicaci\u00f3n Audiovisual\". \"Es un camino poco ortodoxo y hoy est\u00e1\u2026","rel":"","context":"En \u00abMedios\u00bb","block_context":{"text":"Medios","link":"https:\/\/www.24baires.com\/?cat=54"},"img":{"alt_text":"","src":"","width":0,"height":0},"classes":[]},{"id":96713,"url":"https:\/\/www.24baires.com\/?p=96713","url_meta":{"origin":77032,"position":4},"title":"\u00abLa democracia fue manipulada, montaron un show\u00bb","author":"GB","date":"14\/08\/2017","format":false,"excerpt":"El candidato a diputado, Leopoldo Moreau y la abogada Graciana Pe\u00f1afort revelaron la estrategia del Gobierno para manejar tendenciosamente el escrutinio en la Provincia. Desde Unidad Ciudadana salieron a apuntar con todo contra el gobierno nacional y la fuerza oficialista Cambiemos por la manipulaci\u00f3n de los votos y del escrutinio\u2026","rel":"","context":"En \u00abELECCIONES 2017\u00bb","block_context":{"text":"ELECCIONES 2017","link":"https:\/\/www.24baires.com\/?cat=325"},"img":{"alt_text":"","src":"https:\/\/i0.wp.com\/www.24baires.com\/wp-content\/uploads\/2017\/08\/moreau.jpg?resize=350%2C200","width":350,"height":200,"srcset":"https:\/\/i0.wp.com\/www.24baires.com\/wp-content\/uploads\/2017\/08\/moreau.jpg?resize=350%2C200 1x, https:\/\/i0.wp.com\/www.24baires.com\/wp-content\/uploads\/2017\/08\/moreau.jpg?resize=525%2C300 1.5x"},"classes":[]},{"id":77038,"url":"https:\/\/www.24baires.com\/?p=77038","url_meta":{"origin":77032,"position":5},"title":"El juez Luis Arias dej\u00f3 sin efecto las medidas tras la intervenci\u00f3n de la AFSCA","author":"GB","date":"30\/12\/2015","format":false,"excerpt":"Luis Arias dict\u00f3 una medida precautelar mediante la cual orden\u00f3 al Ejecutivo que \u201cse abstenga de suprimir o afectar derechos adquiridos y\/u otorgar nuevos derechos vinculados al ejercicio de la competencia y funcionamiento\" de la Afsca. El juez en lo contencioso administrativo de La Plata, Luis Arias, dict\u00f3 una medida\u2026","rel":"","context":"En \u00abMedios\u00bb","block_context":{"text":"Medios","link":"https:\/\/www.24baires.com\/?cat=54"},"img":{"alt_text":"afsca","src":"https:\/\/i0.wp.com\/www.24baires.com\/wp-content\/uploads\/2015\/12\/afsca.jpg?resize=350%2C200","width":350,"height":200,"srcset":"https:\/\/i0.wp.com\/www.24baires.com\/wp-content\/uploads\/2015\/12\/afsca.jpg?resize=350%2C200 1x, https:\/\/i0.wp.com\/www.24baires.com\/wp-content\/uploads\/2015\/12\/afsca.jpg?resize=525%2C300 1.5x"},"classes":[]}],"jetpack_sharing_enabled":true,"jetpack_likes_enabled":true,"_links":{"self":[{"href":"https:\/\/www.24baires.com\/index.php?rest_route=\/wp\/v2\/posts\/77032","targetHints":{"allow":["GET"]}}],"collection":[{"href":"https:\/\/www.24baires.com\/index.php?rest_route=\/wp\/v2\/posts"}],"about":[{"href":"https:\/\/www.24baires.com\/index.php?rest_route=\/wp\/v2\/types\/post"}],"author":[{"embeddable":true,"href":"https:\/\/www.24baires.com\/index.php?rest_route=\/wp\/v2\/users\/4"}],"replies":[{"embeddable":true,"href":"https:\/\/www.24baires.com\/index.php?rest_route=%2Fwp%2Fv2%2Fcomments&post=77032"}],"version-history":[{"count":1,"href":"https:\/\/www.24baires.com\/index.php?rest_route=\/wp\/v2\/posts\/77032\/revisions"}],"predecessor-version":[{"id":77034,"href":"https:\/\/www.24baires.com\/index.php?rest_route=\/wp\/v2\/posts\/77032\/revisions\/77034"}],"wp:attachment":[{"href":"https:\/\/www.24baires.com\/index.php?rest_route=%2Fwp%2Fv2%2Fmedia&parent=77032"}],"wp:term":[{"taxonomy":"category","embeddable":true,"href":"https:\/\/www.24baires.com\/index.php?rest_route=%2Fwp%2Fv2%2Fcategories&post=77032"},{"taxonomy":"post_tag","embeddable":true,"href":"https:\/\/www.24baires.com\/index.php?rest_route=%2Fwp%2Fv2%2Ftags&post=77032"}],"curies":[{"name":"wp","href":"https:\/\/api.w.org\/{rel}","templated":true}]}}