{"id":77028,"date":"2015-12-30T14:00:07","date_gmt":"2015-12-30T17:00:07","guid":{"rendered":"http:\/\/www.24baires.com\/?p=77028"},"modified":"2015-12-30T13:56:34","modified_gmt":"2015-12-30T16:56:34","slug":"el-gobierno-creara-el-ente-nacional-de-comunicaciones","status":"publish","type":"post","link":"https:\/\/www.24baires.com\/?p=77028","title":{"rendered":"El Gobierno crear\u00e1 el Ente Nacional de Comunicaciones"},"content":{"rendered":"<p>El jefe de Gabinete, Marcos Pe\u00f1a, anunci\u00f3 en conferencia de prensa que el ente estar\u00e1 bajo la direcci\u00f3n de Miguel de Godoy. El funcionario se\u00f1al\u00f3 que, mediante DNU, se crea este organismo que \u00abregular\u00e1 las comunicaciones\u00bb y que absorver\u00e1 a los intervenidos AFSCA y AFTIC.<!--more--><\/p>\n<p>\u00abLa entidad tendr\u00e1 representaci\u00f3n parlamentaria\u00bb, confirm\u00f3 Pe\u00f1a desde Casa de Gobierno.<\/p>\n<p>Contacto con la prensa. Pe\u00f1a asegur\u00f3 que por decisi\u00f3n del presidente Mauricio Macri, \u00abse termina la guerra del Estado contra el periodismo\u00bb y \u00abcomienza una pol\u00edtica p\u00fablica de comunicaciones del siglo XXI\u00bb.<\/p>\n<p>Junto al jefe de Gabinete, participan de la rueda de prensa el ministro de Comunicaciones, Oscar Aguad, y Miguel de Godoy por la AFSCA.<\/p>\n","protected":false},"excerpt":{"rendered":"<p>El jefe de Gabinete, Marcos Pe\u00f1a, anunci\u00f3 en conferencia de prensa que el ente estar\u00e1 bajo la direcci\u00f3n de Miguel de Godoy. El funcionario se\u00f1al\u00f3 que, mediante DNU, se crea este organismo que \u00abregular\u00e1 las comunicaciones\u00bb y que absorver\u00e1 a los intervenidos AFSCA y AFTIC.<\/p>\n","protected":false},"author":4,"featured_media":0,"comment_status":"open","ping_status":"open","sticky":false,"template":"","format":"standard","meta":{"_jetpack_newsletter_access":"","_jetpack_dont_email_post_to_subs":false,"_jetpack_newsletter_tier_id":0,"_jetpack_memberships_contains_paywalled_content":false,"_jetpack_memberships_contains_paid_content":false,"footnotes":""},"categories":[54],"tags":[],"class_list":["post-77028","post","type-post","status-publish","format-standard","hentry","category-medios"],"jetpack_featured_media_url":"","jetpack_shortlink":"https:\/\/wp.me\/p2JWE0-k2o","jetpack-related-posts":[{"id":77016,"url":"https:\/\/www.24baires.com\/?p=77016","url_meta":{"origin":77028,"position":0},"title":"El Gobierno modific\u00f3 la Ley de Medios por DNU","author":"AF","date":"30\/12\/2015","format":false,"excerpt":"\"Hoy se termina la guerra del Estado contra el periodismo\", afirm\u00f3 el Jefe de Gabinete, Marcos Pe\u00f1a en una conferencia de prensa en Casa de Gobierno. El Jefe de Gabinete, Marcos Pe\u00f1a, anunci\u00f3 hoy la modificaci\u00f3n por decreto de las leyes de Servicios de Comunicaci\u00f3n Audiovisual y de Argentina Digital,\u2026","rel":"","context":"En \u00abMedios\u00bb","block_context":{"text":"Medios","link":"https:\/\/www.24baires.com\/?cat=54"},"img":{"alt_text":"pe\u00f1a","src":"https:\/\/i0.wp.com\/www.24baires.com\/wp-content\/uploads\/2015\/11\/pe%C3%B1a.jpg?resize=350%2C200","width":350,"height":200,"srcset":"https:\/\/i0.wp.com\/www.24baires.com\/wp-content\/uploads\/2015\/11\/pe%C3%B1a.jpg?resize=350%2C200 1x, https:\/\/i0.wp.com\/www.24baires.com\/wp-content\/uploads\/2015\/11\/pe%C3%B1a.jpg?resize=525%2C300 1.5x"},"classes":[]},{"id":77113,"url":"https:\/\/www.24baires.com\/?p=77113","url_meta":{"origin":77028,"position":1},"title":"Oficializan la creaci\u00f3n del Enacom y las modificaciones a las leyes de medios","author":"AF","date":"04\/01\/2016","format":false,"excerpt":"La creaci\u00f3n del Ente Nacional de Comunicaciones, como ente aut\u00e1rquico en el \u00e1mbito del ministerio de Comunicaciones, qued\u00f3 oficializada con la publicaci\u00f3n en el Bolet\u00edn Oficial del decreto 267, y que modifica varios art\u00edculos de la ley de Servicios de Comunicaci\u00f3n Audiovisual y de Argentina Digital. Seg\u00fan el art\u00edculo 2\u2026","rel":"","context":"En \u00abPol\u00edtica\u00bb","block_context":{"text":"Pol\u00edtica","link":"https:\/\/www.24baires.com\/?cat=51"},"img":{"alt_text":"","src":"","width":0,"height":0},"classes":[]},{"id":76915,"url":"https:\/\/www.24baires.com\/?p=76915","url_meta":{"origin":77028,"position":2},"title":"Asumi\u00f3 Garz\u00f3n como intervertor de la AFSCA","author":"AF","date":"28\/12\/2015","format":false,"excerpt":"El nuevo titular lleg\u00f3 a las 8 a la sede del organismo, acompa\u00f1ado por Miguel de Godoy, quien ser\u00eda el pr\u00f3ximo presidente. Empezar\u00e1 una investigaci\u00f3n interna sobre el funcionamiento y estado actual del ente. Por otra parte, directores nombrados por la anterior gesti\u00f3n denunciaron que se les proh\u00edbe el ingreso\u2026","rel":"","context":"En \u00abMedios\u00bb","block_context":{"text":"Medios","link":"https:\/\/www.24baires.com\/?cat=54"},"img":{"alt_text":"","src":"","width":0,"height":0},"classes":[]},{"id":79859,"url":"https:\/\/www.24baires.com\/?p=79859","url_meta":{"origin":77028,"position":3},"title":"El Gobierno considera que el Grupo Clar\u00edn ya se adecu\u00f3 a la Ley de Medios","author":"GB","date":"08\/03\/2016","format":false,"excerpt":"El Ente Nacional de Comunicaciones resolvi\u00f3 dar por finalizados los procesos de adecuaci\u00f3n de los conglomerados period\u00edsticos \"con el objetivo de mirar hacia delante\". El Ente Nacional de Comunicaciones (ENaCom) que reemplaz\u00f3 a la Autoridad Federal de Servicios de Comunicaci\u00f3n Audiovisual (AFSCA) dio hoy por finalizados los procesos de adecuaci\u00f3n\u2026","rel":"","context":"En \u00abMedios\u00bb","block_context":{"text":"Medios","link":"https:\/\/www.24baires.com\/?cat=54"},"img":{"alt_text":"enacom","src":"https:\/\/i0.wp.com\/www.24baires.com\/wp-content\/uploads\/2016\/03\/enacom.jpg?resize=350%2C200","width":350,"height":200,"srcset":"https:\/\/i0.wp.com\/www.24baires.com\/wp-content\/uploads\/2016\/03\/enacom.jpg?resize=350%2C200 1x, https:\/\/i0.wp.com\/www.24baires.com\/wp-content\/uploads\/2016\/03\/enacom.jpg?resize=525%2C300 1.5x"},"classes":[]},{"id":85061,"url":"https:\/\/www.24baires.com\/?p=85061","url_meta":{"origin":77028,"position":4},"title":"Vidal y Garro salieron a tocar timbres en Ramos Mej\u00eda y en La Plata","author":"AF","date":"17\/07\/2016","format":false,"excerpt":"La gobernadora Mar\u00eda Eugenia Vidal, junto al jefe de Gabinete de la Naci\u00f3n Marcos Pe\u00f1a y la ministra de Desarrollo Social Carolina Stanley participaron de lo que denominaron el tercer timbreo nacional en Ramos Mej\u00eda donde conversaron con los vecinos para escuchar sus inquietudes y comentarles los proyectos para los\u2026","rel":"","context":"En \u00abProvincia\u00bb","block_context":{"text":"Provincia","link":"https:\/\/www.24baires.com\/?cat=40"},"img":{"alt_text":"vidal garro","src":"https:\/\/i0.wp.com\/www.24baires.com\/wp-content\/uploads\/2016\/07\/vidal-garro.png?resize=350%2C200","width":350,"height":200},"classes":[]},{"id":77453,"url":"https:\/\/www.24baires.com\/?p=77453","url_meta":{"origin":77028,"position":5},"title":"Jueces Federales aceptaron amparo contra los DNU de Macri por la Ley de Medios y la AFSCA","author":"GB","date":"11\/01\/2016","format":false,"excerpt":"Dos jueces federales de Ciudad de Buenos Aires y San Mart\u00edn aceptaron, respectivamente, los amparos presentados por una asociaci\u00f3n de consumidores y una organizaci\u00f3n de comunicaci\u00f3n popular, dejando interinamente sin efecto los decretos 13\/15, 236\/15 y 267\/15 mediante los cuales el presidente Mauricio Macri intervino la AFSCA, desplaz\u00f3 a su\u2026","rel":"","context":"En \u00abPol\u00edtica\u00bb","block_context":{"text":"Pol\u00edtica","link":"https:\/\/www.24baires.com\/?cat=51"},"img":{"alt_text":"","src":"","width":0,"height":0},"classes":[]}],"jetpack_sharing_enabled":true,"jetpack_likes_enabled":true,"_links":{"self":[{"href":"https:\/\/www.24baires.com\/index.php?rest_route=\/wp\/v2\/posts\/77028","targetHints":{"allow":["GET"]}}],"collection":[{"href":"https:\/\/www.24baires.com\/index.php?rest_route=\/wp\/v2\/posts"}],"about":[{"href":"https:\/\/www.24baires.com\/index.php?rest_route=\/wp\/v2\/types\/post"}],"author":[{"embeddable":true,"href":"https:\/\/www.24baires.com\/index.php?rest_route=\/wp\/v2\/users\/4"}],"replies":[{"embeddable":true,"href":"https:\/\/www.24baires.com\/index.php?rest_route=%2Fwp%2Fv2%2Fcomments&post=77028"}],"version-history":[{"count":1,"href":"https:\/\/www.24baires.com\/index.php?rest_route=\/wp\/v2\/posts\/77028\/revisions"}],"predecessor-version":[{"id":77030,"href":"https:\/\/www.24baires.com\/index.php?rest_route=\/wp\/v2\/posts\/77028\/revisions\/77030"}],"wp:attachment":[{"href":"https:\/\/www.24baires.com\/index.php?rest_route=%2Fwp%2Fv2%2Fmedia&parent=77028"}],"wp:term":[{"taxonomy":"category","embeddable":true,"href":"https:\/\/www.24baires.com\/index.php?rest_route=%2Fwp%2Fv2%2Fcategories&post=77028"},{"taxonomy":"post_tag","embeddable":true,"href":"https:\/\/www.24baires.com\/index.php?rest_route=%2Fwp%2Fv2%2Ftags&post=77028"}],"curies":[{"name":"wp","href":"https:\/\/api.w.org\/{rel}","templated":true}]}}