{"id":77016,"date":"2015-12-30T11:00:46","date_gmt":"2015-12-30T14:00:46","guid":{"rendered":"http:\/\/www.24baires.com\/?p=77016"},"modified":"2015-12-31T08:28:24","modified_gmt":"2015-12-31T11:28:24","slug":"el-gobierno-modifico-la-ley-de-medios-por-dnu","status":"publish","type":"post","link":"https:\/\/www.24baires.com\/?p=77016","title":{"rendered":"El Gobierno modific\u00f3 la Ley de Medios por DNU"},"content":{"rendered":"<p><img data-recalc-dims=\"1\" loading=\"lazy\" decoding=\"async\" class=\"aligncenter size-full wp-image-75612\" src=\"https:\/\/i0.wp.com\/www.24baires.com\/wp-content\/uploads\/2015\/11\/pe%C3%B1a.jpg?resize=560%2C313\" alt=\"pe\u00f1a\" width=\"560\" height=\"313\" srcset=\"https:\/\/i0.wp.com\/www.24baires.com\/wp-content\/uploads\/2015\/11\/pe%C3%B1a.jpg?w=560&amp;ssl=1 560w, https:\/\/i0.wp.com\/www.24baires.com\/wp-content\/uploads\/2015\/11\/pe%C3%B1a.jpg?resize=300%2C168&amp;ssl=1 300w\" sizes=\"auto, (max-width: 560px) 100vw, 560px\" \/>\u00abHoy se termina la guerra del Estado contra el periodismo\u00bb, afirm\u00f3 el Jefe de Gabinete, Marcos Pe\u00f1a en una conferencia de prensa en Casa de Gobierno.<!--more--><\/p>\n<p>El Jefe de Gabinete, Marcos Pe\u00f1a, anunci\u00f3 hoy la modificaci\u00f3n por decreto de las leyes de Servicios de Comunicaci\u00f3n Audiovisual y de Argentina Digital, la creaci\u00f3n de un Ente Nacional de Comunicaciones (Enacom) que fusione la AFSCA y la AFTIC y la creaci\u00f3n de una comisi\u00f3n bicameral que discuta una nueva Ley de Comunicaciones.<\/p>\n<p>\u00abHoy, por decisi\u00f3n del presidente Mauricio Macri, se termina la guerra del Estado contra el periodismo\u00bb, afirm\u00f3 Pe\u00f1a en conferencia de prensa junto al ministro de Comunicaciones, Oscar Aguad, y el futuro titular del Enacom, Miguel De Godoy. \u00abEl saldo de esa guerra es malo para todos: no ha habido un aumento de cantidad de medios ni de conectividad\u00bb, sostuvo, y agreg\u00f3 que \u00abcomienza una pol\u00edtica p\u00fablica de comunicaciones del siglo XXI en la Argentina\u00bb.<\/p>\n<p>El 22 de noviembre, el Poder Ejecutivo decret\u00f3 la intervenci\u00f3n del organismo encargado de aplicar la Ley de Servicios de Comunicaci\u00f3n Audiovisual, desplaz\u00f3 de su cargo a Mart\u00edn Sabbatella y nombr\u00f3 como interventor a Agust\u00edn Garz\u00f3n, que al asumir el pasado lunes adelant\u00f3 que realizar\u00eda una auditor\u00eda interna, en especial para conocer las condiciones en las que fue contratado el personal.<\/p>\n<p>De Godoy, que acompa\u00f1\u00f3 a Garz\u00f3n, aclar\u00f3 ese d\u00eda que quien \u00abfue bien nombrado y trabaja, no tiene de qu\u00e9 preocuparse\u00bb y reiter\u00f3 que \u00abno es la idea de este gobierno derogar la ley de Medios\u00bb. Sin embargo, afirm\u00f3: \u00abEsperamos encontrar que las cosas est\u00e1n bien para trabajar bien, si est\u00e1n mal ser\u00e1 una pena y tendremos que hacer cambios\u00bb.<\/p>\n<p>&nbsp;<\/p>\n<p>&nbsp;<\/p>\n<p>&nbsp;<\/p>\n<p>&nbsp;<\/p>\n<p>&nbsp;<\/p>\n<p>&nbsp;<\/p>\n<p>&nbsp;<\/p>\n<p>&nbsp;<\/p>\n<p>&nbsp;<\/p>\n<p>&nbsp;<\/p>\n<p>&nbsp;<\/p>\n<p>&nbsp;<\/p>\n<p>&nbsp;<\/p>\n<p>&nbsp;<\/p>\n<p>&nbsp;<\/p>\n<p>&nbsp;<\/p>\n","protected":false},"excerpt":{"rendered":"<p>\u00abHoy se termina la guerra del Estado contra el periodismo\u00bb, afirm\u00f3 el Jefe de Gabinete, Marcos Pe\u00f1a en una conferencia de prensa en Casa de Gobierno.<\/p>\n","protected":false},"author":4,"featured_media":0,"comment_status":"open","ping_status":"open","sticky":false,"template":"","format":"standard","meta":{"_jetpack_newsletter_access":"","_jetpack_dont_email_post_to_subs":false,"_jetpack_newsletter_tier_id":0,"_jetpack_memberships_contains_paywalled_content":false,"_jetpack_memberships_contains_paid_content":false,"footnotes":""},"categories":[54],"tags":[],"class_list":["post-77016","post","type-post","status-publish","format-standard","hentry","category-medios"],"jetpack_featured_media_url":"","jetpack_shortlink":"https:\/\/wp.me\/p2JWE0-k2c","jetpack-related-posts":[{"id":77113,"url":"https:\/\/www.24baires.com\/?p=77113","url_meta":{"origin":77016,"position":0},"title":"Oficializan la creaci\u00f3n del Enacom y las modificaciones a las leyes de medios","author":"AF","date":"04\/01\/2016","format":false,"excerpt":"La creaci\u00f3n del Ente Nacional de Comunicaciones, como ente aut\u00e1rquico en el \u00e1mbito del ministerio de Comunicaciones, qued\u00f3 oficializada con la publicaci\u00f3n en el Bolet\u00edn Oficial del decreto 267, y que modifica varios art\u00edculos de la ley de Servicios de Comunicaci\u00f3n Audiovisual y de Argentina Digital. Seg\u00fan el art\u00edculo 2\u2026","rel":"","context":"En \u00abPol\u00edtica\u00bb","block_context":{"text":"Pol\u00edtica","link":"https:\/\/www.24baires.com\/?cat=51"},"img":{"alt_text":"","src":"","width":0,"height":0},"classes":[]},{"id":77028,"url":"https:\/\/www.24baires.com\/?p=77028","url_meta":{"origin":77016,"position":1},"title":"El Gobierno crear\u00e1 el Ente Nacional de Comunicaciones","author":"AF","date":"30\/12\/2015","format":false,"excerpt":"El jefe de Gabinete, Marcos Pe\u00f1a, anunci\u00f3 en conferencia de prensa que el ente estar\u00e1 bajo la direcci\u00f3n de Miguel de Godoy. El funcionario se\u00f1al\u00f3 que, mediante DNU, se crea este organismo que \"regular\u00e1 las comunicaciones\" y que absorver\u00e1 a los intervenidos AFSCA y AFTIC. \"La entidad tendr\u00e1 representaci\u00f3n parlamentaria\",\u2026","rel":"","context":"En \u00abMedios\u00bb","block_context":{"text":"Medios","link":"https:\/\/www.24baires.com\/?cat=54"},"img":{"alt_text":"","src":"","width":0,"height":0},"classes":[]},{"id":79859,"url":"https:\/\/www.24baires.com\/?p=79859","url_meta":{"origin":77016,"position":2},"title":"El Gobierno considera que el Grupo Clar\u00edn ya se adecu\u00f3 a la Ley de Medios","author":"GB","date":"08\/03\/2016","format":false,"excerpt":"El Ente Nacional de Comunicaciones resolvi\u00f3 dar por finalizados los procesos de adecuaci\u00f3n de los conglomerados period\u00edsticos \"con el objetivo de mirar hacia delante\". El Ente Nacional de Comunicaciones (ENaCom) que reemplaz\u00f3 a la Autoridad Federal de Servicios de Comunicaci\u00f3n Audiovisual (AFSCA) dio hoy por finalizados los procesos de adecuaci\u00f3n\u2026","rel":"","context":"En \u00abMedios\u00bb","block_context":{"text":"Medios","link":"https:\/\/www.24baires.com\/?cat=54"},"img":{"alt_text":"enacom","src":"https:\/\/i0.wp.com\/www.24baires.com\/wp-content\/uploads\/2016\/03\/enacom.jpg?resize=350%2C200","width":350,"height":200,"srcset":"https:\/\/i0.wp.com\/www.24baires.com\/wp-content\/uploads\/2016\/03\/enacom.jpg?resize=350%2C200 1x, https:\/\/i0.wp.com\/www.24baires.com\/wp-content\/uploads\/2016\/03\/enacom.jpg?resize=525%2C300 1.5x"},"classes":[]},{"id":106464,"url":"https:\/\/www.24baires.com\/?p=106464","url_meta":{"origin":77016,"position":3},"title":"El Gobierno privatiz\u00f3 bandas de comunicaciones m\u00f3viles que pertenec\u00edan a Arsat","author":"GB","date":"21\/01\/2019","format":false,"excerpt":"Sin lugar a la discusi\u00f3n, la administraci\u00f3n de Mauricio Macri modific\u00f3 la Ley de Desarrollo de la Industria Satelital que en su art\u00edculo 11 reservaba en forma exclusiva las bandas de frecuencias para Arsat, mientras que ahora el ENACOM podr\u00e1 otorgarle dichas bandas de comunicaciones a prestadores de servicios privados\u2026","rel":"","context":"En \u00abPol\u00edtica\u00bb","block_context":{"text":"Pol\u00edtica","link":"https:\/\/www.24baires.com\/?cat=51"},"img":{"alt_text":"","src":"https:\/\/i0.wp.com\/www.24baires.com\/wp-content\/uploads\/2018\/09\/macri.jpg?resize=350%2C200","width":350,"height":200,"srcset":"https:\/\/i0.wp.com\/www.24baires.com\/wp-content\/uploads\/2018\/09\/macri.jpg?resize=350%2C200 1x, https:\/\/i0.wp.com\/www.24baires.com\/wp-content\/uploads\/2018\/09\/macri.jpg?resize=525%2C300 1.5x"},"classes":[]},{"id":90403,"url":"https:\/\/www.24baires.com\/?p=90403","url_meta":{"origin":77016,"position":4},"title":"Tras once meses, el Gobierno de Macri avanza en la demorada Ley de Medios","author":"GB","date":"30\/11\/2016","format":false,"excerpt":"En marzo le presentar\u00e1n la propuesta para debatir en el Congreso. La directora de Enacom anticip\u00f3 que el objetivo es \"tener una infraestructura de comunicaciones adecuada\". Luego de destruir la Ley de Medios aprobada por los tres poderes del Estado, el macrismo despu\u00e9s de once meses avanza en una nueva\u2026","rel":"","context":"En \u00abMedios\u00bb","block_context":{"text":"Medios","link":"https:\/\/www.24baires.com\/?cat=54"},"img":{"alt_text":"","src":"","width":0,"height":0},"classes":[]},{"id":110882,"url":"https:\/\/www.24baires.com\/?p=110882","url_meta":{"origin":77016,"position":5},"title":"El Gobierno redujo a la mitad el espacio para los spots de campa\u00f1a","author":"GB","date":"21\/06\/2019","format":false,"excerpt":"El Gobierno dispuso que los medios de comunicaci\u00f3n deber\u00e1n ceder gratuitamente el 5% de doce horas de programaci\u00f3n \"para la difusi\u00f3n de mensajes de campa\u00f1a electoral\" tanto para las PASO como para las elecciones generales, la mitad de lo que se hab\u00eda dispuesto en 2015. El decreto 429\/2019, firmado por\u2026","rel":"","context":"En \u00abElecciones\u00bb","block_context":{"text":"Elecciones","link":"https:\/\/www.24baires.com\/?cat=316"},"img":{"alt_text":"","src":"https:\/\/i0.wp.com\/www.24baires.com\/wp-content\/uploads\/2019\/03\/MACRI-CONGRESO.png?resize=350%2C200","width":350,"height":200,"srcset":"https:\/\/i0.wp.com\/www.24baires.com\/wp-content\/uploads\/2019\/03\/MACRI-CONGRESO.png?resize=350%2C200 1x, https:\/\/i0.wp.com\/www.24baires.com\/wp-content\/uploads\/2019\/03\/MACRI-CONGRESO.png?resize=525%2C300 1.5x"},"classes":[]}],"jetpack_sharing_enabled":true,"jetpack_likes_enabled":true,"_links":{"self":[{"href":"https:\/\/www.24baires.com\/index.php?rest_route=\/wp\/v2\/posts\/77016","targetHints":{"allow":["GET"]}}],"collection":[{"href":"https:\/\/www.24baires.com\/index.php?rest_route=\/wp\/v2\/posts"}],"about":[{"href":"https:\/\/www.24baires.com\/index.php?rest_route=\/wp\/v2\/types\/post"}],"author":[{"embeddable":true,"href":"https:\/\/www.24baires.com\/index.php?rest_route=\/wp\/v2\/users\/4"}],"replies":[{"embeddable":true,"href":"https:\/\/www.24baires.com\/index.php?rest_route=%2Fwp%2Fv2%2Fcomments&post=77016"}],"version-history":[{"count":1,"href":"https:\/\/www.24baires.com\/index.php?rest_route=\/wp\/v2\/posts\/77016\/revisions"}],"predecessor-version":[{"id":77017,"href":"https:\/\/www.24baires.com\/index.php?rest_route=\/wp\/v2\/posts\/77016\/revisions\/77017"}],"wp:attachment":[{"href":"https:\/\/www.24baires.com\/index.php?rest_route=%2Fwp%2Fv2%2Fmedia&parent=77016"}],"wp:term":[{"taxonomy":"category","embeddable":true,"href":"https:\/\/www.24baires.com\/index.php?rest_route=%2Fwp%2Fv2%2Fcategories&post=77016"},{"taxonomy":"post_tag","embeddable":true,"href":"https:\/\/www.24baires.com\/index.php?rest_route=%2Fwp%2Fv2%2Ftags&post=77016"}],"curies":[{"name":"wp","href":"https:\/\/api.w.org\/{rel}","templated":true}]}}