{"id":76991,"date":"2015-12-29T18:21:06","date_gmt":"2015-12-29T21:21:06","guid":{"rendered":"http:\/\/www.24baires.com\/?p=76991"},"modified":"2015-12-30T10:51:01","modified_gmt":"2015-12-30T13:51:01","slug":"amparos-y-cautelares-en-todo-el-pais-contra-la-intervencion-de-la-afsca","status":"publish","type":"post","link":"https:\/\/www.24baires.com\/?p=76991","title":{"rendered":"Amparos y cautelares en todo el pa\u00eds contra la intervenci\u00f3n de la AFSCA"},"content":{"rendered":"<p><img data-recalc-dims=\"1\" loading=\"lazy\" decoding=\"async\" class=\"aligncenter size-full wp-image-76803\" src=\"https:\/\/i0.wp.com\/www.24baires.com\/wp-content\/uploads\/2015\/12\/AFSCA.jpg?resize=560%2C415\" alt=\"AFSCA\" width=\"560\" height=\"415\" srcset=\"https:\/\/i0.wp.com\/www.24baires.com\/wp-content\/uploads\/2015\/12\/AFSCA.jpg?w=560&amp;ssl=1 560w, https:\/\/i0.wp.com\/www.24baires.com\/wp-content\/uploads\/2015\/12\/AFSCA.jpg?resize=300%2C222&amp;ssl=1 300w\" sizes=\"auto, (max-width: 560px) 100vw, 560px\" \/>Funcionarios de todo el pa\u00eds vinculados a los medios y la comunicaci\u00f3n presentaron ante la Justicia recursos de amparo y cautelares contra la intervenci\u00f3n de la AFSCA. La Senadora Nacional del Frente para la Victoria, Liliana Fellner, arremeti\u00f3 contra Macri y asegur\u00f3 que \u201cel presidente se llev\u00f3 puesto a los directores del Congreso\u201d.<!--more--><\/p>\n<p>La presidenta de la comisi\u00f3n bicameral a cargo de controlar a las autoridades de aplicaci\u00f3n de la Ley de Medios y de la Ley Argentina Digital, Liliana Fellner, intenta frenar la intervenci\u00f3n y remoci\u00f3n de los directores de ambos organismos. Sostuvo que en lugar de modificar leyes por decreto, el presidente deber\u00eda enviar proyectos al Congreso.<\/p>\n<p>En este marco, la funcionaria present\u00f3 ante el <strong>Juzgado N\u00b02 de Jujuy<\/strong> una acci\u00f3n de amparo y una solicitud de medida cautelar con el prop\u00f3sito de frenar los decretos del presidente Mauricio Macri por el cual se coloc\u00f3 a ambos organismos bajo la \u00f3rbita del nuevo Ministerio de Comunicaciones y luego se intervino y se removi\u00f3 a todos sus directores.<\/p>\n<p>En los fundamentos de las presentaciones, la senadora por Jujuy record\u00f3 que la Ley de Medios y la Ley Argentina Digital \u201cponen en cabeza de la comisi\u00f3n bicameral el control y evaluaci\u00f3n de todos los directores y el deber de nombrar a tres directores en AFSCA y en AFTIC\u201d.<\/p>\n<p>En este sentido, asegur\u00f3 que \u201cel decreto (del presidente) se llev\u00f3 puesto todo, no s\u00f3lo a los directores nombrados por el Consejo Federal de Comunicaci\u00f3n Audiovisual (COFECA) sino tambi\u00e9n por el Congreso Nacional\u201d.<\/p>\n<p><strong>EN R\u00cdO NEGRO<\/strong><\/p>\n<p>Por otro lado, desde Viedma el representante del Foro Argentino de Radios Comunitarias en el Consejo Federal de Comunicaci\u00f3n Audiovisual, Nestor Busso, present\u00f3 un recurso de amparo junto con un pedido de medida cautelar que exige una pronta actuaci\u00f3n judicial sobre el decreto que dispone la creaci\u00f3n del Ministerio de Comunicaciones d\u00e1ndole las funciones que por ley tiene la AFSCA y sobre el decreto de intervenci\u00f3n del organismo.<\/p>\n<p>As\u00ed mismo, Busso consider\u00f3 que los decretos del flamante Presidente \u00abson violatorios a la Ley, a la Constituci\u00f3n Nacional y a tratados internacionales\u201d.<\/p>\n<p><strong>TAMBI\u00c9N EN MAR DEL PLATA<\/strong><\/p>\n<p>Tambi\u00e9n en Mar del Plata, el Consejero del Consejo Federal de Comunicaci\u00f3n Audiovisual, Osvaldo Franc\u00e9s, representante de A.R.B.I.A, tambi\u00e9n present\u00f3 un amparo y solicitud de medida cautelar que se radic\u00f3 ante el Juzgado Federal N\u00ba 4 de dicha ciudad, a cargo del Magistrado Alfredo L\u00f3pez.<\/p>\n<p>En el amparo, que\u00a0fue elaborado por\u00a0 prestigiosos abogados y suscripto por el Dr. Cesar Sivo como patrocinante, se manifiesta que el CoFeCA, \u00f3rgano que representa a todas las provincias y sectores de la comunicaci\u00f3n, ha visto lesionadas sus atribuciones por la medida tomada por el Poder Ejecutivo Nacional.<\/p>\n","protected":false},"excerpt":{"rendered":"<p>Funcionarios de todo el pa\u00eds vinculados a los medios y la comunicaci\u00f3n presentaron ante la Justicia recursos de amparo y cautelares contra la intervenci\u00f3n de la AFSCA. La Senadora Nacional del Frente para la Victoria, Liliana Fellner, arremeti\u00f3 contra Macri y asegur\u00f3 que \u201cel presidente se llev\u00f3 puesto a los directores del Congreso\u201d.<\/p>\n","protected":false},"author":8,"featured_media":0,"comment_status":"open","ping_status":"open","sticky":false,"template":"","format":"standard","meta":{"_jetpack_newsletter_access":"","_jetpack_dont_email_post_to_subs":false,"_jetpack_newsletter_tier_id":0,"_jetpack_memberships_contains_paywalled_content":false,"_jetpack_memberships_contains_paid_content":false,"footnotes":""},"categories":[54],"tags":[],"class_list":["post-76991","post","type-post","status-publish","format-standard","hentry","category-medios"],"jetpack_featured_media_url":"","jetpack_shortlink":"https:\/\/wp.me\/p2JWE0-k1N","jetpack-related-posts":[{"id":77453,"url":"https:\/\/www.24baires.com\/?p=77453","url_meta":{"origin":76991,"position":0},"title":"Jueces Federales aceptaron amparo contra los DNU de Macri por la Ley de Medios y la AFSCA","author":"GB","date":"11\/01\/2016","format":false,"excerpt":"Dos jueces federales de Ciudad de Buenos Aires y San Mart\u00edn aceptaron, respectivamente, los amparos presentados por una asociaci\u00f3n de consumidores y una organizaci\u00f3n de comunicaci\u00f3n popular, dejando interinamente sin efecto los decretos 13\/15, 236\/15 y 267\/15 mediante los cuales el presidente Mauricio Macri intervino la AFSCA, desplaz\u00f3 a su\u2026","rel":"","context":"En \u00abPol\u00edtica\u00bb","block_context":{"text":"Pol\u00edtica","link":"https:\/\/www.24baires.com\/?cat=51"},"img":{"alt_text":"","src":"","width":0,"height":0},"classes":[]},{"id":2333,"url":"https:\/\/www.24baires.com\/?p=2333","url_meta":{"origin":76991,"position":1},"title":"Se constituy\u00f3 la Comisi\u00f3n Bicameral de seguimiento de la Ley de Medios","author":"Grupo Sierra","date":"16\/10\/2012","format":false,"excerpt":"La Comisi\u00f3n Bicameral de seguimiento de la Ley de Comunicaci\u00f3n Audiovisual comenz\u00f3 a sesionar esta ma\u00f1ana donde se eligieron sus autoridades y qued\u00f3 formalmente constituida. \"Nosotros aspiramos fuertemente que los grupos econ\u00f3micos que son propietarios de licencias audiovisuales cumplan y se adecuen con la ley de medios\", dijo el flamante\u2026","rel":"","context":"En \u00abMedios\u00bb","block_context":{"text":"Medios","link":"https:\/\/www.24baires.com\/?cat=54"},"img":{"alt_text":"","src":"https:\/\/i0.wp.com\/www.24baires.com\/wp-content\/uploads\/2012\/10\/bicameral_medios_161012_3_ef_31165.jpg?resize=350%2C200","width":350,"height":200,"srcset":"https:\/\/i0.wp.com\/www.24baires.com\/wp-content\/uploads\/2012\/10\/bicameral_medios_161012_3_ef_31165.jpg?resize=350%2C200 1x, https:\/\/i0.wp.com\/www.24baires.com\/wp-content\/uploads\/2012\/10\/bicameral_medios_161012_3_ef_31165.jpg?resize=525%2C300 1.5x"},"classes":[]},{"id":77506,"url":"https:\/\/www.24baires.com\/?p=77506","url_meta":{"origin":76991,"position":2},"title":"El macrismo proh\u00edbe la entrada de Sabbatella a la AFSCA","author":"AF","date":"12\/01\/2016","format":false,"excerpt":"El titular de la Autoridad Federal de Servicios de Comunicaci\u00f3n Audiovisual intent\u00f3 regresar a su oficina luego de que dos jueces aceptaran los amparos presentados contra el decreto presidencial que modifica la norma. La infanter\u00eda, apostada frente al edificio, aleg\u00f3 que ten\u00eda \u00f3rdenes del nuevo interventor de no dejarlo entrar.\u2026","rel":"","context":"En \u00abJUDICIALES\u00bb","block_context":{"text":"JUDICIALES","link":"https:\/\/www.24baires.com\/?cat=68"},"img":{"alt_text":"sabbatella media empresa","src":"https:\/\/i0.wp.com\/www.24baires.com\/wp-content\/uploads\/2012\/12\/sabbatella-media-empresa.jpg?resize=350%2C200","width":350,"height":200,"srcset":"https:\/\/i0.wp.com\/www.24baires.com\/wp-content\/uploads\/2012\/12\/sabbatella-media-empresa.jpg?resize=350%2C200 1x, https:\/\/i0.wp.com\/www.24baires.com\/wp-content\/uploads\/2012\/12\/sabbatella-media-empresa.jpg?resize=525%2C300 1.5x"},"classes":[]},{"id":34797,"url":"https:\/\/www.24baires.com\/?p=34797","url_meta":{"origin":76991,"position":3},"title":"El Congreso nombr\u00f3 los directores de la Afsca","author":"GB","date":"07\/11\/2013","format":false,"excerpt":"La Comisi\u00f3n Bicameral de Seguimiento de la Comunicaci\u00f3n Audiovisual aprob\u00f3 hoy la designaci\u00f3n de los representantes del oficialismo y de la oposici\u00f3n en el directorio de la Autoridad Federal de Servicios de Comunicaci\u00f3n Audiovisual. La comisi\u00f3n, que preside la senadora Liliana Fellner, aval\u00f3 los nombramientos de Claudio Schifer, en representaci\u00f3n\u2026","rel":"","context":"En \u00abMedios\u00bb","block_context":{"text":"Medios","link":"https:\/\/www.24baires.com\/?cat=54"},"img":{"alt_text":"","src":"","width":0,"height":0},"classes":[]},{"id":76806,"url":"https:\/\/www.24baires.com\/?p=76806","url_meta":{"origin":76991,"position":4},"title":"\u00abPresentar\u00e9 un amparo, voy a cumplir con mi mandato\u00bb, advirti\u00f3 Sabbatella","author":"AF","date":"23\/12\/2015","format":false,"excerpt":"El titular de la AFSCA quiere frenar por v\u00eda judicial el decreto de intervenci\u00f3n que dispuso el Gobierno. Presentar\u00e1 tambi\u00e9n un habeas corpus. Tras el decreto que dispuso la intervenci\u00f3n de la Autoridad Federal de Servicios de Comunicaci\u00f3n Audiovisual (AFSCA), el desplazado titular del organismo, Mart\u00edn Sabbatella, expres\u00f3 ante la\u2026","rel":"","context":"En \u00abJUDICIALES\u00bb","block_context":{"text":"JUDICIALES","link":"https:\/\/www.24baires.com\/?cat=68"},"img":{"alt_text":"sabbatella media empresa","src":"https:\/\/i0.wp.com\/www.24baires.com\/wp-content\/uploads\/2012\/12\/sabbatella-media-empresa.jpg?resize=350%2C200","width":350,"height":200,"srcset":"https:\/\/i0.wp.com\/www.24baires.com\/wp-content\/uploads\/2012\/12\/sabbatella-media-empresa.jpg?resize=350%2C200 1x, https:\/\/i0.wp.com\/www.24baires.com\/wp-content\/uploads\/2012\/12\/sabbatella-media-empresa.jpg?resize=525%2C300 1.5x"},"classes":[]},{"id":58545,"url":"https:\/\/www.24baires.com\/?p=58545","url_meta":{"origin":76991,"position":5},"title":"Afsca present\u00f3 su descargo a la cautelar solicitada por el Grupo Clar\u00edn","author":"GB","date":"12\/12\/2014","format":false,"excerpt":"La Autoridad Federal de Servicios de Comunicaci\u00f3n Audiovisual (Afsca) present\u00f3 ante la justicia su descargo al pedido de amparo solicitado la semana pasada por periodistas del Grupo Clar\u00edn, quienes objetaron la adecuaci\u00f3n de oficio de la empresa a la ley de medios por considerarla un acto de censura indirecta. En\u2026","rel":"","context":"En \u00abMedios\u00bb","block_context":{"text":"Medios","link":"https:\/\/www.24baires.com\/?cat=54"},"img":{"alt_text":"AFSCA","src":"https:\/\/i0.wp.com\/www.24baires.com\/wp-content\/uploads\/2012\/11\/AFSCA.jpg?resize=350%2C200","width":350,"height":200},"classes":[]}],"jetpack_sharing_enabled":true,"jetpack_likes_enabled":true,"_links":{"self":[{"href":"https:\/\/www.24baires.com\/index.php?rest_route=\/wp\/v2\/posts\/76991","targetHints":{"allow":["GET"]}}],"collection":[{"href":"https:\/\/www.24baires.com\/index.php?rest_route=\/wp\/v2\/posts"}],"about":[{"href":"https:\/\/www.24baires.com\/index.php?rest_route=\/wp\/v2\/types\/post"}],"author":[{"embeddable":true,"href":"https:\/\/www.24baires.com\/index.php?rest_route=\/wp\/v2\/users\/8"}],"replies":[{"embeddable":true,"href":"https:\/\/www.24baires.com\/index.php?rest_route=%2Fwp%2Fv2%2Fcomments&post=76991"}],"version-history":[{"count":4,"href":"https:\/\/www.24baires.com\/index.php?rest_route=\/wp\/v2\/posts\/76991\/revisions"}],"predecessor-version":[{"id":77001,"href":"https:\/\/www.24baires.com\/index.php?rest_route=\/wp\/v2\/posts\/76991\/revisions\/77001"}],"wp:attachment":[{"href":"https:\/\/www.24baires.com\/index.php?rest_route=%2Fwp%2Fv2%2Fmedia&parent=76991"}],"wp:term":[{"taxonomy":"category","embeddable":true,"href":"https:\/\/www.24baires.com\/index.php?rest_route=%2Fwp%2Fv2%2Fcategories&post=76991"},{"taxonomy":"post_tag","embeddable":true,"href":"https:\/\/www.24baires.com\/index.php?rest_route=%2Fwp%2Fv2%2Ftags&post=76991"}],"curies":[{"name":"wp","href":"https:\/\/api.w.org\/{rel}","templated":true}]}}