{"id":76954,"date":"2015-12-28T21:43:08","date_gmt":"2015-12-29T00:43:08","guid":{"rendered":"http:\/\/www.24baires.com\/?p=76954"},"modified":"2015-12-28T21:43:08","modified_gmt":"2015-12-29T00:43:08","slug":"mas-para-seguridad-menos-para-inversion-social-y-sueldos-el-presupuesto-de-vidal","status":"publish","type":"post","link":"https:\/\/www.24baires.com\/?p=76954","title":{"rendered":"M\u00e1s para Seguridad, menos para Inversi\u00f3n Social y Sueldos. El presupuesto de Vidal."},"content":{"rendered":"<p><img data-recalc-dims=\"1\" loading=\"lazy\" decoding=\"async\" class=\"aligncenter size-full wp-image-76348\" src=\"https:\/\/i0.wp.com\/www.24baires.com\/wp-content\/uploads\/2015\/12\/vidal-1.jpg?resize=560%2C373\" alt=\"vidal\" width=\"560\" height=\"373\" srcset=\"https:\/\/i0.wp.com\/www.24baires.com\/wp-content\/uploads\/2015\/12\/vidal-1.jpg?w=560&amp;ssl=1 560w, https:\/\/i0.wp.com\/www.24baires.com\/wp-content\/uploads\/2015\/12\/vidal-1.jpg?resize=300%2C200&amp;ssl=1 300w\" sizes=\"auto, (max-width: 560px) 100vw, 560px\" \/><\/p>\n<p>A poco de asumida la gobernaci\u00f3n, los dichos de la gobernadora se volcaron a acusar a la gesti\u00f3n anterior de \u201clo comprometidas de las finanzas provinciales\u201d, de que la provincia apenas llega a \u201cjuntar\u201d para poder pagar sueldos y justamente los gastos corrientes (en lo fundamental el pago de salarios) dejaron muy poco lugar a las inversiones de car\u00e1cter m\u00e1s estructural. Y puso en cuesti\u00f3n la tan repetida alusi\u00f3n a lo rezagada que queda la provincia en el reparto de los fondos coparticipables, pretendiendo instalar la necesidad de discutir la coparticipaci\u00f3n federal para mejorar el reparto en favor de la provincia, tarea por cierto muy dif\u00edcil y muchas veces aludida.<!--more--><br \/>\nEnuncian una pr\u00e9dica de \u201coptimizar el gasto p\u00fablico, de mayor eficiencia, de racionalizar\u201d. Han apuntado a la necesidad de reducir los cargos pol\u00edticos y en ese sentido han avanzado en la nueva Ley de Ministerios presentada.<\/p>\n<p>Se han referido a una alta presi\u00f3n impositiva y han dicho que no cabe la posibilidad de mayores impuestos aunque tampoco la de reducirlos. Habr\u00eda que preguntarse si acaso cabe esta postura habida cuenta que no menores eximiciones impositivas han venido de Naci\u00f3n y quiz\u00e1s vengan de parte de intendencias que ya han hablado de aliviar la presi\u00f3n a los contribuyentes. Prima en ellos la idea de mantener la presi\u00f3n fiscal actual, recaudando lo mismo en t\u00e9rminos reales, dando una suerte de alivio fiscal a los contribuyentes, y de saldar esa faltante de recursos incurriendo en deudas y esperando del gobierno central excepcionales y compensatorias transferencias dinerarias.<\/p>\n<p>En consonancia con esto, justamente se prev\u00e9 en el presupuesto 2016 enviado al legislativo un endeudamiento de 90 mil millones de pesos y de 740 millones de d\u00f3lares, que rondar\u00eda en total m\u00e1s de 100 mil millones de pesos. Dada la composici\u00f3n de la deuda que se habr\u00eda de consumar, sumando a la ya existente la que se prev\u00e9 contraer y con la brusca devaluaci\u00f3n del d\u00f3lar, la deuda podr\u00eda duplicarse. As\u00ed han alertado legisladores provinciales del FpV.<\/p>\n<p>En cuanto a las transferencias fuera de lo convenido por la coparticipaci\u00f3n, desde gobernaci\u00f3n se ha pedido un aporte de 10.000 millones pesos. En ese sentido hay que se\u00f1alar que a la brevedad vino la asistencia de Naci\u00f3n con la suma de 4.100 millones de pesos.<br \/>\nSe prev\u00e9 en el proyecto de presupuesto una partida de 354 mil millones de pesos. Lo que deja a entrever este proyecto presupuestario para el a\u00f1o 2016 es una asignaci\u00f3n presupuestaria a\u00fan mayor para el \u00e1rea de seguridad a la que habr\u00eda que sumarle las posibles partidas que puedan girarle a partir de lo expreso en el proyecto de declarar Emergencia en Seguridad en la provincia. Son menores los aumentos presupuestarios que prev\u00e9 para carteras como las de Cultura y Educaci\u00f3n y Salud, y mucho menor el aumento presupuestario que prev\u00e9 para Desarrollo Social. Son \u00e9stos datos que a muchos no nos pasan por alto.<\/p>\n<p>El \u00e1rea de Infraestructura ser\u00e1 otra cartera favorecida. Si prospera este presupuesto recibir\u00e1 un considerable aumento presupuestario. Podr\u00eda decirse que a tono con la cr\u00edtica de hallarse \u201ccasi exclusivamente volcando el presupuesto a gastos corrientes rezagando inversiones m\u00e1s estructurales\u201d y en principio podr\u00eda parecer festejable. Habr\u00e1 que ver si efectivamente esta mayor asignaci\u00f3n presupuestaria redunda en una ostensible pol\u00edtica en obras de infraestructura que realmente transforme la realidad de la provincia y redunde en beneficios para la poblaci\u00f3n. Y habr\u00e1 cu\u00e1les son las manifestaciones de este mayor gasto. Esto \u00faltimo dicho haciendo caso omiso a implicancias del fenomenal endeudamiento.<\/p>\n<p>Ha habido se\u00f1alamiento a dicho presupuesto refiriendo a la no previsi\u00f3n de asignaciones presupuestarias para el pago de salarios.<br \/>\nQueda por verse si efectivamente ser\u00e1 aprobado, si tendr\u00e1 correcciones o cual ser\u00e1 la situaci\u00f3n del presupuesto en lo tratado parlamentariamente. Tendr\u00e1 tratamiento esta semana. Desde ya habr\u00e1 que ver luego c\u00f3mo efectivamente se ejecuta el presupuesto.<br \/>\nHa sido propio del inicio de la gobernaci\u00f3n, como hecho ineludible, la reuni\u00f3n y el comienzo incipiente del di\u00e1logo con los municipios. No ha faltado la actitud gestual, de dar imagen de di\u00e1logo y cooperaci\u00f3n entre provincia y municipios. Es bueno no omitir que la provincia ha girado a los municipios una asistencia dineraria de 500 millones de pesos con el expreso cometido de hacer frente al pago de sueldos y aguinaldos.<\/p>\n<p>En lo que respecta a las negociaciones con los gremios y al comienzo en su trato con ellos, en lo formal la propia gobernadora y Villegas, su ministro de trabajo, han tenido encuentros pero sin ninguna vocaci\u00f3n presurosa de comenzar discusiones salariales en el marco de una situaci\u00f3n de significativa alza de precios ni voluntad de dar respuestas a la brevedad a demandas gremiales concretas.<\/p>\n<p>Finalmente, en tiempo y forma la provincia ha cumplido con el pago de aguinaldos y salarios del mes de diciembre, y qued\u00f3 descartada por parte de la gobernadora la posibilidad de conceder un bono de fin de a\u00f1o aduciendo que estaba fuera de las posibilidades de la provincia.<\/p>\n<p>Quedar\u00e1n por verse las actitudes gubernamentales y acuerdos en lo que hace a la negociaci\u00f3n salarial y al empleo p\u00fablico porque se vislumbra una probable reducci\u00f3n del empleo p\u00fablico en la provincia y ya mismo los gremios est\u00e1n alerta y moviliz\u00e1ndose contra esta clase de iniciativas.<\/p>\n<p>&nbsp;<\/p>\n<p>&nbsp;<\/p>\n","protected":false},"excerpt":{"rendered":"<p>A poco de asumida la gobernaci\u00f3n, los dichos de la gobernadora se volcaron a acusar a la gesti\u00f3n anterior de \u201clo comprometidas de las finanzas provinciales\u201d, de que la provincia apenas llega a \u201cjuntar\u201d para poder pagar sueldos y justamente los gastos corrientes (en lo fundamental el pago de salarios) dejaron muy poco lugar a las inversiones de car\u00e1cter m\u00e1s [&#8230;]<\/p>\n","protected":false},"author":11,"featured_media":0,"comment_status":"open","ping_status":"open","sticky":false,"template":"","format":"standard","meta":{"_jetpack_newsletter_access":"","_jetpack_dont_email_post_to_subs":false,"_jetpack_newsletter_tier_id":0,"_jetpack_memberships_contains_paywalled_content":false,"_jetpack_memberships_contains_paid_content":false,"footnotes":""},"categories":[64],"tags":[],"class_list":["post-76954","post","type-post","status-publish","format-standard","hentry","category-opinion"],"jetpack_featured_media_url":"","jetpack_shortlink":"https:\/\/wp.me\/p2JWE0-k1c","jetpack-related-posts":[{"id":115133,"url":"https:\/\/www.24baires.com\/?p=115133","url_meta":{"origin":76954,"position":0},"title":"Fern\u00e1ndez y Kicillof presentan el Fondo de Infraestructura Municipal en La Plata","author":"GB","date":"26\/05\/2020","format":false,"excerpt":"Se trata de un plan de obras que busca reactivar a gran parte de las localidades del Conurbano. Aseguran que el FIM \"demandar\u00e1 una inversi\u00f3n de 19.557 millones de pesos y generar\u00e1n m\u00e1s de 8.700 puestos de trabajo, con paridad de g\u00e9nero\". Con la necesidad de proyectar trabajo a la\u2026","rel":"","context":"En \u00abPol\u00edtica\u00bb","block_context":{"text":"Pol\u00edtica","link":"https:\/\/www.24baires.com\/?cat=51"},"img":{"alt_text":"","src":"https:\/\/i0.wp.com\/www.24baires.com\/wp-content\/uploads\/2020\/05\/alberto-axel.jpg?resize=350%2C200","width":350,"height":200,"srcset":"https:\/\/i0.wp.com\/www.24baires.com\/wp-content\/uploads\/2020\/05\/alberto-axel.jpg?resize=350%2C200 1x, https:\/\/i0.wp.com\/www.24baires.com\/wp-content\/uploads\/2020\/05\/alberto-axel.jpg?resize=525%2C300 1.5x"},"classes":[]},{"id":114802,"url":"https:\/\/www.24baires.com\/?p=114802","url_meta":{"origin":76954,"position":1},"title":"Provincia oficializ\u00f3 el auxilio a intendentes y cre\u00f3 el fondo de emergencia para pagar sueldos","author":"GB","date":"23\/04\/2020","format":false,"excerpt":"Luego del reclamo de los jefes comunales en medio de la crisis por la pandemia, Axel Kicillof firm\u00f3 el decreto que crea un fondo que podr\u00e1 cubrir hasta 12.000 millones de pesos con el principal objetivo de contribuir con el pago de sueldos de los empleados municipales. Tal como inform\u00f3\u2026","rel":"","context":"En \u00abLocales\u00bb","block_context":{"text":"Locales","link":"https:\/\/www.24baires.com\/?cat=38"},"img":{"alt_text":"","src":"https:\/\/i0.wp.com\/www.24baires.com\/wp-content\/uploads\/2020\/04\/axel-k.jpeg?resize=350%2C200","width":350,"height":200,"srcset":"https:\/\/i0.wp.com\/www.24baires.com\/wp-content\/uploads\/2020\/04\/axel-k.jpeg?resize=350%2C200 1x, https:\/\/i0.wp.com\/www.24baires.com\/wp-content\/uploads\/2020\/04\/axel-k.jpeg?resize=525%2C300 1.5x"},"classes":[]},{"id":106797,"url":"https:\/\/www.24baires.com\/?p=106797","url_meta":{"origin":76954,"position":2},"title":"Movilizaci\u00f3n de ATE contra los despidos y recortes en educaci\u00f3n","author":"GB","date":"12\/02\/2019","format":false,"excerpt":"Ser\u00e1 en el marco de una Jornada Provincial de Lucha en reclamo de sueldos adeudados a trabajadores auxiliares suplentes, contra los despidos en la DGCyE, por mayor infraestructura escolar, pase a planta permanente, condiciones dignas de trabajo, apertura de mesas t\u00e9cnicas y cobertura de cargos. Los trabajadores nucleados en la\u2026","rel":"","context":"En \u00abProvincia\u00bb","block_context":{"text":"Provincia","link":"https:\/\/www.24baires.com\/?cat=40"},"img":{"alt_text":"","src":"https:\/\/i0.wp.com\/www.24baires.com\/wp-content\/uploads\/2016\/01\/detenido-ate.jpg?resize=350%2C200","width":350,"height":200,"srcset":"https:\/\/i0.wp.com\/www.24baires.com\/wp-content\/uploads\/2016\/01\/detenido-ate.jpg?resize=350%2C200 1x, https:\/\/i0.wp.com\/www.24baires.com\/wp-content\/uploads\/2016\/01\/detenido-ate.jpg?resize=525%2C300 1.5x"},"classes":[]},{"id":106457,"url":"https:\/\/www.24baires.com\/?p=106457","url_meta":{"origin":76954,"position":3},"title":"Estiman que los alquileres en la Provincia aumentar\u00e1n entre 25 y 30%","author":"GB","date":"21\/01\/2019","format":false,"excerpt":"La cifra fue calculada por el Colegio de Martilleros y Corredores P\u00fablicos bonaerense. Adem\u00e1s indicaron que los alquileres perdieron 18 puntos como consecuencia de la inflaci\u00f3n. El Colegio de Martilleros y Corredores P\u00fablicos de la Provincia estim\u00f3 que este a\u00f1o los alquileres aumentaran entre 25% y 30% en todo el\u2026","rel":"","context":"En \u00abProvincia\u00bb","block_context":{"text":"Provincia","link":"https:\/\/www.24baires.com\/?cat=40"},"img":{"alt_text":"","src":"https:\/\/i0.wp.com\/www.24baires.com\/wp-content\/uploads\/2014\/04\/alquiler.jpg?resize=350%2C200","width":350,"height":200,"srcset":"https:\/\/i0.wp.com\/www.24baires.com\/wp-content\/uploads\/2014\/04\/alquiler.jpg?resize=350%2C200 1x, https:\/\/i0.wp.com\/www.24baires.com\/wp-content\/uploads\/2014\/04\/alquiler.jpg?resize=525%2C300 1.5x"},"classes":[]},{"id":89138,"url":"https:\/\/www.24baires.com\/?p=89138","url_meta":{"origin":76954,"position":4},"title":"Lacunza asever\u00f3 que \u00abno est\u00e1 previsto\u00bb el pago de un bono de fin de a\u00f1o","author":"AF","date":"26\/10\/2016","format":false,"excerpt":"El ministro de Econom\u00eda de la provincia de Buenos Aires, Hern\u00e1n Lacunza, ratific\u00f3 este mi\u00e9rcoles que \"no est\u00e1 previsto\" el pago de un bono de fin de a\u00f1o a empleados estatales porque \"no est\u00e1n los fondos\". \"Hoy no est\u00e1 previsto. Tenemos 600 mil empleados, y un bono de mil pesos\u2026","rel":"","context":"En \u00abProvincia\u00bb","block_context":{"text":"Provincia","link":"https:\/\/www.24baires.com\/?cat=40"},"img":{"alt_text":"lacunza","src":"https:\/\/i0.wp.com\/www.24baires.com\/wp-content\/uploads\/2015\/11\/lacunza.jpg?resize=350%2C200","width":350,"height":200,"srcset":"https:\/\/i0.wp.com\/www.24baires.com\/wp-content\/uploads\/2015\/11\/lacunza.jpg?resize=350%2C200 1x, https:\/\/i0.wp.com\/www.24baires.com\/wp-content\/uploads\/2015\/11\/lacunza.jpg?resize=525%2C300 1.5x"},"classes":[]},{"id":61021,"url":"https:\/\/www.24baires.com\/?p=61021","url_meta":{"origin":76954,"position":5},"title":"Denuncian que el 70% de los \u00faltimos presupuestos para Ni\u00f1ez se fueron en gastos para sueldos","author":"Grupo Sierra","date":"30\/01\/2015","format":false,"excerpt":"As\u00ed se dio en los ejercicios presupuestarios de 2012 y 2013 de la Secretar\u00eda de Ni\u00f1ez y Adolescencia. Los \u00faltimos datos disponibles de 2014 parecen seguir esa tendencia. En el medio aparecen cr\u00edticas contra la gesti\u00f3n de su titular, Pablo Navarro, por el desfinanciamiento de las pol\u00edticas Las cr\u00edticas de\u2026","rel":"","context":"En \u00abProvincia\u00bb","block_context":{"text":"Provincia","link":"https:\/\/www.24baires.com\/?cat=40"},"img":{"alt_text":"scioli jardin","src":"https:\/\/i0.wp.com\/www.24baires.com\/wp-content\/uploads\/2014\/10\/scioli-jardin.jpg?resize=350%2C200","width":350,"height":200,"srcset":"https:\/\/i0.wp.com\/www.24baires.com\/wp-content\/uploads\/2014\/10\/scioli-jardin.jpg?resize=350%2C200 1x, https:\/\/i0.wp.com\/www.24baires.com\/wp-content\/uploads\/2014\/10\/scioli-jardin.jpg?resize=525%2C300 1.5x"},"classes":[]}],"jetpack_sharing_enabled":true,"jetpack_likes_enabled":true,"_links":{"self":[{"href":"https:\/\/www.24baires.com\/index.php?rest_route=\/wp\/v2\/posts\/76954","targetHints":{"allow":["GET"]}}],"collection":[{"href":"https:\/\/www.24baires.com\/index.php?rest_route=\/wp\/v2\/posts"}],"about":[{"href":"https:\/\/www.24baires.com\/index.php?rest_route=\/wp\/v2\/types\/post"}],"author":[{"embeddable":true,"href":"https:\/\/www.24baires.com\/index.php?rest_route=\/wp\/v2\/users\/11"}],"replies":[{"embeddable":true,"href":"https:\/\/www.24baires.com\/index.php?rest_route=%2Fwp%2Fv2%2Fcomments&post=76954"}],"version-history":[{"count":2,"href":"https:\/\/www.24baires.com\/index.php?rest_route=\/wp\/v2\/posts\/76954\/revisions"}],"predecessor-version":[{"id":76956,"href":"https:\/\/www.24baires.com\/index.php?rest_route=\/wp\/v2\/posts\/76954\/revisions\/76956"}],"wp:attachment":[{"href":"https:\/\/www.24baires.com\/index.php?rest_route=%2Fwp%2Fv2%2Fmedia&parent=76954"}],"wp:term":[{"taxonomy":"category","embeddable":true,"href":"https:\/\/www.24baires.com\/index.php?rest_route=%2Fwp%2Fv2%2Fcategories&post=76954"},{"taxonomy":"post_tag","embeddable":true,"href":"https:\/\/www.24baires.com\/index.php?rest_route=%2Fwp%2Fv2%2Ftags&post=76954"}],"curies":[{"name":"wp","href":"https:\/\/api.w.org\/{rel}","templated":true}]}}