{"id":7693,"date":"2012-12-03T11:00:19","date_gmt":"2012-12-03T14:00:19","guid":{"rendered":"http:\/\/www.24baires.com\/?p=7693"},"modified":"2012-12-03T11:32:57","modified_gmt":"2012-12-03T14:32:57","slug":"el-tornado-en-ameghino-duro-un-minuto-de-los-que-son-eternos-dijo-su-intendente","status":"publish","type":"post","link":"https:\/\/www.24baires.com\/?p=7693","title":{"rendered":"El tornado en Ameghino \u00abdur\u00f3 un minuto, de los que son eternos\u00bb, dijo su intendente"},"content":{"rendered":"<p>As\u00ed lo explic\u00f3 el intendente de Florentino Ameghino, Francisco Irribarren, tras el intenso tornado, que produjo roturas en viviendas y empresas de esa localidad y un centenar de evacuados.<!--more--><\/p>\n<p>El Intendente de Florentino Ameghino, Francisco Irribarren, declar\u00f3 en contacto con Radio La Plata que \u201canoche fue muy complicado, porque el tornado fue alrededor de las 2 horas, y priorizamos a las familias y la evacuaci\u00f3n de las personas que ten\u00edan da\u00f1os en sus viviendas, pero hoy nos est\u00e1n apareciendo los da\u00f1os en tanques y voladuras de pilares que obviamente tienen impacto en las viviendas\u201d.<\/p>\n<p>El Jefe Comunal, explic\u00f3: \u201cTen\u00edamos previsi\u00f3n de lluvias, pero no de tornados y dur\u00f3 un minuto, de los que son eternos\u201d, y resalt\u00f3 que \u201cno hay heridos de gravedad, porque fue en un horario donde la gente estaba dentro de su casa. S\u00ed hubo da\u00f1os muy grandes estructurales, como alumbrados p\u00fablicos y en empresas de la ciudad, por ejemplo, sufrimos la voladura de un galp\u00f3n muy grande\u201d.<\/p>\n<p>\u201cEsta ma\u00f1ana el panorama era desolador. Est\u00e1n las brigadas del municipio trabajando y limpiando la ciudad, y en paralelo los obreros de energ\u00eda el\u00e9ctrica para restablecer el servicio en la ciudad\u201d, detall\u00f3 Irribarren.<\/p>\n<p>El jefe comunal coment\u00f3 adem\u00e1s que \u201cla semana pasada tuvimos vientos de 130k\/h, lo que produjo cuantiosos \u00e1rboles en el piso\u201d.<\/p>\n<p>\u201cNecesitamos obras de gran porte, hay caminos de m\u00e1s de 100 a\u00f1os, y la mayor\u00eda de los casos est\u00e1n 50 cent\u00edmetros abajo de lo que est\u00e1n los campos, entonces con exceso h\u00eddricos que se convierten en canales\u201d, puntualiz\u00f3 Irribarren y agreg\u00f3: \u201cSe le suman un mont\u00f3n de factores: canales que a veces hacen los productores de manera an\u00e1rquica. Y por supuesto con obras que no puede encarar el municipio\u201d.<\/p>\n<p>Por \u00faltimo, el intendente se\u00f1al\u00f3 que \u201cfelizmente no nos agarra en tiempo de cosecha en donde se nos complica con la entrada y salida de camiones\u201d.<\/p>\n","protected":false},"excerpt":{"rendered":"<p>As\u00ed lo explic\u00f3 el intendente de Florentino Ameghino, Francisco Irribarren, tras el intenso tornado, que produjo roturas en viviendas y empresas de esa localidad y un centenar de evacuados.<\/p>\n","protected":false},"author":4,"featured_media":0,"comment_status":"open","ping_status":"open","sticky":false,"template":"","format":"standard","meta":{"_jetpack_newsletter_access":"","_jetpack_dont_email_post_to_subs":false,"_jetpack_newsletter_tier_id":0,"_jetpack_memberships_contains_paywalled_content":false,"_jetpack_memberships_contains_paid_content":false,"footnotes":""},"categories":[38],"tags":[],"class_list":["post-7693","post","type-post","status-publish","format-standard","hentry","category-locales"],"jetpack_featured_media_url":"","jetpack_shortlink":"https:\/\/wp.me\/p2JWE0-205","jetpack-related-posts":[{"id":7670,"url":"https:\/\/www.24baires.com\/?p=7670","url_meta":{"origin":7693,"position":0},"title":"Tornado en Ameghino: viviendas destrozadas y un centenar de evacuados","author":"AF","date":"03\/12\/2012","format":false,"excerpt":"Un tornado destruy\u00f3 viviendas, galpones y tres hangares de un aeroclub, vol\u00f3 l\u00edneas de alta tensi\u00f3n y provoc\u00f3 la evacuaci\u00f3n de un centenar de personas en el partido de Florentino Ameghino. El intendente de ese distrito, Francisco Yribarren, dijo que \"en Ameghino tenemos un centenar de personas entre evacuadas y\u2026","rel":"","context":"En \u00abLocales\u00bb","block_context":{"text":"Locales","link":"https:\/\/www.24baires.com\/?cat=38"},"img":{"alt_text":"","src":"","width":0,"height":0},"classes":[]},{"id":40476,"url":"https:\/\/www.24baires.com\/?p=40476","url_meta":{"origin":7693,"position":1},"title":"Avances en el ordenamiento urbano de Florentino Ameghino","author":"Grupo Sierra","date":"15\/02\/2014","format":false,"excerpt":"FLORENTINO AMEGHINO- El Intendente Municipal Francisco Iribarren mantuvo una reuni\u00f3n en la Subsecretar\u00eda Social de Tierras, Urbanismo y Vivienda, en la ciudad de La Plata. La misma tuvo como finalidad brindar asistencia t\u00e9cnica en materia de planificaci\u00f3n, ordenamiento urbano y territorial, orientada a la infraestructura Municipal; y optimizar la articulaci\u00f3n\u2026","rel":"","context":"En \u00abLocales\u00bb","block_context":{"text":"Locales","link":"https:\/\/www.24baires.com\/?cat=38"},"img":{"alt_text":"","src":"","width":0,"height":0},"classes":[]},{"id":112156,"url":"https:\/\/www.24baires.com\/?p=112156","url_meta":{"origin":7693,"position":2},"title":"\u201cNos hicieron hacer creer que si cerraba una Pyme, era culpa del productor\u201d","author":"GB","date":"20\/09\/2019","format":false,"excerpt":"El candidato a gobernador por el Frente de Todos estuvo junto al ex senador Patricio Garc\u00eda, quien disputa la intendencia en Florentino Ameghino. El apoyo de Kicillo fue expreso: \u201cYo los vengo a convocar para que llenemos las urnas de votos el 27 de octubre, para que Alberto sea el\u2026","rel":"","context":"En \u00abProvincia\u00bb","block_context":{"text":"Provincia","link":"https:\/\/www.24baires.com\/?cat=40"},"img":{"alt_text":"","src":"https:\/\/i0.wp.com\/www.24baires.com\/wp-content\/uploads\/2019\/08\/kicillof-1-300x200.jpg?resize=350%2C200","width":350,"height":200},"classes":[]},{"id":38478,"url":"https:\/\/www.24baires.com\/?p=38478","url_meta":{"origin":7693,"position":3},"title":"Blaquier: firmaron convenio para la esperada obra de agua potable","author":"Grupo Sierra","date":"14\/01\/2014","format":false,"excerpt":"El intendente de Florentino Ameghino, Francisco Iribarren y el senador Patricio Garc\u00eda, firmaron con el titular del Servicio Provincial de Agua y Saneamiento Rural (SPAR), Juan Mar\u00eda Vi\u00f1ales, el acuerdo por la obra de provisi\u00f3n de agua potable para la localidad. Se trata de la instalaci\u00f3n de una planta de\u2026","rel":"","context":"En \u00abLocales\u00bb","block_context":{"text":"Locales","link":"https:\/\/www.24baires.com\/?cat=38"},"img":{"alt_text":"","src":"","width":0,"height":0},"classes":[]},{"id":7819,"url":"https:\/\/www.24baires.com\/?p=7819","url_meta":{"origin":7693,"position":4},"title":"La Provincia trabaja en Ameghino tras el tornado","author":"AF","date":"04\/12\/2012","format":false,"excerpt":"El Consejo Provincial de Emergencia act\u00faa desde la madrugada de este martes para reparar los da\u00f1os y destrozos que provoc\u00f3 una tormenta con fuertes r\u00e1fagas de viento. El Consejo Provincial de Emergencias act\u00faa desde la madrugada para restablecer la normalidad en el municipio de Ameghino, donde se sufrieron distintos da\u00f1os\u2026","rel":"","context":"En \u00abLocales\u00bb","block_context":{"text":"Locales","link":"https:\/\/www.24baires.com\/?cat=38"},"img":{"alt_text":"","src":"","width":0,"height":0},"classes":[]},{"id":44742,"url":"https:\/\/www.24baires.com\/?p=44742","url_meta":{"origin":7693,"position":5},"title":"Objetivo, descentralizar: crear\u00e1n un tribunal del trabajo en Chacabuco y un juzgado de familia en Lincoln","author":"Grupo Sierra","date":"26\/04\/2014","format":false,"excerpt":"Una iniciativa del senador Patricio Garc\u00eda busca poner en funcionamiento una sede del poder judicial con competencia en los partidos de Leandro N. Alem, General Pinto y en Florentino Ameghino. En el marco del proceso de descentralizaci\u00f3n de \u00f3rganos del Poder Judicial de la Provincia de Buenos Aires, y dentro\u2026","rel":"","context":"En \u00abLocales\u00bb","block_context":{"text":"Locales","link":"https:\/\/www.24baires.com\/?cat=38"},"img":{"alt_text":"","src":"","width":0,"height":0},"classes":[]}],"jetpack_sharing_enabled":true,"jetpack_likes_enabled":true,"_links":{"self":[{"href":"https:\/\/www.24baires.com\/index.php?rest_route=\/wp\/v2\/posts\/7693","targetHints":{"allow":["GET"]}}],"collection":[{"href":"https:\/\/www.24baires.com\/index.php?rest_route=\/wp\/v2\/posts"}],"about":[{"href":"https:\/\/www.24baires.com\/index.php?rest_route=\/wp\/v2\/types\/post"}],"author":[{"embeddable":true,"href":"https:\/\/www.24baires.com\/index.php?rest_route=\/wp\/v2\/users\/4"}],"replies":[{"embeddable":true,"href":"https:\/\/www.24baires.com\/index.php?rest_route=%2Fwp%2Fv2%2Fcomments&post=7693"}],"version-history":[{"count":3,"href":"https:\/\/www.24baires.com\/index.php?rest_route=\/wp\/v2\/posts\/7693\/revisions"}],"predecessor-version":[{"id":7695,"href":"https:\/\/www.24baires.com\/index.php?rest_route=\/wp\/v2\/posts\/7693\/revisions\/7695"}],"wp:attachment":[{"href":"https:\/\/www.24baires.com\/index.php?rest_route=%2Fwp%2Fv2%2Fmedia&parent=7693"}],"wp:term":[{"taxonomy":"category","embeddable":true,"href":"https:\/\/www.24baires.com\/index.php?rest_route=%2Fwp%2Fv2%2Fcategories&post=7693"},{"taxonomy":"post_tag","embeddable":true,"href":"https:\/\/www.24baires.com\/index.php?rest_route=%2Fwp%2Fv2%2Ftags&post=7693"}],"curies":[{"name":"wp","href":"https:\/\/api.w.org\/{rel}","templated":true}]}}