{"id":76915,"date":"2015-12-28T11:15:54","date_gmt":"2015-12-28T14:15:54","guid":{"rendered":"http:\/\/www.24baires.com\/?p=76915"},"modified":"2015-12-28T11:05:04","modified_gmt":"2015-12-28T14:05:04","slug":"asumio-garzon-como-intervertor-de-la-afsca","status":"publish","type":"post","link":"https:\/\/www.24baires.com\/?p=76915","title":{"rendered":"Asumi\u00f3 Garz\u00f3n como intervertor de la AFSCA"},"content":{"rendered":"<p>El nuevo titular lleg\u00f3 a las 8 a la sede del organismo, acompa\u00f1ado por Miguel de Godoy, quien ser\u00eda el pr\u00f3ximo presidente. Empezar\u00e1 una investigaci\u00f3n interna sobre el funcionamiento y estado actual del ente.<!--more--><\/p>\n<p>Por otra parte, directores nombrados por la anterior gesti\u00f3n denunciaron que se les proh\u00edbe el ingreso al edificio.<\/p>\n<p>\u00abHoy tenemos el derecho de ingresar y comenzar con las tareas que nos encomend\u00f3 el Presidente (Mauricio Macri)\u00bb, afirm\u00f3 Garz\u00f3n en declaraciones a la prensa en la puerta del organismo, en las que confirm\u00f3 que este lunes mismo la Sigen comenzar\u00e1 una auditor\u00eda y en las que garantiz\u00f3 la continuidad de los trabajadores.<\/p>\n<p>Por su parte, ante una consulta, De Godoy indic\u00f3 que \u00abno es la idea de este gobierno derogar la ley de Medios\u00bb y, sobre los trabajadores del organismo, indic\u00f3 que \u00abel que est\u00e1 trabajando y bien nombrado, no tiene de qu\u00e9 preocuparse\u00bb.<\/p>\n<p>\u00abEsperamos encontrar que las cosas est\u00e1n bien para trabajar bien, si est\u00e1n mal ser\u00e1 una pena y tendremos que hacer cambios. Tenemos que ingresar para controlar que las cosas est\u00e1n bien\u00bb, asever\u00f3, y dijo que ser\u00e1 la auditor\u00eda la que determinar\u00e1 si hubo nombramientos o licencias otorgadas al personal despu\u00e9s del 10 de diciembre.<\/p>\n<p>El director de comunicaciones del organismo -que responde a Sabbatella- Fernando Torrillate denunci\u00f3 ante los medios que efectivos de la guardia de infanter\u00eda apostados en el ingreso le proh\u00edben la entrada al organismo, junto a otros directores que se ven\u00edan desempe\u00f1ando hasta la semana pasada.<\/p>\n<p>\u00abVamos a ingresar igual. En este pa\u00eds siguen gobernando los poderes del Estado, y no la guardia de infanter\u00eda. Y que nos muestren el documento judicial que indica que no podemos ingresar al edificio\u00bb, dijo Torrillate, quien consider\u00f3 \u00abins\u00f3lita\u00bb la intervenci\u00f3n decretada por el gobierno de Macri.<\/p>\n<p>En tanto, un delegado de Uni\u00f3n Personal Civil de la Naci\u00f3n (Upcn), que representa a los trabajadores, ingres\u00f3 al edificio para mantener una reuni\u00f3n con el interventor Garz\u00f3n.<\/p>\n","protected":false},"excerpt":{"rendered":"<p>El nuevo titular lleg\u00f3 a las 8 a la sede del organismo, acompa\u00f1ado por Miguel de Godoy, quien ser\u00eda el pr\u00f3ximo presidente. Empezar\u00e1 una investigaci\u00f3n interna sobre el funcionamiento y estado actual del ente.<\/p>\n","protected":false},"author":4,"featured_media":0,"comment_status":"open","ping_status":"open","sticky":false,"template":"","format":"standard","meta":{"_jetpack_newsletter_access":"","_jetpack_dont_email_post_to_subs":false,"_jetpack_newsletter_tier_id":0,"_jetpack_memberships_contains_paywalled_content":false,"_jetpack_memberships_contains_paid_content":false,"footnotes":""},"categories":[54],"tags":[],"class_list":["post-76915","post","type-post","status-publish","format-standard","hentry","category-medios"],"jetpack_featured_media_url":"","jetpack_shortlink":"https:\/\/wp.me\/p2JWE0-k0z","jetpack-related-posts":[{"id":77016,"url":"https:\/\/www.24baires.com\/?p=77016","url_meta":{"origin":76915,"position":0},"title":"El Gobierno modific\u00f3 la Ley de Medios por DNU","author":"AF","date":"30\/12\/2015","format":false,"excerpt":"\"Hoy se termina la guerra del Estado contra el periodismo\", afirm\u00f3 el Jefe de Gabinete, Marcos Pe\u00f1a en una conferencia de prensa en Casa de Gobierno. El Jefe de Gabinete, Marcos Pe\u00f1a, anunci\u00f3 hoy la modificaci\u00f3n por decreto de las leyes de Servicios de Comunicaci\u00f3n Audiovisual y de Argentina Digital,\u2026","rel":"","context":"En \u00abMedios\u00bb","block_context":{"text":"Medios","link":"https:\/\/www.24baires.com\/?cat=54"},"img":{"alt_text":"pe\u00f1a","src":"https:\/\/i0.wp.com\/www.24baires.com\/wp-content\/uploads\/2015\/11\/pe%C3%B1a.jpg?resize=350%2C200","width":350,"height":200,"srcset":"https:\/\/i0.wp.com\/www.24baires.com\/wp-content\/uploads\/2015\/11\/pe%C3%B1a.jpg?resize=350%2C200 1x, https:\/\/i0.wp.com\/www.24baires.com\/wp-content\/uploads\/2015\/11\/pe%C3%B1a.jpg?resize=525%2C300 1.5x"},"classes":[]},{"id":116462,"url":"https:\/\/www.24baires.com\/?p=116462","url_meta":{"origin":76915,"position":1},"title":"Se vuelve a reunir el Consejo Nacional del Salario","author":"GB","date":"14\/10\/2020","format":false,"excerpt":"La \u00faltima actualizaci\u00f3n fue en agosto de 2019 cuando se aument\u00f3 en tres cuotas consecutivas el monto del salario m\u00ednimo fij\u00e1ndolo desde octubre del a\u00f1o pasado en $16.875 El ministro de Trabajo, Claudio Moroni, encabezar\u00e1 esta tarde la reuni\u00f3n del Consejo Nacional del Salario, en el que la CGT y\u2026","rel":"","context":"En \u00abEconom\u00eda\u00bb","block_context":{"text":"Econom\u00eda","link":"https:\/\/www.24baires.com\/?cat=45"},"img":{"alt_text":"","src":"https:\/\/i0.wp.com\/www.24baires.com\/wp-content\/uploads\/2020\/10\/0037498969-300x225.jpg?resize=350%2C200","width":350,"height":200},"classes":[]},{"id":4016,"url":"https:\/\/www.24baires.com\/?p=4016","url_meta":{"origin":76915,"position":2},"title":"Garz\u00f3n se solidariz\u00f3 con la Comisi\u00f3n Provincial por la Memoria por su recorte presupuestario","author":"Grupo Sierra","date":"31\/10\/2012","format":false,"excerpt":"Las autoridades de la Comisi\u00f3n Provincial por la Memoria (CPM) recibieron hoy al ex juez espa\u00f1ol Baltasar Garz\u00f3n, quien \u00a0se interioriz\u00f3 sobre la situaci\u00f3n presupuestaria de la CPM, que viene denunciando un recorte del 34 por ciento por parte del gobierno de Daniel Scioli, y manifest\u00f3 su apoyo al reclamo,\u2026","rel":"","context":"En \u00abMemoria\u00bb","block_context":{"text":"Memoria","link":"https:\/\/www.24baires.com\/?cat=50"},"img":{"alt_text":"","src":"","width":0,"height":0},"classes":[]},{"id":120249,"url":"https:\/\/www.24baires.com\/?p=120249","url_meta":{"origin":76915,"position":3},"title":"El 13 de julio se re\u00fane el Consejo del Salario para actualizar el monto m\u00ednimo","author":"AF","date":"04\/07\/2023","format":false,"excerpt":"La ministra Kelly Olmos llam\u00f3 a una reuni\u00f3n del Consejo Nacional del Empleo, la Productividad y el Salario para debatir una actualizaci\u00f3n del haber m\u00ednimo. El Ministerio de Trabajo que encabeza Raquel Olmos convoc\u00f3 para el 13 de julio pr\u00f3ximo a sindicalistas y empresarios a discutir una nueva actualizaci\u00f3n del\u2026","rel":"","context":"En \u00abSociedad\u00bb","block_context":{"text":"Sociedad","link":"https:\/\/www.24baires.com\/?cat=1"},"img":{"alt_text":"","src":"https:\/\/i0.wp.com\/www.24baires.com\/wp-content\/uploads\/2023\/01\/kelly-olmos.jpeg?resize=350%2C200","width":350,"height":200,"srcset":"https:\/\/i0.wp.com\/www.24baires.com\/wp-content\/uploads\/2023\/01\/kelly-olmos.jpeg?resize=350%2C200 1x, https:\/\/i0.wp.com\/www.24baires.com\/wp-content\/uploads\/2023\/01\/kelly-olmos.jpeg?resize=525%2C300 1.5x, https:\/\/i0.wp.com\/www.24baires.com\/wp-content\/uploads\/2023\/01\/kelly-olmos.jpeg?resize=700%2C400 2x"},"classes":[]},{"id":121705,"url":"https:\/\/www.24baires.com\/?p=121705","url_meta":{"origin":76915,"position":4},"title":"Detienen al funcionario de Conte Grand que estaba acusado por abuso sexual de menores","author":"GB","date":"02\/10\/2024","format":false,"excerpt":"Jorge Eduardo Garz\u00f3n, el abogado y funcionario de la Procuraci\u00f3n nombrado por Julio Conte Grand, fue detenido por abuso sexual. Enfrenta penas de 20 a\u00f1os. Luego de seis a\u00f1os de iniciada la causa, la Justicia detuvo a Jorge Eduardo Garz\u00f3n, el abogado y funcionario de la Procuraci\u00f3n Bonaerense -organismo a\u2026","rel":"","context":"En \u00abPol\u00edtica\u00bb","block_context":{"text":"Pol\u00edtica","link":"https:\/\/www.24baires.com\/?cat=51"},"img":{"alt_text":"","src":"https:\/\/i0.wp.com\/www.24baires.com\/wp-content\/uploads\/2024\/10\/funcionario-abuso.webp?resize=350%2C200","width":350,"height":200,"srcset":"https:\/\/i0.wp.com\/www.24baires.com\/wp-content\/uploads\/2024\/10\/funcionario-abuso.webp?resize=350%2C200 1x, https:\/\/i0.wp.com\/www.24baires.com\/wp-content\/uploads\/2024\/10\/funcionario-abuso.webp?resize=525%2C300 1.5x, https:\/\/i0.wp.com\/www.24baires.com\/wp-content\/uploads\/2024\/10\/funcionario-abuso.webp?resize=700%2C400 2x"},"classes":[]},{"id":3736,"url":"https:\/\/www.24baires.com\/?p=3736","url_meta":{"origin":76915,"position":5},"title":"\u00abA la Ley de Medios no le veo los riesgos que determinados sectores proclaman\u00bb sostuvo Baltasar Garz\u00f3n","author":"AF","date":"29\/10\/2012","format":false,"excerpt":"En la tarde el lunes, el jurista espa\u00f1ol Baltasar Garz\u00f3n visit\u00f3 la sede de la Autoridad Federal de Comunicaci\u00f3n Audiovisual (AFSCA), donde fue recibido por el presidente del organismo, Mart\u00edn Sabbatella. El prestigioso juez estuvo acompa\u00f1ado por el copresidente de la Comisi\u00f3n Provincial por la Memoria y ex fiscal general\u2026","rel":"","context":"En \u00abMedios\u00bb","block_context":{"text":"Medios","link":"https:\/\/www.24baires.com\/?cat=54"},"img":{"alt_text":"","src":"https:\/\/i0.wp.com\/www.24baires.com\/wp-content\/uploads\/2012\/10\/sabbbatella-garz%C3%B3n.jpg?resize=350%2C200","width":350,"height":200,"srcset":"https:\/\/i0.wp.com\/www.24baires.com\/wp-content\/uploads\/2012\/10\/sabbbatella-garz%C3%B3n.jpg?resize=350%2C200 1x, https:\/\/i0.wp.com\/www.24baires.com\/wp-content\/uploads\/2012\/10\/sabbbatella-garz%C3%B3n.jpg?resize=525%2C300 1.5x"},"classes":[]}],"jetpack_sharing_enabled":true,"jetpack_likes_enabled":true,"_links":{"self":[{"href":"https:\/\/www.24baires.com\/index.php?rest_route=\/wp\/v2\/posts\/76915","targetHints":{"allow":["GET"]}}],"collection":[{"href":"https:\/\/www.24baires.com\/index.php?rest_route=\/wp\/v2\/posts"}],"about":[{"href":"https:\/\/www.24baires.com\/index.php?rest_route=\/wp\/v2\/types\/post"}],"author":[{"embeddable":true,"href":"https:\/\/www.24baires.com\/index.php?rest_route=\/wp\/v2\/users\/4"}],"replies":[{"embeddable":true,"href":"https:\/\/www.24baires.com\/index.php?rest_route=%2Fwp%2Fv2%2Fcomments&post=76915"}],"version-history":[{"count":1,"href":"https:\/\/www.24baires.com\/index.php?rest_route=\/wp\/v2\/posts\/76915\/revisions"}],"predecessor-version":[{"id":76916,"href":"https:\/\/www.24baires.com\/index.php?rest_route=\/wp\/v2\/posts\/76915\/revisions\/76916"}],"wp:attachment":[{"href":"https:\/\/www.24baires.com\/index.php?rest_route=%2Fwp%2Fv2%2Fmedia&parent=76915"}],"wp:term":[{"taxonomy":"category","embeddable":true,"href":"https:\/\/www.24baires.com\/index.php?rest_route=%2Fwp%2Fv2%2Fcategories&post=76915"},{"taxonomy":"post_tag","embeddable":true,"href":"https:\/\/www.24baires.com\/index.php?rest_route=%2Fwp%2Fv2%2Ftags&post=76915"}],"curies":[{"name":"wp","href":"https:\/\/api.w.org\/{rel}","templated":true}]}}