{"id":76905,"date":"2015-12-27T21:00:12","date_gmt":"2015-12-28T00:00:12","guid":{"rendered":"http:\/\/www.24baires.com\/?p=76905"},"modified":"2015-12-27T14:22:34","modified_gmt":"2015-12-27T17:22:34","slug":"desde-la-oea-cuestionan-la-intervencion-de-la-afsca","status":"publish","type":"post","link":"https:\/\/www.24baires.com\/?p=76905","title":{"rendered":"Desde la OEA cuestionan la intervenci\u00f3n de la Afsca"},"content":{"rendered":"<p>Edison Lanza sostuvo que la decisi\u00f3n del gobierno de intervenir la Afsca y desplazar de su cargo a Mart\u00edn Sabbatella es \u201cun camino poco ortodoxo\u201d y se\u00f1al\u00f3 que \u00abse hizo sin usar lo que indica la ley (de Servicios de Comunicaci\u00f3n Audiovisual\u00bb.<!--more--><\/p>\n<p>\u00abEs un camino poco ortodoxo y hoy est\u00e1 cuestionada la legalidad de la decisi\u00f3n\u00bb de intervenir la Afsca, sostuvo Lanza en una entrevista publicada hoy en el diario Buenos Aires Herald, en la que tambi\u00e9n remarc\u00f3 que \u00ablos est\u00e1ndares internacionales dicen que lo adecuado es tener organismos con autonom\u00eda tanto del ejecutivo como de los poderes f\u00e1cticos, que sean capaces de regular los sistemas de medios de acuerdo a principios de legalidad\u00bb.<\/p>\n<p>La sede de la Autoridad Federal de Servicios de Comunicaci\u00f3n Audiovisual fue desalojada el jueves por una orden del juez federal Juli\u00e1n Ercolini en el marco de una causa iniciada contra el titular del organismo, Martin Sabbatella.<\/p>\n<p>Esta situaci\u00f3n comenz\u00f3 cuando el ministro de Comunicaciones, Oscar Aguad, anunci\u00f3 el pasado mi\u00e9rcoles las intervenciones de la Autoridad Federal de Servicios de Comunicaci\u00f3n Audiovisual (Afsca) y la Autoridad Federal de Tecnolog\u00edas de la Informaci\u00f3n y las Telecomunicaciones (Aftic).<\/p>\n<p>En esa medida, el gobierno explic\u00f3 que la intervenci\u00f3n est\u00e1 basada porque sus autoridades \u201cno responden a la estructura org\u00e1nica de la ley de ministerios\u201d y porque \u201cexiste una rebeld\u00eda para atenerse al nuevo r\u00e9gimen que fija las pol\u00edticas de comunicaci\u00f3n\u201d.<\/p>\n<p>Sobre este tema, Lanza asever\u00f3 que en la Autoridad Federal de Servicios de Comunicaci\u00f3n Audioviusal la \u00abArgentina hab\u00eda establecido por primera vez un organismo con participaci\u00f3n de la oposici\u00f3n, de la sociedad civil, de las provincias\u00bb.<\/p>\n<p>\u00abEl Estado argentino, como casi todos los Estados de la regi\u00f3n, ha ratificado el tratado interamericano de derechos humanos, que deriva en muchas obligaciones, y nosotros nos fijamos en lo relacionado a la libertad de expresi\u00f3n\u00bb, expres\u00f3, e indic\u00f3 que \u00abuna de las obligaciones, lo ha dicho la Corte (Interamericana), ha sido evitar la concentraci\u00f3n de medios a favor de la diversidad\u00bb.<\/p>\n","protected":false},"excerpt":{"rendered":"<p>Edison Lanza sostuvo que la decisi\u00f3n del gobierno de intervenir la Afsca y desplazar de su cargo a Mart\u00edn Sabbatella es \u201cun camino poco ortodoxo\u201d y se\u00f1al\u00f3 que \u00abse hizo sin usar lo que indica la ley (de Servicios de Comunicaci\u00f3n Audiovisual\u00bb.<\/p>\n","protected":false},"author":4,"featured_media":0,"comment_status":"open","ping_status":"open","sticky":false,"template":"","format":"standard","meta":{"_jetpack_newsletter_access":"","_jetpack_dont_email_post_to_subs":false,"_jetpack_newsletter_tier_id":0,"_jetpack_memberships_contains_paywalled_content":false,"_jetpack_memberships_contains_paid_content":false,"footnotes":""},"categories":[54],"tags":[],"class_list":["post-76905","post","type-post","status-publish","format-standard","hentry","category-medios"],"jetpack_featured_media_url":"","jetpack_shortlink":"https:\/\/wp.me\/p2JWE0-k0p","jetpack-related-posts":[{"id":76888,"url":"https:\/\/www.24baires.com\/?p=76888","url_meta":{"origin":76905,"position":0},"title":"El Gobierno justific\u00f3 intervenci\u00f3n de la Afsca: \u00abSu objetivo era financiar la militancia pol\u00edtica\u00bb","author":"GB","date":"26\/12\/2015","format":false,"excerpt":"El ministro de Interior, Rogelio Frigerio, explic\u00f3 que la decisi\u00f3n de intervenir tanto ese organismo como la Aftic tiene como fin que \"el Estado funcione y las instituciones hagan lo que tengan que hacer\". El Gobierno volvi\u00f3 a defender este s\u00e1bado la intervenci\u00f3n de la Autoridad Federal de Servicios de\u2026","rel":"","context":"En \u00abMedios\u00bb","block_context":{"text":"Medios","link":"https:\/\/www.24baires.com\/?cat=54"},"img":{"alt_text":"","src":"","width":0,"height":0},"classes":[]},{"id":76780,"url":"https:\/\/www.24baires.com\/?p=76780","url_meta":{"origin":76905,"position":1},"title":"El Gobierno interviene la AFSCA a trav\u00e9s de un decreto","author":"AF","date":"23\/12\/2015","format":false,"excerpt":"La medida fue anunciada por el ministro de Telecomunicaciones, Oscar Aguad. Contempla tambi\u00e9n la intervenci\u00f3n de la Autoridad Federal de Tecnolog\u00edas de la Informaci\u00f3n. El ministro de Telecomunicaciones, Oscar Aguad, anunci\u00f3 hoy desde Casa Rosada la intervenci\u00f3n por decreto de la Autoridad Federal de Servicios de Comunicaci\u00f3n Audiovisual, organismo que\u2026","rel":"","context":"En \u00abJUDICIALES\u00bb","block_context":{"text":"JUDICIALES","link":"https:\/\/www.24baires.com\/?cat=68"},"img":{"alt_text":"aguad intervenci\u00f3n afsca","src":"https:\/\/i0.wp.com\/www.24baires.com\/wp-content\/uploads\/2015\/12\/aguad-intervenci%C3%B3n-afsca.png?resize=350%2C200","width":350,"height":200,"srcset":"https:\/\/i0.wp.com\/www.24baires.com\/wp-content\/uploads\/2015\/12\/aguad-intervenci%C3%B3n-afsca.png?resize=350%2C200 1x, https:\/\/i0.wp.com\/www.24baires.com\/wp-content\/uploads\/2015\/12\/aguad-intervenci%C3%B3n-afsca.png?resize=525%2C300 1.5x"},"classes":[]},{"id":76806,"url":"https:\/\/www.24baires.com\/?p=76806","url_meta":{"origin":76905,"position":2},"title":"\u00abPresentar\u00e9 un amparo, voy a cumplir con mi mandato\u00bb, advirti\u00f3 Sabbatella","author":"AF","date":"23\/12\/2015","format":false,"excerpt":"El titular de la AFSCA quiere frenar por v\u00eda judicial el decreto de intervenci\u00f3n que dispuso el Gobierno. Presentar\u00e1 tambi\u00e9n un habeas corpus. Tras el decreto que dispuso la intervenci\u00f3n de la Autoridad Federal de Servicios de Comunicaci\u00f3n Audiovisual (AFSCA), el desplazado titular del organismo, Mart\u00edn Sabbatella, expres\u00f3 ante la\u2026","rel":"","context":"En \u00abJUDICIALES\u00bb","block_context":{"text":"JUDICIALES","link":"https:\/\/www.24baires.com\/?cat=68"},"img":{"alt_text":"sabbatella media empresa","src":"https:\/\/i0.wp.com\/www.24baires.com\/wp-content\/uploads\/2012\/12\/sabbatella-media-empresa.jpg?resize=350%2C200","width":350,"height":200,"srcset":"https:\/\/i0.wp.com\/www.24baires.com\/wp-content\/uploads\/2012\/12\/sabbatella-media-empresa.jpg?resize=350%2C200 1x, https:\/\/i0.wp.com\/www.24baires.com\/wp-content\/uploads\/2012\/12\/sabbatella-media-empresa.jpg?resize=525%2C300 1.5x"},"classes":[]},{"id":6560,"url":"https:\/\/www.24baires.com\/?p=6560","url_meta":{"origin":76905,"position":3},"title":"Impugnan al candidato del FAP para el directorio de la AFSCA por \u00abhaber falseado datos de su curriculum\u00bb","author":"Grupo Sierra","date":"23\/11\/2012","format":false,"excerpt":"La Autoridad Federal de Servicios de Comunicaci\u00f3n Audiovisual (AFSCA) avanz\u00f3 en la conformaci\u00f3n de su directorio, con la excepci\u00f3n del abogado Alejandro Pereyra, propuesto por el FAP, cuyo pliego fue impugnado y ahor\u00e1 ser\u00e1 girado nuevamente a la comisi\u00f3n bicameral parlamentaria. Por lo tanto, la Comisi\u00f3n Bicameral de Promoci\u00f3n y\u2026","rel":"","context":"En \u00abMedios\u00bb","block_context":{"text":"Medios","link":"https:\/\/www.24baires.com\/?cat=54"},"img":{"alt_text":"","src":"","width":0,"height":0},"classes":[]},{"id":1621,"url":"https:\/\/www.24baires.com\/?p=1621","url_meta":{"origin":76905,"position":4},"title":"Ley de Medios: \u00abHay sectores que quieren desconocer decisiones democr\u00e1ticas\u00bb","author":"AF","date":"10\/10\/2012","format":false,"excerpt":"Al cumplirse tres a\u00f1os de la ley, el titular del Consejo Federal de Comunicaci\u00f3n Audiovisual, Pedro B\u00e1ez, critic\u00f3 a los sectores que las desconocen . La Presidenta encabezar\u00e1 el acto por el aniversario. El flamante titular del Consejo Federal de Comunicaci\u00f3n Audiovisual (COFECA), Pedro B\u00e1ez, critic\u00f3 a los sectores que\u2026","rel":"","context":"En \u00abMedios\u00bb","block_context":{"text":"Medios","link":"https:\/\/www.24baires.com\/?cat=54"},"img":{"alt_text":"","src":"","width":0,"height":0},"classes":[]},{"id":66956,"url":"https:\/\/www.24baires.com\/?p=66956","url_meta":{"origin":76905,"position":5},"title":"La Corte Suprema benefici\u00f3 a Cablevisi\u00f3n para que no la sancionen","author":"GB","date":"02\/06\/2015","format":false,"excerpt":"El m\u00e1ximo tribunal confirm\u00f3 una medida cautelar de la justicia federal de Mar del Plata que impide a la Autoridad Federal de Servicios de Comunicaci\u00f3n Audiovisual (AFSCA) aplicar sanciones a la empresa del Grupo Clar\u00edn por no cumplir con el ordenamiento de la grilla. La resoluci\u00f3n de los ministros Ricardo\u2026","rel":"","context":"En \u00abJUDICIALES\u00bb","block_context":{"text":"JUDICIALES","link":"https:\/\/www.24baires.com\/?cat=68"},"img":{"alt_text":"cablevisi\u00f3n","src":"https:\/\/i0.wp.com\/www.24baires.com\/wp-content\/uploads\/2012\/12\/cablevisi%C3%B3n1.jpg?resize=350%2C200","width":350,"height":200,"srcset":"https:\/\/i0.wp.com\/www.24baires.com\/wp-content\/uploads\/2012\/12\/cablevisi%C3%B3n1.jpg?resize=350%2C200 1x, https:\/\/i0.wp.com\/www.24baires.com\/wp-content\/uploads\/2012\/12\/cablevisi%C3%B3n1.jpg?resize=525%2C300 1.5x"},"classes":[]}],"jetpack_sharing_enabled":true,"jetpack_likes_enabled":true,"_links":{"self":[{"href":"https:\/\/www.24baires.com\/index.php?rest_route=\/wp\/v2\/posts\/76905","targetHints":{"allow":["GET"]}}],"collection":[{"href":"https:\/\/www.24baires.com\/index.php?rest_route=\/wp\/v2\/posts"}],"about":[{"href":"https:\/\/www.24baires.com\/index.php?rest_route=\/wp\/v2\/types\/post"}],"author":[{"embeddable":true,"href":"https:\/\/www.24baires.com\/index.php?rest_route=\/wp\/v2\/users\/4"}],"replies":[{"embeddable":true,"href":"https:\/\/www.24baires.com\/index.php?rest_route=%2Fwp%2Fv2%2Fcomments&post=76905"}],"version-history":[{"count":1,"href":"https:\/\/www.24baires.com\/index.php?rest_route=\/wp\/v2\/posts\/76905\/revisions"}],"predecessor-version":[{"id":76906,"href":"https:\/\/www.24baires.com\/index.php?rest_route=\/wp\/v2\/posts\/76905\/revisions\/76906"}],"wp:attachment":[{"href":"https:\/\/www.24baires.com\/index.php?rest_route=%2Fwp%2Fv2%2Fmedia&parent=76905"}],"wp:term":[{"taxonomy":"category","embeddable":true,"href":"https:\/\/www.24baires.com\/index.php?rest_route=%2Fwp%2Fv2%2Fcategories&post=76905"},{"taxonomy":"post_tag","embeddable":true,"href":"https:\/\/www.24baires.com\/index.php?rest_route=%2Fwp%2Fv2%2Ftags&post=76905"}],"curies":[{"name":"wp","href":"https:\/\/api.w.org\/{rel}","templated":true}]}}