{"id":7690,"date":"2012-12-03T09:55:23","date_gmt":"2012-12-03T12:55:23","guid":{"rendered":"http:\/\/www.24baires.com\/?p=7690"},"modified":"2012-12-03T10:59:44","modified_gmt":"2012-12-03T13:59:44","slug":"aparecio-leticia-la-nena-de-13-anos-desaparecida-desde-hace-dos-meses","status":"publish","type":"post","link":"https:\/\/www.24baires.com\/?p=7690","title":{"rendered":"Apareci\u00f3 Leticia, la nena de 13 a\u00f1os desaparecida desde hace dos meses"},"content":{"rendered":"<p><img data-recalc-dims=\"1\" loading=\"lazy\" decoding=\"async\" class=\"alignleft size-full wp-image-7077\" title=\"pati\u00f1o\" src=\"https:\/\/i0.wp.com\/www.24baires.com\/wp-content\/uploads\/2012\/11\/pati%C3%B1o.jpg?resize=200%2C257\" alt=\"\" width=\"200\" height=\"257\" \/>Se trata de Leticia Pati\u00f1o, la nena de 13 a\u00f1os que hac\u00eda 56 d\u00edas que permanec\u00eda desaparecida. La madre se reencontr\u00f3 con ella ayer en un boliche de Constituci\u00f3n donde estaba la joven con amigos.<!--more--><br \/>\nLeticia Pati\u00f1o (13), la chica que desde el 5 de octubre permanec\u00eda desaparecida, fue encontrada el domingo sana y salva.<\/p>\n<p>Seg\u00fan informa el diario El D\u00eda, la menor fue hallada en un local bailable del barrio porte\u00f1o de Constituci\u00f3n, ubicado en la calle O\u2019Brien entre Lima y Santiago del Estero, a pocos metros de la estaci\u00f3n de trenes.<\/p>\n<p>All\u00ed, cerca de las 17.00, funcionaba una \u201cmatine\u00e9\u201d, donde, de acuerdo a voceros del caso, la menor se encontraba \u201ccon amigos, por su propia voluntad y en perfecto estado de salud\u201d.<\/p>\n<p>Pese a que la chica es paraguaya y lleva muy poco tiempo viviendo en Argentina, \u201cse hizo de muchos amigos\u201d, indic\u00f3 otra fuente del caso.<\/p>\n<p>El operativo de rescate de la menor, que desde hace varias semanas movilizaba a distintas fuerzas de seguridad bonaerenses, comenz\u00f3 con una serie de averiguaciones entre allegados a la adolescente.<\/p>\n<p>De acuerdo al reporte oficial, esos locales del barrio porte\u00f1o de Constituci\u00f3n son frecuentados por integrantes de la comunidad paraguaya.<\/p>\n<p>Una vez que Leticia pudo ser avistada por personal policial, la madre de la adolescente fue notificada del hecho y trasladada al boliche para reencontrarse con su hija.<\/p>\n<p>Sin embargo, Leticia quedar\u00eda a disposici\u00f3n de autoridades del Fuero de Menores, porque, presuntamente, \u201cno quiere regresar a la casa de su madre, en Villa Elvira\u201d.<\/p>\n","protected":false},"excerpt":{"rendered":"<p>Se trata de Leticia Pati\u00f1o, la nena de 13 a\u00f1os que hac\u00eda 56 d\u00edas que permanec\u00eda desaparecida. La madre se reencontr\u00f3 con ella ayer en un boliche de Constituci\u00f3n donde estaba la joven con amigos.<\/p>\n","protected":false},"author":4,"featured_media":0,"comment_status":"open","ping_status":"open","sticky":false,"template":"","format":"standard","meta":{"_jetpack_newsletter_access":"","_jetpack_dont_email_post_to_subs":false,"_jetpack_newsletter_tier_id":0,"_jetpack_memberships_contains_paywalled_content":false,"_jetpack_memberships_contains_paid_content":false,"footnotes":""},"categories":[49],"tags":[],"class_list":["post-7690","post","type-post","status-publish","format-standard","hentry","category-policiales"],"jetpack_featured_media_url":"","jetpack_shortlink":"https:\/\/wp.me\/p2JWE0-202","jetpack-related-posts":[{"id":7076,"url":"https:\/\/www.24baires.com\/?p=7076","url_meta":{"origin":7690,"position":0},"title":"El cuerpo hallado en Vicente L\u00f3pez no es el de la nena platense desaparecida hace 45 d\u00edas","author":"AF","date":"28\/11\/2012","format":false,"excerpt":"El cad\u00e1ver hallado el s\u00e1bado en un arroyo de la localidad de Vicente L\u00f3pez no pertenece a una adolescente de 14 a\u00f1os que hab\u00eda desaparecido hace 45 d\u00edas en la ciudad de La Plata. Fuentes judiciales hab\u00edan informado en la tarde del martes que se hab\u00eda logrado identificar el cuerpo\u2026","rel":"","context":"En \u00abPoliciales\u00bb","block_context":{"text":"Policiales","link":"https:\/\/www.24baires.com\/?cat=49"},"img":{"alt_text":"","src":"https:\/\/i0.wp.com\/www.24baires.com\/wp-content\/uploads\/2012\/11\/pati%C3%B1o.jpg?resize=350%2C200","width":350,"height":200},"classes":[]},{"id":118966,"url":"https:\/\/www.24baires.com\/?p=118966","url_meta":{"origin":7690,"position":1},"title":"Contin\u00faa la b\u00fasqueda de los dos adolescentes que desaparecieron en Banfield","author":"GB","date":"13\/06\/2022","format":false,"excerpt":"Los padres solicitaron a las autoridades que 'activen el alerta Sof\u00eda' para intensificar la investigaci\u00f3n y pidieron las c\u00e1maras del servicio de trenes. rastro de Lionel Dom\u00ednguez y Tabatha Morel se perdi\u00f3 el jueves 9 de junio cuando iban rumbo a la Escuela Normal Antonio Mentruyt (ENAM) ubicada en el\u2026","rel":"","context":"En \u00abSociedad\u00bb","block_context":{"text":"Sociedad","link":"https:\/\/www.24baires.com\/?cat=1"},"img":{"alt_text":"","src":"https:\/\/i0.wp.com\/www.24baires.com\/wp-content\/uploads\/2022\/06\/lionel-y-tabathapng.png?resize=350%2C200","width":350,"height":200,"srcset":"https:\/\/i0.wp.com\/www.24baires.com\/wp-content\/uploads\/2022\/06\/lionel-y-tabathapng.png?resize=350%2C200 1x, https:\/\/i0.wp.com\/www.24baires.com\/wp-content\/uploads\/2022\/06\/lionel-y-tabathapng.png?resize=525%2C300 1.5x, https:\/\/i0.wp.com\/www.24baires.com\/wp-content\/uploads\/2022\/06\/lionel-y-tabathapng.png?resize=700%2C400 2x"},"classes":[]},{"id":7029,"url":"https:\/\/www.24baires.com\/?p=7029","url_meta":{"origin":7690,"position":2},"title":"Identificaron el cad\u00e1ver de la chica encontrada en Vicente L\u00f3pez","author":"Grupo Sierra","date":"27\/11\/2012","format":false,"excerpt":"El cad\u00e1ver hallado el s\u00e1bado en un arroyo de la localidad de Vicente L\u00f3pez pertenece a una adolescente de 14 a\u00f1os que hab\u00eda desaparecido hace 44 d\u00edas en la ciudad de La Plata. Fuentes judiciales informaron que este martes a la tarde se logr\u00f3 identificar el cuerpo a trav\u00e9s de\u2026","rel":"","context":"En \u00abPoliciales\u00bb","block_context":{"text":"Policiales","link":"https:\/\/www.24baires.com\/?cat=49"},"img":{"alt_text":"","src":"","width":0,"height":0},"classes":[]},{"id":88367,"url":"https:\/\/www.24baires.com\/?p=88367","url_meta":{"origin":7690,"position":3},"title":"\u201c\u00c9l preguntaba si lo iban a llevar con la mam\u00e1 y la jueza orden\u00f3 secuestrarle las zapatillas, las \u00fanicas que ten\u00eda\u201d","author":"GB","date":"05\/10\/2016","format":false,"excerpt":"Fue acusado de robarle a otro chico en un pelotero, trasladado en un patrullero y retenido cuatro horas. Y no fue el \u00fanico caso: en junio, se denunci\u00f3 penalmente a un nene de 9. \u201cLamentablemente es bastante com\u00fan: en el \u00faltimo mes, de 13 a\u00f1os para abajo tuve 14 chicos\u2026","rel":"","context":"En \u00abSociedad\u00bb","block_context":{"text":"Sociedad","link":"https:\/\/www.24baires.com\/?cat=1"},"img":{"alt_text":"nene-8-anos","src":"https:\/\/i0.wp.com\/www.24baires.com\/wp-content\/uploads\/2016\/10\/nene-8-a%C3%B1os.jpg?resize=350%2C200","width":350,"height":200,"srcset":"https:\/\/i0.wp.com\/www.24baires.com\/wp-content\/uploads\/2016\/10\/nene-8-a%C3%B1os.jpg?resize=350%2C200 1x, https:\/\/i0.wp.com\/www.24baires.com\/wp-content\/uploads\/2016\/10\/nene-8-a%C3%B1os.jpg?resize=525%2C300 1.5x"},"classes":[]},{"id":105002,"url":"https:\/\/www.24baires.com\/?p=105002","url_meta":{"origin":7690,"position":4},"title":"Encuentran el cuerpo sin vida de Sheila","author":"AF","date":"18\/10\/2018","format":false,"excerpt":"La nena de 10 a\u00f1os hab\u00eda sido vista por \u00faltima vez el domingo \u00faltimo al mediod\u00eda. Fue encontrada cerca de la casa de sus t\u00edos. Este jueves por la tarde, Polic\u00eda de la provincia de Buenos Aires encontr\u00f3 muerta a Sheila Ayala, la chica de 10 a\u00f1os que estaba desaparecida\u2026","rel":"","context":"En \u00abSociedad\u00bb","block_context":{"text":"Sociedad","link":"https:\/\/www.24baires.com\/?cat=1"},"img":{"alt_text":"","src":"https:\/\/i0.wp.com\/www.24baires.com\/wp-content\/uploads\/2018\/10\/Sheila.jpg?resize=350%2C200","width":350,"height":200,"srcset":"https:\/\/i0.wp.com\/www.24baires.com\/wp-content\/uploads\/2018\/10\/Sheila.jpg?resize=350%2C200 1x, https:\/\/i0.wp.com\/www.24baires.com\/wp-content\/uploads\/2018\/10\/Sheila.jpg?resize=525%2C300 1.5x"},"classes":[]},{"id":48263,"url":"https:\/\/www.24baires.com\/?p=48263","url_meta":{"origin":7690,"position":5},"title":"Denuncian que est\u00e1 desaparecida desde abril pero \u00able actualizan\u00bb el Facebook","author":"Grupo Sierra","date":"18\/06\/2014","format":false,"excerpt":"Hace meses que no saben nada de Martina, una nena de 13 a\u00f1os que es buscada en Caseros. Sin embargo, el perfil de facebook de la nena de 13 a\u00f1os, fue actualizado sin dar mucha informaci\u00f3n. Su familia est\u00e1 desesperada. El 19 de abril, su mam\u00e1 la despidi\u00f3 en su\u2026","rel":"","context":"En \u00abPoliciales\u00bb","block_context":{"text":"Policiales","link":"https:\/\/www.24baires.com\/?cat=49"},"img":{"alt_text":"martina nena desaparecida caseros","src":"https:\/\/i0.wp.com\/www.24baires.com\/wp-content\/uploads\/2014\/06\/martina-nena-desaparecida-caseros-201x300.jpg?resize=350%2C200","width":350,"height":200},"classes":[]}],"jetpack_sharing_enabled":true,"jetpack_likes_enabled":true,"_links":{"self":[{"href":"https:\/\/www.24baires.com\/index.php?rest_route=\/wp\/v2\/posts\/7690","targetHints":{"allow":["GET"]}}],"collection":[{"href":"https:\/\/www.24baires.com\/index.php?rest_route=\/wp\/v2\/posts"}],"about":[{"href":"https:\/\/www.24baires.com\/index.php?rest_route=\/wp\/v2\/types\/post"}],"author":[{"embeddable":true,"href":"https:\/\/www.24baires.com\/index.php?rest_route=\/wp\/v2\/users\/4"}],"replies":[{"embeddable":true,"href":"https:\/\/www.24baires.com\/index.php?rest_route=%2Fwp%2Fv2%2Fcomments&post=7690"}],"version-history":[{"count":2,"href":"https:\/\/www.24baires.com\/index.php?rest_route=\/wp\/v2\/posts\/7690\/revisions"}],"predecessor-version":[{"id":7692,"href":"https:\/\/www.24baires.com\/index.php?rest_route=\/wp\/v2\/posts\/7690\/revisions\/7692"}],"wp:attachment":[{"href":"https:\/\/www.24baires.com\/index.php?rest_route=%2Fwp%2Fv2%2Fmedia&parent=7690"}],"wp:term":[{"taxonomy":"category","embeddable":true,"href":"https:\/\/www.24baires.com\/index.php?rest_route=%2Fwp%2Fv2%2Fcategories&post=7690"},{"taxonomy":"post_tag","embeddable":true,"href":"https:\/\/www.24baires.com\/index.php?rest_route=%2Fwp%2Fv2%2Ftags&post=7690"}],"curies":[{"name":"wp","href":"https:\/\/api.w.org\/{rel}","templated":true}]}}