{"id":76888,"date":"2015-12-26T21:00:14","date_gmt":"2015-12-27T00:00:14","guid":{"rendered":"http:\/\/www.24baires.com\/?p=76888"},"modified":"2015-12-26T19:22:20","modified_gmt":"2015-12-26T22:22:20","slug":"el-gobierno-justifico-intervencion-de-la-afsca-su-objetivo-era-financiar-la-militancia-politica","status":"publish","type":"post","link":"https:\/\/www.24baires.com\/?p=76888","title":{"rendered":"El Gobierno justific\u00f3 intervenci\u00f3n de la Afsca: \u00abSu objetivo era financiar la militancia pol\u00edtica\u00bb"},"content":{"rendered":"<p>El ministro de Interior, Rogelio Frigerio, explic\u00f3 que la decisi\u00f3n de intervenir tanto ese organismo como la Aftic tiene como fin que \u00abel Estado funcione y las instituciones hagan lo que tengan que hacer\u00bb.<!--more--><\/p>\n<p>El Gobierno volvi\u00f3 a defender este s\u00e1bado la intervenci\u00f3n de la Autoridad Federal de Servicios de Comunicaci\u00f3n Audiovisual (Afsca), al advertir que \u00absu objetivo principal era financiar la militancia pol\u00edtica\u00bb.<\/p>\n<p>El ministro de Interior, Rogelio Frigerio, explic\u00f3 que la decisi\u00f3n de intervenir tanto ese organismo como la Autoridad Federal de Tecnolog\u00eda de la Informaci\u00f3n y las Comunicaciones (Aftic) tiene como fin que \u00abel Estado funcione y las instituciones hagan lo que tengan que hacer\u00bb.<\/p>\n<p>La Afsca \u00abno estaba cumpliendo con la Ley (de Servicios de Comunicaci\u00f3n Audiovisual) ni su titular con los deberes de funcionario p\u00fablico\u00bb, alert\u00f3 el funcionario y destac\u00f3 que la intenci\u00f3n del Ejecutivo es que esa norma, \u00abcon algunas correcciones que habr\u00eda que hacer, funcione y eso no estaba ocurriendo\u00bb.<\/p>\n<p>Frigerio justific\u00f3 la medida dispuesta por decreto por la Casa Rosada al advertir que la Afsca \u00abse convirti\u00f3 en un centro de militantes en el que se multiplicaba todo el tiempo la cantidad de empleados sin una funci\u00f3n fija, con el objetivo principal que era financiar la militancia pol\u00edtica y eso -plante\u00f3- no es lo que la gente est\u00e1 esperando de nosotros\u00bb.<\/p>\n<p>El jueves \u00faltimo, en v\u00edsperas de Nochebuena, el juez Juli\u00e1n Ercolini dispuso el desalojo y allanamiento de la sede de la Afsca, en el marco de la denuncia penal que realiz\u00f3 el Gobierno contra Mart\u00edn Sabbatella por supuesto \u00abincumplimiento de los deberes de funcionario p\u00fablico y abuso de poder\u00bb.<\/p>\n<p>Si bien el ahora ex funcionario se resisti\u00f3 a acatar la orden judicial, pasadas las 22 de esa tensa jornada termin\u00f3 retir\u00e1ndose del edificio, aunque avis\u00f3 que segu\u00eda en discusi\u00f3n el h\u00e1beas corpus y la medida cautelar que present\u00f3 en rechazo a la medida gubernamental.<\/p>\n<p>El ministro de Justicia, Germ\u00e1n Garavano, sum\u00f3 su voz en esta controversia y aunque dijo que el tema de la intervenci\u00f3n est\u00e1 en la \u00f3rbita de la cartera de Comunicaciones, a cargo de Oscar Aguad, evalu\u00f3 que se \u00abdeben tener sobrados motivos para tomar esa decisi\u00f3n\u00bb.<\/p>\n<p>\u00abEl ministro tiene la facultad de intervenir, es una facultad que tiene el Poder Ejecutivo y, de hecho, el Poder Ejecutivo anterior la ejerci\u00f3 en el Inadi y otros organismos de forma muy habitual. La intervenci\u00f3n es una herramienta que usaron todos los gobiernos. Si no, estamos en esto de que el gobierno no puede usar herramientas institucionales, legales o constitucionales para llevar adelante pol\u00edticas que, finalmente, la poblaci\u00f3n vot\u00f3\u00bb, expres\u00f3.<\/p>\n<p>En un reportaje que hoy publica un matutino porte\u00f1o resalt\u00f3 que \u00aba veces hay funcionarios que se resisten y afectan la gobernabilidad\u00bb y, en tal sentido, deplor\u00f3: \u00abNo es un buen camino cuestionar todas las decisiones del gobierno\u00bb.<\/p>\n<p>Esta ma\u00f1ana, Sabbatella volvi\u00f3 a calificar de \u00ablocura e ilegal\u00bb la intervenci\u00f3n del organismo, aunque dijo no tener \u00abmucha expectativa\u00bb de que la Justicia falle a su favor.<\/p>\n<p>\u00abTengo que reconocer que no tengo mucha expectativa en lo que haga el Poder Judicial porque hay una gran parte de ese Poder Judicial que est\u00e1 colonizado por los intereses corporativos, o porque le teme a las pr\u00e1cticas extorsivas de estos grupos hegem\u00f3nicos (medi\u00e1ticos), o porque (los jueces) tienen algo para esconder y tienen miedo de que se lo pongan en la tapa de los diarios\u00bb, dispar\u00f3.<\/p>\n<p>Tras plantear que \u00abpor el motivo que sea, hay una parte del Poder Judicial que ha constituido una trama oscura de intereses\u00bb, Sabbatella denunci\u00f3 que el gobierno de Mauricio Macri \u00abbusca un blindaje judicial y un blindaje medi\u00e1tico para avanzar en medidas antipopulares\u00bb.<\/p>\n","protected":false},"excerpt":{"rendered":"<p>El ministro de Interior, Rogelio Frigerio, explic\u00f3 que la decisi\u00f3n de intervenir tanto ese organismo como la Aftic tiene como fin que \u00abel Estado funcione y las instituciones hagan lo que tengan que hacer\u00bb.<\/p>\n","protected":false},"author":8,"featured_media":0,"comment_status":"open","ping_status":"open","sticky":false,"template":"","format":"standard","meta":{"_jetpack_newsletter_access":"","_jetpack_dont_email_post_to_subs":false,"_jetpack_newsletter_tier_id":0,"_jetpack_memberships_contains_paywalled_content":false,"_jetpack_memberships_contains_paid_content":false,"footnotes":""},"categories":[54],"tags":[],"class_list":["post-76888","post","type-post","status-publish","format-standard","hentry","category-medios"],"jetpack_featured_media_url":"","jetpack_shortlink":"https:\/\/wp.me\/p2JWE0-k08","jetpack-related-posts":[{"id":76905,"url":"https:\/\/www.24baires.com\/?p=76905","url_meta":{"origin":76888,"position":0},"title":"Desde la OEA cuestionan la intervenci\u00f3n de la Afsca","author":"AF","date":"27\/12\/2015","format":false,"excerpt":"Edison Lanza sostuvo que la decisi\u00f3n del gobierno de intervenir la Afsca y desplazar de su cargo a Mart\u00edn Sabbatella es \u201cun camino poco ortodoxo\u201d y se\u00f1al\u00f3 que \"se hizo sin usar lo que indica la ley (de Servicios de Comunicaci\u00f3n Audiovisual\". \"Es un camino poco ortodoxo y hoy est\u00e1\u2026","rel":"","context":"En \u00abMedios\u00bb","block_context":{"text":"Medios","link":"https:\/\/www.24baires.com\/?cat=54"},"img":{"alt_text":"","src":"","width":0,"height":0},"classes":[]},{"id":76780,"url":"https:\/\/www.24baires.com\/?p=76780","url_meta":{"origin":76888,"position":1},"title":"El Gobierno interviene la AFSCA a trav\u00e9s de un decreto","author":"AF","date":"23\/12\/2015","format":false,"excerpt":"La medida fue anunciada por el ministro de Telecomunicaciones, Oscar Aguad. Contempla tambi\u00e9n la intervenci\u00f3n de la Autoridad Federal de Tecnolog\u00edas de la Informaci\u00f3n. El ministro de Telecomunicaciones, Oscar Aguad, anunci\u00f3 hoy desde Casa Rosada la intervenci\u00f3n por decreto de la Autoridad Federal de Servicios de Comunicaci\u00f3n Audiovisual, organismo que\u2026","rel":"","context":"En \u00abJUDICIALES\u00bb","block_context":{"text":"JUDICIALES","link":"https:\/\/www.24baires.com\/?cat=68"},"img":{"alt_text":"aguad intervenci\u00f3n afsca","src":"https:\/\/i0.wp.com\/www.24baires.com\/wp-content\/uploads\/2015\/12\/aguad-intervenci%C3%B3n-afsca.png?resize=350%2C200","width":350,"height":200,"srcset":"https:\/\/i0.wp.com\/www.24baires.com\/wp-content\/uploads\/2015\/12\/aguad-intervenci%C3%B3n-afsca.png?resize=350%2C200 1x, https:\/\/i0.wp.com\/www.24baires.com\/wp-content\/uploads\/2015\/12\/aguad-intervenci%C3%B3n-afsca.png?resize=525%2C300 1.5x"},"classes":[]},{"id":105302,"url":"https:\/\/www.24baires.com\/?p=105302","url_meta":{"origin":76888,"position":2},"title":"El oficialismo logr\u00f3 dictamen para tratar el Presupuesto en el Senado","author":"AF","date":"06\/11\/2018","format":false,"excerpt":"Esta tarde, tras recibir la visita del ministro del Interior Rogelio Frigerio en la Comisi\u00f3n de Presupuesto y Hacienda obtuvieron las firmas para dictaminar sobre el proyecto con media sanci\u00f3n de Diputados y sobre el paquete fiscal para llevarlo la pr\u00f3xima semana al recinto. Luego de la exposici\u00f3n del ministro\u2026","rel":"","context":"En \u00abPol\u00edtica\u00bb","block_context":{"text":"Pol\u00edtica","link":"https:\/\/www.24baires.com\/?cat=51"},"img":{"alt_text":"","src":"https:\/\/i0.wp.com\/www.24baires.com\/wp-content\/uploads\/2018\/11\/senado.jpg?resize=350%2C200","width":350,"height":200,"srcset":"https:\/\/i0.wp.com\/www.24baires.com\/wp-content\/uploads\/2018\/11\/senado.jpg?resize=350%2C200 1x, https:\/\/i0.wp.com\/www.24baires.com\/wp-content\/uploads\/2018\/11\/senado.jpg?resize=525%2C300 1.5x"},"classes":[]},{"id":76806,"url":"https:\/\/www.24baires.com\/?p=76806","url_meta":{"origin":76888,"position":3},"title":"\u00abPresentar\u00e9 un amparo, voy a cumplir con mi mandato\u00bb, advirti\u00f3 Sabbatella","author":"AF","date":"23\/12\/2015","format":false,"excerpt":"El titular de la AFSCA quiere frenar por v\u00eda judicial el decreto de intervenci\u00f3n que dispuso el Gobierno. Presentar\u00e1 tambi\u00e9n un habeas corpus. Tras el decreto que dispuso la intervenci\u00f3n de la Autoridad Federal de Servicios de Comunicaci\u00f3n Audiovisual (AFSCA), el desplazado titular del organismo, Mart\u00edn Sabbatella, expres\u00f3 ante la\u2026","rel":"","context":"En \u00abJUDICIALES\u00bb","block_context":{"text":"JUDICIALES","link":"https:\/\/www.24baires.com\/?cat=68"},"img":{"alt_text":"sabbatella media empresa","src":"https:\/\/i0.wp.com\/www.24baires.com\/wp-content\/uploads\/2012\/12\/sabbatella-media-empresa.jpg?resize=350%2C200","width":350,"height":200,"srcset":"https:\/\/i0.wp.com\/www.24baires.com\/wp-content\/uploads\/2012\/12\/sabbatella-media-empresa.jpg?resize=350%2C200 1x, https:\/\/i0.wp.com\/www.24baires.com\/wp-content\/uploads\/2012\/12\/sabbatella-media-empresa.jpg?resize=525%2C300 1.5x"},"classes":[]},{"id":76802,"url":"https:\/\/www.24baires.com\/?p=76802","url_meta":{"origin":76888,"position":4},"title":"Repudian la intervenci\u00f3n de la AFSCA con una manifestaci\u00f3n en la puerta","author":"AF","date":"23\/12\/2015","format":false,"excerpt":"Referentes del Frente para la Victoria y manifestantes que se acercaron espont\u00e1neamente se congregan en Suipacha y C\u00f3rdoba. Decenas de manifestantes y referentes pol\u00edticos del Frente para la Victoria se congregaron en la sede de la Afsca para rechazar la intervenci\u00f3n decretada por el Gobierno nacional. \"A este gobierno le\u2026","rel":"","context":"En \u00abMedios\u00bb","block_context":{"text":"Medios","link":"https:\/\/www.24baires.com\/?cat=54"},"img":{"alt_text":"AFSCA","src":"https:\/\/i0.wp.com\/www.24baires.com\/wp-content\/uploads\/2015\/12\/AFSCA.jpg?resize=350%2C200","width":350,"height":200,"srcset":"https:\/\/i0.wp.com\/www.24baires.com\/wp-content\/uploads\/2015\/12\/AFSCA.jpg?resize=350%2C200 1x, https:\/\/i0.wp.com\/www.24baires.com\/wp-content\/uploads\/2015\/12\/AFSCA.jpg?resize=525%2C300 1.5x"},"classes":[]},{"id":78534,"url":"https:\/\/www.24baires.com\/?p=78534","url_meta":{"origin":76888,"position":5},"title":"Ley de Medios: el Gobierno archiv\u00f3 todos los planes de adecuaci\u00f3n","author":"GB","date":"03\/02\/2016","format":false,"excerpt":"El Gobierno sigue avanzando contra la ley. Ahora ya no hay obligaci\u00f3n de vender se\u00f1ales. El viernes 9 de octubre de 2009, tras veinte horas de sesi\u00f3n, la C\u00e1mara de Senadores convirti\u00f3 en el ley el proyecto de la Ley de Medios con 44 votos a favor y 24 en\u2026","rel":"","context":"En \u00abPol\u00edtica\u00bb","block_context":{"text":"Pol\u00edtica","link":"https:\/\/www.24baires.com\/?cat=51"},"img":{"alt_text":"","src":"","width":0,"height":0},"classes":[]}],"jetpack_sharing_enabled":true,"jetpack_likes_enabled":true,"_links":{"self":[{"href":"https:\/\/www.24baires.com\/index.php?rest_route=\/wp\/v2\/posts\/76888","targetHints":{"allow":["GET"]}}],"collection":[{"href":"https:\/\/www.24baires.com\/index.php?rest_route=\/wp\/v2\/posts"}],"about":[{"href":"https:\/\/www.24baires.com\/index.php?rest_route=\/wp\/v2\/types\/post"}],"author":[{"embeddable":true,"href":"https:\/\/www.24baires.com\/index.php?rest_route=\/wp\/v2\/users\/8"}],"replies":[{"embeddable":true,"href":"https:\/\/www.24baires.com\/index.php?rest_route=%2Fwp%2Fv2%2Fcomments&post=76888"}],"version-history":[{"count":1,"href":"https:\/\/www.24baires.com\/index.php?rest_route=\/wp\/v2\/posts\/76888\/revisions"}],"predecessor-version":[{"id":76889,"href":"https:\/\/www.24baires.com\/index.php?rest_route=\/wp\/v2\/posts\/76888\/revisions\/76889"}],"wp:attachment":[{"href":"https:\/\/www.24baires.com\/index.php?rest_route=%2Fwp%2Fv2%2Fmedia&parent=76888"}],"wp:term":[{"taxonomy":"category","embeddable":true,"href":"https:\/\/www.24baires.com\/index.php?rest_route=%2Fwp%2Fv2%2Fcategories&post=76888"},{"taxonomy":"post_tag","embeddable":true,"href":"https:\/\/www.24baires.com\/index.php?rest_route=%2Fwp%2Fv2%2Ftags&post=76888"}],"curies":[{"name":"wp","href":"https:\/\/api.w.org\/{rel}","templated":true}]}}