{"id":7686,"date":"2012-12-03T12:00:24","date_gmt":"2012-12-03T15:00:24","guid":{"rendered":"http:\/\/www.24baires.com\/?p=7686"},"modified":"2012-12-03T15:03:51","modified_gmt":"2012-12-03T18:03:51","slug":"mejoras-en-seguridad-para-pedro-luro","status":"publish","type":"post","link":"https:\/\/www.24baires.com\/?p=7686","title":{"rendered":"Mejoras en seguridad para Pedro Luro"},"content":{"rendered":"<p><strong>PARTIDO DE VILLARINO &#8211;<\/strong> El ministro de seguridad \u00a0de la Provincia, Ricardo Casal, inaugurar\u00e1 un Centro de Monitoreo en Pedro Luro y entregar\u00e1 7 nuevos m\u00f3viles policiales, junto con la intendenta Patricia Cobello.<!--more--><br \/>\nEn el marco del programa de Seguridad Ciudadana, hoy a las 15 horas, se pondr\u00e1 en funcionamiento un Centro operativo que monitorear\u00e1 en esta primera etapa, puntos estrat\u00e9gicos de la localidad de Pedro Luro, e ir\u00e1 incorporando luego al resto de las localidades de Villarino.<\/p>\n<p>Diez c\u00e1maras de seguridad transmitir\u00e1n im\u00e1genes las 24 horas y en tiempo real hacia el mencionado centro, donde los operarios capacitados para tal fin, vigilar\u00e1n los distintos puntos p\u00fablicos para llevar adelante una tarea de prevenci\u00f3n del delito.<\/p>\n<p>Tambi\u00e9n en el mismo acto se entregar\u00e1n 7 nuevos veh\u00edculos a la Polic\u00eda Comunal de Villarino. Se trata de camionetas Ford Ranger 4&#215;4, aportadas por el Ministerio de Seguridad de la Provincia de Buenos Aires. Con estos veh\u00edculos, ya suman 13 los nuevos m\u00f3viles destinados a la seguridad p\u00fablica en lo que va del a\u00f1o 2012.<\/p>\n","protected":false},"excerpt":{"rendered":"<p>PARTIDO DE VILLARINO &#8211; El ministro de seguridad \u00a0de la Provincia, Ricardo Casal, inaugurar\u00e1 un Centro de Monitoreo en Pedro Luro y entregar\u00e1 7 nuevos m\u00f3viles policiales, junto con la intendenta Patricia Cobello.<\/p>\n","protected":false},"author":4,"featured_media":0,"comment_status":"open","ping_status":"open","sticky":false,"template":"","format":"standard","meta":{"_jetpack_newsletter_access":"","_jetpack_dont_email_post_to_subs":false,"_jetpack_newsletter_tier_id":0,"_jetpack_memberships_contains_paywalled_content":false,"_jetpack_memberships_contains_paid_content":false,"footnotes":""},"categories":[38],"tags":[],"class_list":["post-7686","post","type-post","status-publish","format-standard","hentry","category-locales"],"jetpack_featured_media_url":"","jetpack_shortlink":"https:\/\/wp.me\/p2JWE0-1ZY","jetpack-related-posts":[{"id":115959,"url":"https:\/\/www.24baires.com\/?p=115959","url_meta":{"origin":7686,"position":0},"title":"Encontraron un cuerpo en la zona donde buscaban a Facundo Astudillo Castro","author":"GB","date":"16\/08\/2020","format":false,"excerpt":"Se trata de un cad\u00e1ver semienterrado en un curso de agua, cerca de una orilla entre las localidades bonaerenses de General Daniel Cerri y Villarino. Este domingo, viajar\u00e1 un grupo de integrantes del Equipo Argentino de Antropolog\u00eda Forense (EAAF) para determinar si los restos se tratan o no del joven\u2026","rel":"","context":"En \u00abSociedad\u00bb","block_context":{"text":"Sociedad","link":"https:\/\/www.24baires.com\/?cat=1"},"img":{"alt_text":"","src":"https:\/\/i0.wp.com\/www.24baires.com\/wp-content\/uploads\/2020\/08\/facundo-astudillo.jpg?resize=350%2C200","width":350,"height":200,"srcset":"https:\/\/i0.wp.com\/www.24baires.com\/wp-content\/uploads\/2020\/08\/facundo-astudillo.jpg?resize=350%2C200 1x, https:\/\/i0.wp.com\/www.24baires.com\/wp-content\/uploads\/2020\/08\/facundo-astudillo.jpg?resize=525%2C300 1.5x"},"classes":[]},{"id":55067,"url":"https:\/\/www.24baires.com\/?p=55067","url_meta":{"origin":7686,"position":1},"title":"Licitan obras para el gasoducto Villarino-Patagones","author":"AF","date":"09\/10\/2014","format":false,"excerpt":"Se realiz\u00f3 la apertura de sobres con la presencia de la Intendenta de Villarino Patricia Cobello, y su par de Patagones, Ricardo Curetti. La Intendenta Municipal de Villarino Patricia Cobello, y su par de Patagones, Ing. Ricardo Curetti, realizaron ayer la apertura de sobres para la licitaci\u00f3n p\u00fablica de la\u2026","rel":"","context":"En \u00abLocales\u00bb","block_context":{"text":"Locales","link":"https:\/\/www.24baires.com\/?cat=38"},"img":{"alt_text":"cobello curetti","src":"https:\/\/i0.wp.com\/www.24baires.com\/wp-content\/uploads\/2014\/10\/cobello-curetti.jpg?resize=350%2C200","width":350,"height":200,"srcset":"https:\/\/i0.wp.com\/www.24baires.com\/wp-content\/uploads\/2014\/10\/cobello-curetti.jpg?resize=350%2C200 1x, https:\/\/i0.wp.com\/www.24baires.com\/wp-content\/uploads\/2014\/10\/cobello-curetti.jpg?resize=525%2C300 1.5x"},"classes":[]},{"id":91390,"url":"https:\/\/www.24baires.com\/?p=91390","url_meta":{"origin":7686,"position":2},"title":"Bombero emocionado relat\u00f3 la dram\u00e1tica situaci\u00f3n de los incendios en la provincia","author":"GB","date":"05\/01\/2017","format":false,"excerpt":"El jefe de Bomberos en Pedro Luro, Luciano Floco, detall\u00f3 la problem\u00e1tica de los incendios en su distrito y la regi\u00f3n y no pudo evitar emocionarse ante la dram\u00e1tica situaci\u00f3n que los aqueja hace d\u00edas. \u201cDesde el 28 de diciembre que Luro est\u00e1 trabajando en incendios tanto en la zona\u2026","rel":"","context":"En \u00abSociedad\u00bb","block_context":{"text":"Sociedad","link":"https:\/\/www.24baires.com\/?cat=1"},"img":{"alt_text":"","src":"https:\/\/i0.wp.com\/www.24baires.com\/wp-content\/uploads\/2017\/01\/bombero.jpg?resize=350%2C200","width":350,"height":200,"srcset":"https:\/\/i0.wp.com\/www.24baires.com\/wp-content\/uploads\/2017\/01\/bombero.jpg?resize=350%2C200 1x, https:\/\/i0.wp.com\/www.24baires.com\/wp-content\/uploads\/2017\/01\/bombero.jpg?resize=525%2C300 1.5x"},"classes":[]},{"id":63193,"url":"https:\/\/www.24baires.com\/?p=63193","url_meta":{"origin":7686,"position":3},"title":"Batakis confirm\u00f3 el financiamiento para el acueducto R\u00edo Colorado y Bah\u00eda Blanca","author":"AF","date":"16\/03\/2015","format":false,"excerpt":"La ministra de Econom\u00eda, Silvina Batakis, se reuni\u00f3 con directivos de la Corporaci\u00f3n Andina de Fomento (CAF) para ultimar los detalles del otorgamiento del cr\u00e9dito por US$ 150 millones para la construcci\u00f3n de la primera etapa del Acueducto R\u00edo Colorado-Bah\u00eda Blanca, una obra que permitir\u00e1 abastecer de agua potable a\u2026","rel":"","context":"En \u00abEconom\u00eda\u00bb","block_context":{"text":"Econom\u00eda","link":"https:\/\/www.24baires.com\/?cat=45"},"img":{"alt_text":"Silvina-Batakis","src":"https:\/\/i0.wp.com\/www.24baires.com\/wp-content\/uploads\/2014\/01\/Silvina-Batakis.jpg?resize=350%2C200","width":350,"height":200,"srcset":"https:\/\/i0.wp.com\/www.24baires.com\/wp-content\/uploads\/2014\/01\/Silvina-Batakis.jpg?resize=350%2C200 1x, https:\/\/i0.wp.com\/www.24baires.com\/wp-content\/uploads\/2014\/01\/Silvina-Batakis.jpg?resize=525%2C300 1.5x"},"classes":[]},{"id":115716,"url":"https:\/\/www.24baires.com\/?p=115716","url_meta":{"origin":7686,"position":4},"title":"Mayor Buratovich: el rastro encontrado en la comisar\u00eda no era de Facundo Castro","author":"AF","date":"22\/07\/2020","format":false,"excerpt":"La paleta del cierre hallada, que se pod\u00eda corresponder a la mochila Wilson de Facundo, en realidad pertenec\u00eda a otra mochila. Hab\u00eda sido encontrada por un perro adiestrado, que fue utilizado en el allanamiento a pedido de la familia. El hallazgo de la paleta del cierre de una mochila Wilson,\u2026","rel":"","context":"En \u00abSociedad\u00bb","block_context":{"text":"Sociedad","link":"https:\/\/www.24baires.com\/?cat=1"},"img":{"alt_text":"","src":"https:\/\/i0.wp.com\/www.24baires.com\/wp-content\/uploads\/2020\/07\/facundo-castro.jpeg?resize=350%2C200","width":350,"height":200,"srcset":"https:\/\/i0.wp.com\/www.24baires.com\/wp-content\/uploads\/2020\/07\/facundo-castro.jpeg?resize=350%2C200 1x, https:\/\/i0.wp.com\/www.24baires.com\/wp-content\/uploads\/2020\/07\/facundo-castro.jpeg?resize=525%2C300 1.5x"},"classes":[]},{"id":39352,"url":"https:\/\/www.24baires.com\/?p=39352","url_meta":{"origin":7686,"position":5},"title":"Aseguran que hubo un crecimiento tur\u00edstico en Villarino y Patagones","author":"GB","date":"28\/01\/2014","format":false,"excerpt":"Funcionarios de la Secretar\u00eda de Turismo bonaerense estuvieron en esas dos localidades del sur, junto a autoridades municipales y empresarios para analizar la temporada y la posibilidad de apuntalar esos reductos, que hist\u00f3ricamente no figuran entre las m\u00e1s visitadas pero, este enero, registraron mejores n\u00fameros que en a\u00f1os anteriores. Villarino,\u2026","rel":"","context":"En \u00abLocales\u00bb","block_context":{"text":"Locales","link":"https:\/\/www.24baires.com\/?cat=38"},"img":{"alt_text":"","src":"","width":0,"height":0},"classes":[]}],"jetpack_sharing_enabled":true,"jetpack_likes_enabled":true,"_links":{"self":[{"href":"https:\/\/www.24baires.com\/index.php?rest_route=\/wp\/v2\/posts\/7686","targetHints":{"allow":["GET"]}}],"collection":[{"href":"https:\/\/www.24baires.com\/index.php?rest_route=\/wp\/v2\/posts"}],"about":[{"href":"https:\/\/www.24baires.com\/index.php?rest_route=\/wp\/v2\/types\/post"}],"author":[{"embeddable":true,"href":"https:\/\/www.24baires.com\/index.php?rest_route=\/wp\/v2\/users\/4"}],"replies":[{"embeddable":true,"href":"https:\/\/www.24baires.com\/index.php?rest_route=%2Fwp%2Fv2%2Fcomments&post=7686"}],"version-history":[{"count":3,"href":"https:\/\/www.24baires.com\/index.php?rest_route=\/wp\/v2\/posts\/7686\/revisions"}],"predecessor-version":[{"id":7717,"href":"https:\/\/www.24baires.com\/index.php?rest_route=\/wp\/v2\/posts\/7686\/revisions\/7717"}],"wp:attachment":[{"href":"https:\/\/www.24baires.com\/index.php?rest_route=%2Fwp%2Fv2%2Fmedia&parent=7686"}],"wp:term":[{"taxonomy":"category","embeddable":true,"href":"https:\/\/www.24baires.com\/index.php?rest_route=%2Fwp%2Fv2%2Fcategories&post=7686"},{"taxonomy":"post_tag","embeddable":true,"href":"https:\/\/www.24baires.com\/index.php?rest_route=%2Fwp%2Fv2%2Ftags&post=7686"}],"curies":[{"name":"wp","href":"https:\/\/api.w.org\/{rel}","templated":true}]}}