{"id":76858,"date":"2015-12-24T16:58:56","date_gmt":"2015-12-24T19:58:56","guid":{"rendered":"http:\/\/www.24baires.com\/?p=76858"},"modified":"2015-12-24T16:58:56","modified_gmt":"2015-12-24T19:58:56","slug":"desalojan-la-afsca-y-sabbatella-aseguro-que-implica-la-suspension-de-la-ley-de-medios","status":"publish","type":"post","link":"https:\/\/www.24baires.com\/?p=76858","title":{"rendered":"Desalojan la AFSCA y Sabbatella asegur\u00f3 que \u00abimplica la suspensi\u00f3n de la Ley de Medios\u00bb"},"content":{"rendered":"<p><img data-recalc-dims=\"1\" loading=\"lazy\" decoding=\"async\" class=\"aligncenter size-full wp-image-34417\" src=\"https:\/\/i0.wp.com\/www.24baires.com\/wp-content\/uploads\/2013\/10\/sabbatella.jpg?resize=560%2C373\" alt=\"sabbatella\" width=\"560\" height=\"373\" srcset=\"https:\/\/i0.wp.com\/www.24baires.com\/wp-content\/uploads\/2013\/10\/sabbatella.jpg?w=560&amp;ssl=1 560w, https:\/\/i0.wp.com\/www.24baires.com\/wp-content\/uploads\/2013\/10\/sabbatella.jpg?resize=300%2C199&amp;ssl=1 300w\" sizes=\"auto, (max-width: 560px) 100vw, 560px\" \/><\/p>\n<p>Fue dispuesto por el juez Juli\u00e1n Ercolini y lo encabezan efectivos de la Polic\u00eda Federal. Su titular, Mart\u00edn Sabbatella, asegur\u00f3 que cumplir\u00e1 la orden judicial que dispone el desalojo del organismo.<!--more--><\/p>\n<p>Efectivos de la Polic\u00eda Federal iniciaron este jueves por la tarde el allanamiento dispuesto por el juez Juli\u00e1n Ercolini a la sede de la Autoridad Federal de Servicios de Comunicaci\u00f3n Audiovisual (AFSCA), cuyo titular es el kirchnerista Martin Sabbatella, y no se descarta que sea desalojada.<\/p>\n<p>El ingreso de los efectivos se produjo a las 15.45, en la sede del organismo de la calle Suipacha al 700, de esta ciudad y no descartan que haya un desalojo.<\/p>\n<p>En tanto, Sabbatella asegur\u00f3 este jueves que cumplir\u00e1 la orden judicial que dispone el desalojo del organismo, pero sostuvo que \u00abhay una parte del Poder Judicial que es c\u00f3mplice de poderes concentrados que quieren violar la ley\u00bb.<\/p>\n<p>\u00abComo cualquier orden judicial, la vamos a cumplir. Vamos a cumplir siempre las decisiones de la Justicia, las que estamos de acuerdo y las que no\u00bb, afirm\u00f3 Sabbatella al llegar a la sede de la AFSCA, tras conocerse la resoluci\u00f3n del juez Juli\u00e1n Ercolini.<\/p>\n<p>No obstante, el funcionario critic\u00f3 al magistrado y sostuvo que \u00abhay una parte del Poder Judicial que es c\u00f3mplice de poderes concentrados que quieren violar la ley\u00bb.<\/p>\n<p>&nbsp;<\/p>\n<p>&nbsp;<\/p>\n<p>&nbsp;<\/p>\n<p>&nbsp;<\/p>\n","protected":false},"excerpt":{"rendered":"<p>Fue dispuesto por el juez Juli\u00e1n Ercolini y lo encabezan efectivos de la Polic\u00eda Federal. Su titular, Mart\u00edn Sabbatella, asegur\u00f3 que cumplir\u00e1 la orden judicial que dispone el desalojo del organismo.<\/p>\n","protected":false},"author":11,"featured_media":0,"comment_status":"open","ping_status":"open","sticky":false,"template":"","format":"standard","meta":{"_jetpack_newsletter_access":"","_jetpack_dont_email_post_to_subs":false,"_jetpack_newsletter_tier_id":0,"_jetpack_memberships_contains_paywalled_content":false,"_jetpack_memberships_contains_paid_content":false,"footnotes":""},"categories":[54],"tags":[],"class_list":["post-76858","post","type-post","status-publish","format-standard","hentry","category-medios"],"jetpack_featured_media_url":"","jetpack_shortlink":"https:\/\/wp.me\/p2JWE0-jZE","jetpack-related-posts":[{"id":76937,"url":"https:\/\/www.24baires.com\/?p=76937","url_meta":{"origin":76858,"position":0},"title":"Rafecas qued\u00f3 a cargo de la causa contra Sabbatella por \u00ababuso de poder\u00bb","author":"GB","date":"28\/12\/2015","format":false,"excerpt":"La causa fue enviada a sorteo este mediod\u00eda por el magistrado que intervino la semana pasada y que orden\u00f3 las primeras medidas, entre ellas el desalojo del edificio del organismo. Rafecas qued\u00f3 a cargo de la causa penal abierta al ex titular de la Autoridad Federal de Servicios de Comunicaci\u00f3n\u2026","rel":"","context":"En \u00abPol\u00edtica\u00bb","block_context":{"text":"Pol\u00edtica","link":"https:\/\/www.24baires.com\/?cat=51"},"img":{"alt_text":"rafecas","src":"https:\/\/i0.wp.com\/www.24baires.com\/wp-content\/uploads\/2015\/02\/rafecas.jpg?resize=350%2C200","width":350,"height":200,"srcset":"https:\/\/i0.wp.com\/www.24baires.com\/wp-content\/uploads\/2015\/02\/rafecas.jpg?resize=350%2C200 1x, https:\/\/i0.wp.com\/www.24baires.com\/wp-content\/uploads\/2015\/02\/rafecas.jpg?resize=525%2C300 1.5x"},"classes":[]},{"id":76905,"url":"https:\/\/www.24baires.com\/?p=76905","url_meta":{"origin":76858,"position":1},"title":"Desde la OEA cuestionan la intervenci\u00f3n de la Afsca","author":"AF","date":"27\/12\/2015","format":false,"excerpt":"Edison Lanza sostuvo que la decisi\u00f3n del gobierno de intervenir la Afsca y desplazar de su cargo a Mart\u00edn Sabbatella es \u201cun camino poco ortodoxo\u201d y se\u00f1al\u00f3 que \"se hizo sin usar lo que indica la ley (de Servicios de Comunicaci\u00f3n Audiovisual\". \"Es un camino poco ortodoxo y hoy est\u00e1\u2026","rel":"","context":"En \u00abMedios\u00bb","block_context":{"text":"Medios","link":"https:\/\/www.24baires.com\/?cat=54"},"img":{"alt_text":"","src":"","width":0,"height":0},"classes":[]},{"id":76888,"url":"https:\/\/www.24baires.com\/?p=76888","url_meta":{"origin":76858,"position":2},"title":"El Gobierno justific\u00f3 intervenci\u00f3n de la Afsca: \u00abSu objetivo era financiar la militancia pol\u00edtica\u00bb","author":"GB","date":"26\/12\/2015","format":false,"excerpt":"El ministro de Interior, Rogelio Frigerio, explic\u00f3 que la decisi\u00f3n de intervenir tanto ese organismo como la Aftic tiene como fin que \"el Estado funcione y las instituciones hagan lo que tengan que hacer\". El Gobierno volvi\u00f3 a defender este s\u00e1bado la intervenci\u00f3n de la Autoridad Federal de Servicios de\u2026","rel":"","context":"En \u00abMedios\u00bb","block_context":{"text":"Medios","link":"https:\/\/www.24baires.com\/?cat=54"},"img":{"alt_text":"","src":"","width":0,"height":0},"classes":[]},{"id":77506,"url":"https:\/\/www.24baires.com\/?p=77506","url_meta":{"origin":76858,"position":3},"title":"El macrismo proh\u00edbe la entrada de Sabbatella a la AFSCA","author":"AF","date":"12\/01\/2016","format":false,"excerpt":"El titular de la Autoridad Federal de Servicios de Comunicaci\u00f3n Audiovisual intent\u00f3 regresar a su oficina luego de que dos jueces aceptaran los amparos presentados contra el decreto presidencial que modifica la norma. La infanter\u00eda, apostada frente al edificio, aleg\u00f3 que ten\u00eda \u00f3rdenes del nuevo interventor de no dejarlo entrar.\u2026","rel":"","context":"En \u00abJUDICIALES\u00bb","block_context":{"text":"JUDICIALES","link":"https:\/\/www.24baires.com\/?cat=68"},"img":{"alt_text":"sabbatella media empresa","src":"https:\/\/i0.wp.com\/www.24baires.com\/wp-content\/uploads\/2012\/12\/sabbatella-media-empresa.jpg?resize=350%2C200","width":350,"height":200,"srcset":"https:\/\/i0.wp.com\/www.24baires.com\/wp-content\/uploads\/2012\/12\/sabbatella-media-empresa.jpg?resize=350%2C200 1x, https:\/\/i0.wp.com\/www.24baires.com\/wp-content\/uploads\/2012\/12\/sabbatella-media-empresa.jpg?resize=525%2C300 1.5x"},"classes":[]},{"id":77453,"url":"https:\/\/www.24baires.com\/?p=77453","url_meta":{"origin":76858,"position":4},"title":"Jueces Federales aceptaron amparo contra los DNU de Macri por la Ley de Medios y la AFSCA","author":"GB","date":"11\/01\/2016","format":false,"excerpt":"Dos jueces federales de Ciudad de Buenos Aires y San Mart\u00edn aceptaron, respectivamente, los amparos presentados por una asociaci\u00f3n de consumidores y una organizaci\u00f3n de comunicaci\u00f3n popular, dejando interinamente sin efecto los decretos 13\/15, 236\/15 y 267\/15 mediante los cuales el presidente Mauricio Macri intervino la AFSCA, desplaz\u00f3 a su\u2026","rel":"","context":"En \u00abPol\u00edtica\u00bb","block_context":{"text":"Pol\u00edtica","link":"https:\/\/www.24baires.com\/?cat=51"},"img":{"alt_text":"","src":"","width":0,"height":0},"classes":[]},{"id":76806,"url":"https:\/\/www.24baires.com\/?p=76806","url_meta":{"origin":76858,"position":5},"title":"\u00abPresentar\u00e9 un amparo, voy a cumplir con mi mandato\u00bb, advirti\u00f3 Sabbatella","author":"AF","date":"23\/12\/2015","format":false,"excerpt":"El titular de la AFSCA quiere frenar por v\u00eda judicial el decreto de intervenci\u00f3n que dispuso el Gobierno. Presentar\u00e1 tambi\u00e9n un habeas corpus. Tras el decreto que dispuso la intervenci\u00f3n de la Autoridad Federal de Servicios de Comunicaci\u00f3n Audiovisual (AFSCA), el desplazado titular del organismo, Mart\u00edn Sabbatella, expres\u00f3 ante la\u2026","rel":"","context":"En \u00abJUDICIALES\u00bb","block_context":{"text":"JUDICIALES","link":"https:\/\/www.24baires.com\/?cat=68"},"img":{"alt_text":"sabbatella media empresa","src":"https:\/\/i0.wp.com\/www.24baires.com\/wp-content\/uploads\/2012\/12\/sabbatella-media-empresa.jpg?resize=350%2C200","width":350,"height":200,"srcset":"https:\/\/i0.wp.com\/www.24baires.com\/wp-content\/uploads\/2012\/12\/sabbatella-media-empresa.jpg?resize=350%2C200 1x, https:\/\/i0.wp.com\/www.24baires.com\/wp-content\/uploads\/2012\/12\/sabbatella-media-empresa.jpg?resize=525%2C300 1.5x"},"classes":[]}],"jetpack_sharing_enabled":true,"jetpack_likes_enabled":true,"_links":{"self":[{"href":"https:\/\/www.24baires.com\/index.php?rest_route=\/wp\/v2\/posts\/76858","targetHints":{"allow":["GET"]}}],"collection":[{"href":"https:\/\/www.24baires.com\/index.php?rest_route=\/wp\/v2\/posts"}],"about":[{"href":"https:\/\/www.24baires.com\/index.php?rest_route=\/wp\/v2\/types\/post"}],"author":[{"embeddable":true,"href":"https:\/\/www.24baires.com\/index.php?rest_route=\/wp\/v2\/users\/11"}],"replies":[{"embeddable":true,"href":"https:\/\/www.24baires.com\/index.php?rest_route=%2Fwp%2Fv2%2Fcomments&post=76858"}],"version-history":[{"count":2,"href":"https:\/\/www.24baires.com\/index.php?rest_route=\/wp\/v2\/posts\/76858\/revisions"}],"predecessor-version":[{"id":76860,"href":"https:\/\/www.24baires.com\/index.php?rest_route=\/wp\/v2\/posts\/76858\/revisions\/76860"}],"wp:attachment":[{"href":"https:\/\/www.24baires.com\/index.php?rest_route=%2Fwp%2Fv2%2Fmedia&parent=76858"}],"wp:term":[{"taxonomy":"category","embeddable":true,"href":"https:\/\/www.24baires.com\/index.php?rest_route=%2Fwp%2Fv2%2Fcategories&post=76858"},{"taxonomy":"post_tag","embeddable":true,"href":"https:\/\/www.24baires.com\/index.php?rest_route=%2Fwp%2Fv2%2Ftags&post=76858"}],"curies":[{"name":"wp","href":"https:\/\/api.w.org\/{rel}","templated":true}]}}