{"id":76848,"date":"2015-12-24T13:00:29","date_gmt":"2015-12-24T16:00:29","guid":{"rendered":"http:\/\/www.24baires.com\/?p=76848"},"modified":"2015-12-24T11:53:59","modified_gmt":"2015-12-24T14:53:59","slug":"macri-el-miedo-era-saber-lo-que-haria","status":"publish","type":"post","link":"https:\/\/www.24baires.com\/?p=76848","title":{"rendered":"Macri: el miedo era saber lo que har\u00eda"},"content":{"rendered":"<p><img data-recalc-dims=\"1\" loading=\"lazy\" decoding=\"async\" class=\"aligncenter size-full wp-image-76849\" src=\"https:\/\/i0.wp.com\/www.24baires.com\/wp-content\/uploads\/2015\/12\/macrii.jpg?resize=560%2C315\" alt=\"macrii\" width=\"560\" height=\"315\" srcset=\"https:\/\/i0.wp.com\/www.24baires.com\/wp-content\/uploads\/2015\/12\/macrii.jpg?w=560&amp;ssl=1 560w, https:\/\/i0.wp.com\/www.24baires.com\/wp-content\/uploads\/2015\/12\/macrii.jpg?resize=300%2C169&amp;ssl=1 300w\" sizes=\"auto, (max-width: 560px) 100vw, 560px\" \/>Como conocemos a Macri, nada nos sorprende en verdad. Lo sabemos capaz de arremetidas violentas contra las instituciones, capaz de reprimir trabajadores sin detenerse siquiera a pensarlo. Lo sabemos capaz de destruir nuestros salarios, de devaluar nuestra moneda, de avergonzar a nuestro pa\u00eds en cumbres latinoamericanas. Lo sabemos capaz de acomodar la justicia a su conveniencia, claro, si ya lo ha hecho.<!--more--><\/p>\n<p>Lo sabemos capaz de todo eso, pero cuando va y lo hace, aunque no nos sorprendemos, no podemos evitar la bronca, la desaz\u00f3n, la indignaci\u00f3n. Porque va m\u00e1s all\u00e1 de saber que pod\u00eda hacerlo, que quer\u00eda hacerlo y de que iba a hacerlo. El problema es que lo hizo, y en d\u00edas.<br \/>\nMediante Decretos de Necesidad y Urgencia destruy\u00f3 muchas de las conquistas logradas en m\u00e1s de una d\u00e9cada de esfuerzos, acuerdos y trabajo.<br \/>\n\u00bfPor qu\u00e9? Porque a eso ven\u00eda. Para eso quer\u00eda llegar a la presidencia de la Naci\u00f3n. Para eso quer\u00edan que llegue. \u00bfQui\u00e9nes? Bueno, los grupos concentrados econ\u00f3micos, como los hacendados del campo. Empresarios especuladores que acumularon la soja esperando que el d\u00f3lar se dispare para vender mejor y hacer fluir millonadas hacia sus bolsillos y hacia el exterior. Tambi\u00e9n los grupos concentrados medi\u00e1ticos, como el Grupo Clar\u00edn, que no s\u00f3lo se beneficia con la ca\u00edda del peso, sino con la intervenci\u00f3n del Afsca, por ejemplo. As\u00ed la Ley de Medios Audiovisuales peligra como una pluma en una sudestada. Ni hablar de la causa de Papel Prensa.<br \/>\nPorque ellos mintieron durante mucho tiempo, agazapados, esperando este cambio que nos abruma, nos quita la respiraci\u00f3n, nos empobrece la democracia. Porque mintieron cuando dijeron que TN pod\u00eda desaparecer. Porque nunca peligr\u00f3, porque ahora desaparecieron ellos a 678 de la TV P\u00fablica, desaparecieron al Centro Cultural N\u00e9stor Kirchner, que cierra sus puertas el s\u00e1bado. Desaparecer\u00e1n la industria nacional, porque abren las importaciones y no ser\u00e1 rentable la fabricaci\u00f3n local con semejante competencia desleal.<br \/>\nEste martes, como regalito navide\u00f1o, intervinieron, como dec\u00edamos m\u00e1s arriba, el Afsca y Aftic. Y nos amordazaron a todos y todas. Porque ya no habr\u00e1 muchas voces, porque ellos no las quieren. Porque no se sienten c\u00f3modos con la pluralidad de opiniones, con la cr\u00edtica, con la disidencia.<br \/>\nEllos, en su rol opositor, pudieron decir cualquier cosa. Literalmente cualquier cosa por televisi\u00f3n, radio, diarios, redes sociales, portales de noticias y dem\u00e1s. Pero no permitir\u00e1n que ahora, los nuevos opositores, cuenten con todos esos canales de expresi\u00f3n. Porque la democratizaci\u00f3n de la palabra les da urticaria, los desespera y accionan los resortes que conoce la derecha: eliminar la disidencia o, por lo menos, silenciarla todo lo que puedan. Reducirla, ocultarla.<br \/>\nEstamos viviendo d\u00edas nefastos. El macrismo est\u00e1 pisando fuerte ahora, aprieta hasta casi cerrar del todo el nudo, porque es el momento que creen propicio, porque acaban de ganar y gozan, se supone, de la mayor\u00eda del apoyo popular. Pero las mayor\u00edas despu\u00e9s del 22 de noviembre son muy finitas, apenas unos 600,000 y pico de votos. Y la minor\u00eda est\u00e1 muy activa. No somos pasivos, no nos queda c\u00f3modo el silencio, no somos militantes de sill\u00f3n y control remoto, no estamos esperando al domingo para que Lanata nos diga de qui\u00e9n debemos hablar mal esta semana.<br \/>\nSomos un pueblo empoderado, un pueblo que aprendi\u00f3 a informarse, a dudar de todo. Un pueblo que aprendi\u00f3 a aprender. Y hay cosas que no se olvidan: se ejercitan.<br \/>\nAunque Macri est\u00e1 de vacaciones (s\u00ed, ya se fue&#8230;) esto no va a parar. No nos van a dejar tiempo para acomodar los nuevos golpes, porque todos los d\u00edas llueven pi\u00f1as en la Revoluci\u00f3n de la Alegr\u00eda. Hoy quer\u00e9s asimilar la represi\u00f3n brutal a trabajadores de Cresta Roja pero no pod\u00e9s porque intervienen el Afsca con otro decretazo. Te vas a acostar temiendo la noticia que te va a despertar ma\u00f1ana. Porque el miedo exist\u00eda, pero no era una campa\u00f1a de desprestigio, era saber exactamente qu\u00e9 quer\u00edan hacer y c\u00f3mo y qui\u00e9nes lo har\u00edan.<\/p>\n","protected":false},"excerpt":{"rendered":"<p>Como conocemos a Macri, nada nos sorprende en verdad. Lo sabemos capaz de arremetidas violentas contra las instituciones, capaz de reprimir trabajadores sin detenerse siquiera a pensarlo. Lo sabemos capaz de destruir nuestros salarios, de devaluar nuestra moneda, de avergonzar a nuestro pa\u00eds en cumbres latinoamericanas. Lo sabemos capaz de acomodar la justicia a su conveniencia, claro, si ya lo [&#8230;]<\/p>\n","protected":false},"author":4,"featured_media":0,"comment_status":"open","ping_status":"open","sticky":false,"template":"","format":"standard","meta":{"_jetpack_newsletter_access":"","_jetpack_dont_email_post_to_subs":false,"_jetpack_newsletter_tier_id":0,"_jetpack_memberships_contains_paywalled_content":false,"_jetpack_memberships_contains_paid_content":false,"footnotes":""},"categories":[64],"tags":[],"class_list":["post-76848","post","type-post","status-publish","format-standard","hentry","category-opinion"],"jetpack_featured_media_url":"","jetpack_shortlink":"https:\/\/wp.me\/p2JWE0-jZu","jetpack-related-posts":[{"id":57436,"url":"https:\/\/www.24baires.com\/?p=57436","url_meta":{"origin":76848,"position":0},"title":"Carri\u00f3 no est\u00e1 loca, es s\u00f3lo una Agente de Caos","author":"GB","date":"20\/11\/2014","format":false,"excerpt":"Cada tanto hay un eclipse, cada tanto llega el Mundial de f\u00fatbol, cada tanto las hojas se caen de los \u00e1rboles que las ver\u00e1n renacer con el tiempo y, cada tanto, Carri\u00f3 abandona un partido pol\u00edtico o un frente electoral que ayud\u00f3 a construir. Es c\u00edclico. No sorprende, ser\u00eda como\u2026","rel":"","context":"En \u00abOpini\u00f3n\u00bb","block_context":{"text":"Opini\u00f3n","link":"https:\/\/www.24baires.com\/?cat=64"},"img":{"alt_text":"carrio","src":"https:\/\/i0.wp.com\/www.24baires.com\/wp-content\/uploads\/2012\/10\/carrio.jpg?resize=350%2C200","width":350,"height":200,"srcset":"https:\/\/i0.wp.com\/www.24baires.com\/wp-content\/uploads\/2012\/10\/carrio.jpg?resize=350%2C200 1x, https:\/\/i0.wp.com\/www.24baires.com\/wp-content\/uploads\/2012\/10\/carrio.jpg?resize=525%2C300 1.5x"},"classes":[]},{"id":92972,"url":"https:\/\/www.24baires.com\/?p=92972","url_meta":{"origin":76848,"position":1},"title":"Mau, el Demoledor","author":"GB","date":"10\/03\/2017","format":false,"excerpt":"\"Lo que ustedes llaman aciertos, son errores, los que reconocen como errores, son cr\u00edmenes, y lo que omiten, son calamidades\" (Rodolfo Walsh) Hay un cuento del enorme Cort\u00e1zar, uno de sus m\u00e1s afamados y conocidos, que se me representa en las escenas de la vida cotidiana, esta vida cascoteada por\u2026","rel":"","context":"En \u00abOpini\u00f3n\u00bb","block_context":{"text":"Opini\u00f3n","link":"https:\/\/www.24baires.com\/?cat=64"},"img":{"alt_text":"","src":"https:\/\/i0.wp.com\/www.24baires.com\/wp-content\/uploads\/2016\/09\/macri-onu.jpg?resize=350%2C200","width":350,"height":200,"srcset":"https:\/\/i0.wp.com\/www.24baires.com\/wp-content\/uploads\/2016\/09\/macri-onu.jpg?resize=350%2C200 1x, https:\/\/i0.wp.com\/www.24baires.com\/wp-content\/uploads\/2016\/09\/macri-onu.jpg?resize=525%2C300 1.5x"},"classes":[]},{"id":51025,"url":"https:\/\/www.24baires.com\/?p=51025","url_meta":{"origin":76848,"position":2},"title":"An\u00edbal Fern\u00e1ndez conf\u00eda en que le ganar\u00e1 la interna a Randazzo y Scioli","author":"GB","date":"02\/08\/2014","format":false,"excerpt":"\"Si fuera elegido para la f\u00f3rmula del Frente para la Victoria no tenga ninguna duda que el presidente ser\u00e9 yo\", dijo y de ese modo manifest\u00f3 que, de ganar las primarias, ser\u00e1 capaz de derrotar a Massa y Macri. El senador kirchnerista An\u00edbal Fern\u00e1ndez confirm\u00f3 este s\u00e1bado que competir\u00e1 en\u2026","rel":"","context":"En \u00abLocales\u00bb","block_context":{"text":"Locales","link":"https:\/\/www.24baires.com\/?cat=38"},"img":{"alt_text":"fern\u00e1ndez an\u00edbal2","src":"https:\/\/i0.wp.com\/www.24baires.com\/wp-content\/uploads\/2012\/11\/fern%C3%A1ndez-an%C3%ADbal2.jpg?resize=350%2C200","width":350,"height":200,"srcset":"https:\/\/i0.wp.com\/www.24baires.com\/wp-content\/uploads\/2012\/11\/fern%C3%A1ndez-an%C3%ADbal2.jpg?resize=350%2C200 1x, https:\/\/i0.wp.com\/www.24baires.com\/wp-content\/uploads\/2012\/11\/fern%C3%A1ndez-an%C3%ADbal2.jpg?resize=525%2C300 1.5x"},"classes":[]},{"id":111469,"url":"https:\/\/www.24baires.com\/?p=111469","url_meta":{"origin":76848,"position":3},"title":"\u00abMuero de ganas de debatir con Macri, pero no se va a animar\u00bb","author":"AF","date":"05\/08\/2019","format":false,"excerpt":"El precandidato del Frente de Todos desafi\u00f3 al Presidente a un debate, aunque descart\u00f3 que el primer mandatario vaya a participar. \"No tiene un logro para mostrar\", consider\u00f3. El precandidato presidencial del Frente de Todos, Alberto Fern\u00e1ndez, desafi\u00f3 a Mauricio Macri a participar de un debate, aunque asegur\u00f3 que el\u2026","rel":"","context":"En \u00abPol\u00edtica\u00bb","block_context":{"text":"Pol\u00edtica","link":"https:\/\/www.24baires.com\/?cat=51"},"img":{"alt_text":"","src":"https:\/\/i0.wp.com\/www.24baires.com\/wp-content\/uploads\/2019\/06\/alberto-fernandez.jpg?resize=350%2C200","width":350,"height":200,"srcset":"https:\/\/i0.wp.com\/www.24baires.com\/wp-content\/uploads\/2019\/06\/alberto-fernandez.jpg?resize=350%2C200 1x, https:\/\/i0.wp.com\/www.24baires.com\/wp-content\/uploads\/2019\/06\/alberto-fernandez.jpg?resize=525%2C300 1.5x"},"classes":[]},{"id":76502,"url":"https:\/\/www.24baires.com\/?p=76502","url_meta":{"origin":76848,"position":4},"title":"Una empresa, con la gente afuera","author":"GB","date":"16\/12\/2015","format":false,"excerpt":"Muchos han expresado su sorpresa ante el gabinete de funcionarios que anunci\u00f3 Mauricio Macri, presidente de todos los argentinos. Hay, sobre todo y naturalmente, un descontento expl\u00edcito en aquellos que no lo votaron, que son casi la mitad de los electores. Imagino que no hab\u00eda una expectativa de algo mejor,\u2026","rel":"","context":"En \u00abOpini\u00f3n\u00bb","block_context":{"text":"Opini\u00f3n","link":"https:\/\/www.24baires.com\/?cat=64"},"img":{"alt_text":"macri rivadavia","src":"https:\/\/i0.wp.com\/www.24baires.com\/wp-content\/uploads\/2015\/12\/macri-rivadavia.jpg?resize=350%2C200","width":350,"height":200,"srcset":"https:\/\/i0.wp.com\/www.24baires.com\/wp-content\/uploads\/2015\/12\/macri-rivadavia.jpg?resize=350%2C200 1x, https:\/\/i0.wp.com\/www.24baires.com\/wp-content\/uploads\/2015\/12\/macri-rivadavia.jpg?resize=525%2C300 1.5x"},"classes":[]},{"id":100335,"url":"https:\/\/www.24baires.com\/?p=100335","url_meta":{"origin":76848,"position":5},"title":"Macri \u00e1segur\u00f3 que baj\u00f3 \u00abel gasto p\u00fablico, el d\u00e9ficit, la inflaci\u00f3n y los impuestos\u00bb","author":"AF","date":"02\/02\/2018","format":false,"excerpt":"El presidente viaj\u00f3 a Jujuy, el territorio gobernado por el pol\u00e9mico Gerardo Morales, quien sigue manteniendo a Milagro Sala presa. Fue a inaugurar dos \"zonas francas\", a visitar una localidad arrasada por un alud, y a jugar a la pelota. El presidente Mauricio Macri viaj\u00f3 a Jujuy, y en un\u2026","rel":"","context":"En \u00abPol\u00edtica\u00bb","block_context":{"text":"Pol\u00edtica","link":"https:\/\/www.24baires.com\/?cat=51"},"img":{"alt_text":"","src":"https:\/\/i0.wp.com\/www.24baires.com\/wp-content\/uploads\/2018\/02\/macri-f%C3%BAtbol.jpg?resize=350%2C200","width":350,"height":200,"srcset":"https:\/\/i0.wp.com\/www.24baires.com\/wp-content\/uploads\/2018\/02\/macri-f%C3%BAtbol.jpg?resize=350%2C200 1x, https:\/\/i0.wp.com\/www.24baires.com\/wp-content\/uploads\/2018\/02\/macri-f%C3%BAtbol.jpg?resize=525%2C300 1.5x"},"classes":[]}],"jetpack_sharing_enabled":true,"jetpack_likes_enabled":true,"_links":{"self":[{"href":"https:\/\/www.24baires.com\/index.php?rest_route=\/wp\/v2\/posts\/76848","targetHints":{"allow":["GET"]}}],"collection":[{"href":"https:\/\/www.24baires.com\/index.php?rest_route=\/wp\/v2\/posts"}],"about":[{"href":"https:\/\/www.24baires.com\/index.php?rest_route=\/wp\/v2\/types\/post"}],"author":[{"embeddable":true,"href":"https:\/\/www.24baires.com\/index.php?rest_route=\/wp\/v2\/users\/4"}],"replies":[{"embeddable":true,"href":"https:\/\/www.24baires.com\/index.php?rest_route=%2Fwp%2Fv2%2Fcomments&post=76848"}],"version-history":[{"count":1,"href":"https:\/\/www.24baires.com\/index.php?rest_route=\/wp\/v2\/posts\/76848\/revisions"}],"predecessor-version":[{"id":76850,"href":"https:\/\/www.24baires.com\/index.php?rest_route=\/wp\/v2\/posts\/76848\/revisions\/76850"}],"wp:attachment":[{"href":"https:\/\/www.24baires.com\/index.php?rest_route=%2Fwp%2Fv2%2Fmedia&parent=76848"}],"wp:term":[{"taxonomy":"category","embeddable":true,"href":"https:\/\/www.24baires.com\/index.php?rest_route=%2Fwp%2Fv2%2Fcategories&post=76848"},{"taxonomy":"post_tag","embeddable":true,"href":"https:\/\/www.24baires.com\/index.php?rest_route=%2Fwp%2Fv2%2Ftags&post=76848"}],"curies":[{"name":"wp","href":"https:\/\/api.w.org\/{rel}","templated":true}]}}