{"id":76843,"date":"2015-12-24T12:00:10","date_gmt":"2015-12-24T15:00:10","guid":{"rendered":"http:\/\/www.24baires.com\/?p=76843"},"modified":"2015-12-24T11:24:19","modified_gmt":"2015-12-24T14:24:19","slug":"a-pedido-de-clarin-y-la-nacion-apartaron-al-juez-de-la-causa-papel-prensa","status":"publish","type":"post","link":"https:\/\/www.24baires.com\/?p=76843","title":{"rendered":"A pedido de Clar\u00edn y La Naci\u00f3n, apartaron al juez de la causa Papel Prensa"},"content":{"rendered":"<p>Eduardo Freiler, fue el \u00fanico camarista que se pronunci\u00f3 a favor de revisar el llamado a indagatoria de H\u00e9ctor Magnetto y Bartolom\u00e9 Mitre en el mes de julio, cuando los otros dos integrantes de su sala votaron en contra.<!--more--><\/p>\n<p>La Sala I de la C\u00e1mara Federal apart\u00f3 a Eduardo Freiler de la causa que investiga la transferencia ilegal de Papel Prensa durante la dictadura. Freiler fue el \u00fanico camarista que se pronunci\u00f3 a favor de revisar el llamado a indagatoria de H\u00e9ctor Magnetto y Bartolom\u00e9 Mitre en el mes de julio, cuando los otros dos integrantes de la C\u00e1mara votaron en contra. Los abogados de La Naci\u00f3n y Clar\u00edn pidieron su apartamiento de la causa en noviembre por prejuzgamiento y, luego de la presentaci\u00f3n de una nueva denuncia, incluyeron la figura de \u201cenemistad manifiesta\u201d. Despu\u00e9s de dos audiencias realizadas la semana pasada, la Sala I acaba de hacer lugar al planteo de los abogados de los empresarios con los votos a favor de Eduardo Farah y Mart\u00edn Irurzun y la oposici\u00f3n de Jorge Ballestero. La movida para aparar al magistrado es comparada al forum shopping. Las querellas estudian impulsar una queja ante la C\u00e1mara de Casaci\u00f3n.<\/p>\n<p>\u201cPara m\u00ed todo esto es un verdadero disparate\u201d, dice a P\u00e1gina\/12 H\u00e9ctor Rodr\u00edguez, apoderado de Lidia Papaleo. \u201cElegir a los jueces que en alg\u00fan momento del proceso van terminar interviniendo en la causa es un verdadero forum shopping. A Freiler le armaron una maniobra a partir de un voto que dict\u00f3 y que no les gust\u00f3. A partir de eso armaron un esc\u00e1ndalo\u201d.<\/p>\n<p>Este tramo de la causa comenz\u00f3 en marzo, cuando el juez federal Juli\u00e1n Ercolini emiti\u00f3 un dictamen que rechaz\u00f3 el llamado a indagatoria de Magnetto, Mitre y Ernestina Herrera de Noble en el contexto de una causa que investiga como delito de lesa humanidad la trasferencia de Papel Prensa al grupo integrado por Clar\u00edn, La Naci\u00f3n y La Raz\u00f3n. En aquel momento, Ercolini entendi\u00f3 que las indagatorias no pod\u00edan hacerse porque hab\u00eda medidas de prueba pendientes, entre ellas, la tasaci\u00f3n hist\u00f3rica y contable para entender si la venta se hizo a precio vil o a su valor real. Esa decisi\u00f3n fue apelada por la querella de la Secretar\u00eda de Derechos Humanos de Naci\u00f3n. En julio de este a\u00f1o, la Sala I de la C\u00e1mara Federal le dio la raz\u00f3n al juez, por mayor\u00eda. El \u00fanico voto en disidencia fue el Freiler.<\/p>\n<p>Ese voto es el que ahora est\u00e1 en discusi\u00f3n. Freiler consider\u00f3 viable que el juez vuelva a estudiar el pedido de indagatorias porque entendi\u00f3 que lo importante no eran las pericias contables pendientes o saber si el precio que se pag\u00f3 fue un precio vil o un precio real. Entendi\u00f3 que tal como lo hab\u00eda sostenido esa misma C\u00e1mara a\u00f1os antes, hab\u00eda delito de lesa humanidad, hechos grav\u00edsimos, secuestros y tormentos y que no se analizaba el precio, sino el hecho de quitar un bien a sus propietarios para transferirlos a otro.<\/p>\n<p>Al amparo de ese voto, una de las querellas present\u00f3 una queja para recurrir la decisi\u00f3n de la C\u00e1mara ante Casaci\u00f3n. Pero los abogados de Clar\u00edn y La Naci\u00f3n tallaron en ese momento para pedir el primer apartamiento de Freiler por prejuzgamiento al entender que se hab\u00eda extralimitado en el objeto de an\u00e1lisis.<\/p>\n<p>El 30 de agosto, La Naci\u00f3n public\u00f3 una denuncia contra Freiler por la compra de un caser\u00f3n en Olivos. All\u00ed, al ser consultado, el camarista dijo estar acostumbrado a las persecuciones de \u201ceste grupo\u201d contra \u00e9l. Tal como recuerda el escrito en an\u00e1lisis, esa respuesta fund\u00f3 una segunda denuncia por enemistad manifiesta.<\/p>\n<p>As\u00ed, la Sala I volvi\u00f3 a integrarse para evaluar la denuncia. En lugar de Freiler, entr\u00f3 Irurzun. Y decidi\u00f3 abrir el pedido a \u201cprueba\u201d. Es decir, llamaron a los testigos a declarar. La semana pasada se hicieron dos audiencias. Declararon los periodistas del diario La Naci\u00f3n. Freiler hizo un descargo o, por lo menos, lo intent\u00f3. El martes la C\u00e1mara resolvi\u00f3 apartarlo.<\/p>\n<p>\u201cEntendemos que el temor a imparcialidad en los recurrentes se halla suficientemente acreditado y conduce a que el apartamiento tenga favorable acogida\u201d, dijeron en su voto Farah e Irurzun.<\/p>\n<p>Ballesteros hizo en cambio un planteo en disidencia. Por un lado, derrib\u00f3 la teor\u00eda de la supuesta imparcialidad. Para eso, tom\u00f3 parte de la intervenci\u00f3n de Rodr\u00edguez en la audiencia. Dijo que no hab\u00eda audio de la conversaci\u00f3n con los periodistas como para entender la charla y desprender de all\u00ed indicios de la supuesta imparcialidad. Freiler siempre admiti\u00f3 la charla con los periodistas en su alegato. Pero tambi\u00e9n habl\u00f3 de ese contexto. \u201cLas expresiones de los periodistas dijo Ballestero en esa l\u00ednea no resultan suficientes para tener configurado el supuesto de enemistad.\u201d Por otro lado, desech\u00f3 la teor\u00eda del prejuzgamiento. \u201cHe de se\u00f1alar dijo que no advierto de la lectura del pronunciamiento de julio ning\u00fan supuesto de prejuzgamiento que diese motivos a la recusaci\u00f3n. Ninguna de las consideraciones vertidas por Freiler en su voto resultan extra\u00f1as al punto sometido en an\u00e1lisis del tribunal en la medida en que lo que se discut\u00eda era la existencia o no de motivos de sospecha respecto de la comisi\u00f3n por parte de los imputados de los delitos que le atribu\u00edan los acusadores. En efecto, la intervenci\u00f3n enmarcada en el ejercicio leg\u00edtimo de su funci\u00f3n constituy\u00f3 estrictamente la manifestaci\u00f3n de su postura sobre el tema debatido en el momento procesal adecuado.\u201d<\/p>\n<p>Con ese antecedente, las querellas analizan ahora la posibilidad de apelar la decisi\u00f3n ante la Casaci\u00f3n v\u00eda el criterio de sostener al juez natural de la causa. Freiler no puede apelar. Sin \u00e9l, ahora la Sala I debe reintegrarse para aceptar esa apelaci\u00f3n. O volver al punto demorado: si acepta o no la queja en Casaci\u00f3n para discutir la resoluci\u00f3n de julio que impidi\u00f3 el llamado a indagatoria de los imputados.<\/p>\n<p>La causa de Papel Prensa siempre fue remanida. Este escenario muestra eso. En otras causas de lesa humanidad la presentaci\u00f3n de obst\u00e1culos continuos para bloquear el avance de la investigaci\u00f3n de parte de los abogados se lee como un mecanismo para dilatarlas. El problema extra de este caso es que del otro lado no est\u00e1n los defensores de los militares cuyo poder de fuego est\u00e1 desactivado, sino el superpoderoso holding medi\u00e1tico.<\/p>\n<p>&nbsp;<\/p>\n<p>&nbsp;<\/p>\n<p>&nbsp;<\/p>\n<p>&nbsp;<\/p>\n<p>&nbsp;<\/p>\n<p>&nbsp;<\/p>\n<p>&nbsp;<\/p>\n<p>&nbsp;<\/p>\n<p>&nbsp;<\/p>\n<p>&nbsp;<\/p>\n<p>&nbsp;<\/p>\n<p>&nbsp;<\/p>\n<p>&nbsp;<\/p>\n","protected":false},"excerpt":{"rendered":"<p>Eduardo Freiler, fue el \u00fanico camarista que se pronunci\u00f3 a favor de revisar el llamado a indagatoria de H\u00e9ctor Magnetto y Bartolom\u00e9 Mitre en el mes de julio, cuando los otros dos integrantes de su sala votaron en contra.<\/p>\n","protected":false},"author":4,"featured_media":0,"comment_status":"open","ping_status":"open","sticky":false,"template":"","format":"standard","meta":{"_jetpack_newsletter_access":"","_jetpack_dont_email_post_to_subs":false,"_jetpack_newsletter_tier_id":0,"_jetpack_memberships_contains_paywalled_content":false,"_jetpack_memberships_contains_paid_content":false,"footnotes":""},"categories":[68,54],"tags":[],"class_list":["post-76843","post","type-post","status-publish","format-standard","hentry","category-judiciales","category-medios"],"jetpack_featured_media_url":"","jetpack_shortlink":"https:\/\/wp.me\/p2JWE0-jZp","jetpack-related-posts":[{"id":65971,"url":"https:\/\/www.24baires.com\/?p=65971","url_meta":{"origin":76843,"position":0},"title":"Fijan nueva audiencia para tratar indagatorias por Papel Prensa","author":"AF","date":"15\/05\/2015","format":false,"excerpt":"La C\u00e1mara Federal porte\u00f1a fij\u00f3 para el 23 de junio pr\u00f3ximo una nueva audiencia para tratar el pedido del fiscal Leonel G\u00f3mez Barbella, para indagar a Ernestina Herrera de Noble, H\u00e9ctor Magnetto y Bartolom\u00e9 Luis Mitre, en la causa que investiga la compra extorsiva de la empresa Papel Prensa durante\u2026","rel":"","context":"En \u00abJUDICIALES\u00bb","block_context":{"text":"JUDICIALES","link":"https:\/\/www.24baires.com\/?cat=68"},"img":{"alt_text":"papel prensa","src":"https:\/\/i0.wp.com\/www.24baires.com\/wp-content\/uploads\/2013\/06\/papel-prensa-300x224.jpg?resize=350%2C200","width":350,"height":200},"classes":[]},{"id":63708,"url":"https:\/\/www.24baires.com\/?p=63708","url_meta":{"origin":76843,"position":1},"title":"Presentan un recurso de queja e insisten en citar a indagatoria a Magnetto","author":"AF","date":"30\/03\/2015","format":false,"excerpt":"El fiscal federal Leonel Gomez Barbella present\u00f3 hoy el recurso ante la C\u00e1mara Federal porte\u00f1a contra el rechazo a citar a directivos de los diarios Clar\u00edn y La Naci\u00f3n, en la causa que investiga el desapoderamiento accionario de la empresa Papel Prensa en la dictadura. La queja se present\u00f3 ante\u2026","rel":"","context":"En \u00abJUDICIALES\u00bb","block_context":{"text":"JUDICIALES","link":"https:\/\/www.24baires.com\/?cat=68"},"img":{"alt_text":"","src":"","width":0,"height":0},"classes":[]},{"id":68023,"url":"https:\/\/www.24baires.com\/?p=68023","url_meta":{"origin":76843,"position":2},"title":"Ratifican el pedido de indagatorias a Herrera de Noble, Magnetto y Mitre por Papel Prensa","author":"GB","date":"23\/06\/2015","format":false,"excerpt":"La Secretar\u00eda de Derechos Humanos pidi\u00f3 a la C\u00e1mara Federal porte\u00f1a que se cite a indagatoria a los directivos del grupo Clar\u00edn y de La Naci\u00f3n, porque \"es la \u00fanica forma en que la causa\" por el desapoderamiento de la empresa Papel Prensa durante la dictadura c\u00edvico militar, \"pueda progresar\u2026","rel":"","context":"En \u00abPol\u00edtica\u00bb","block_context":{"text":"Pol\u00edtica","link":"https:\/\/www.24baires.com\/?cat=51"},"img":{"alt_text":"mitre magnetto","src":"https:\/\/i0.wp.com\/www.24baires.com\/wp-content\/uploads\/2015\/04\/mitre-magnetto.jpg?resize=350%2C200","width":350,"height":200,"srcset":"https:\/\/i0.wp.com\/www.24baires.com\/wp-content\/uploads\/2015\/04\/mitre-magnetto.jpg?resize=350%2C200 1x, https:\/\/i0.wp.com\/www.24baires.com\/wp-content\/uploads\/2015\/04\/mitre-magnetto.jpg?resize=525%2C300 1.5x"},"classes":[]},{"id":35934,"url":"https:\/\/www.24baires.com\/?p=35934","url_meta":{"origin":76843,"position":3},"title":"C\u00e1mara resuelve que las querellas en causa por Papel Prensa act\u00faen por separado","author":"AF","date":"29\/11\/2013","format":false,"excerpt":"La sala I del tribunal de apelaciones revoc\u00f3 la resoluci\u00f3n del juez federal de primera instancia Juli\u00e1n Ercolini. esolvi\u00f3 que la querella de la Secretar\u00eda de Derechos Humanos de la Naci\u00f3n y las de los particulares Lidia Papaleo de Graiver y Rafael Ianover act\u00faen por separado en la causa. La\u2026","rel":"","context":"En \u00abMemoria\u00bb","block_context":{"text":"Memoria","link":"https:\/\/www.24baires.com\/?cat=50"},"img":{"alt_text":"","src":"","width":0,"height":0},"classes":[]},{"id":35015,"url":"https:\/\/www.24baires.com\/?p=35015","url_meta":{"origin":76843,"position":4},"title":"Papel Prensa: se realizar\u00e1 una audiencia para resolver la unificaci\u00f3n de las querellas","author":"GB","date":"11\/11\/2013","format":false,"excerpt":"La C\u00e1mara Federal de Apelaciones recibir\u00e1 a las tres querellas de la causa judicial por la apropiaci\u00f3n de Papel Prensa durante la \u00faltima dictadura. Deber\u00e1n exponer ante los camaristas los argumentos por los cuales apelaron la decisi\u00f3n del juez Juli\u00e1n Ercolini. La causa sobre Papel Prensa podr\u00eda dar un paso\u2026","rel":"","context":"En \u00abMemoria\u00bb","block_context":{"text":"Memoria","link":"https:\/\/www.24baires.com\/?cat=50"},"img":{"alt_text":"","src":"","width":0,"height":0},"classes":[]},{"id":67411,"url":"https:\/\/www.24baires.com\/?p=67411","url_meta":{"origin":76843,"position":5},"title":"H.I.J.O.S reclama la indagatoria de Magnetto, Mitre y Noble por Papel Prensa","author":"GB","date":"11\/06\/2015","format":false,"excerpt":"Lo hizo agrupaci\u00f3n H.I.J.O.S., que pidi\u00f3 que sean citados en su car\u00e1cter de titulares de los diarios Clar\u00edn y La Naci\u00f3n, se\u00f1alados como responsables de la compra extorsiva de la empresa durante la dictadura. A su vez, recordaron que la pr\u00f3xima audiencia por la querella en la causa Papel Prensa\u2026","rel":"","context":"En \u00abMemoria\u00bb","block_context":{"text":"Memoria","link":"https:\/\/www.24baires.com\/?cat=50"},"img":{"alt_text":"mitre magnetto","src":"https:\/\/i0.wp.com\/www.24baires.com\/wp-content\/uploads\/2015\/04\/mitre-magnetto.jpg?resize=350%2C200","width":350,"height":200,"srcset":"https:\/\/i0.wp.com\/www.24baires.com\/wp-content\/uploads\/2015\/04\/mitre-magnetto.jpg?resize=350%2C200 1x, https:\/\/i0.wp.com\/www.24baires.com\/wp-content\/uploads\/2015\/04\/mitre-magnetto.jpg?resize=525%2C300 1.5x"},"classes":[]}],"jetpack_sharing_enabled":true,"jetpack_likes_enabled":true,"_links":{"self":[{"href":"https:\/\/www.24baires.com\/index.php?rest_route=\/wp\/v2\/posts\/76843","targetHints":{"allow":["GET"]}}],"collection":[{"href":"https:\/\/www.24baires.com\/index.php?rest_route=\/wp\/v2\/posts"}],"about":[{"href":"https:\/\/www.24baires.com\/index.php?rest_route=\/wp\/v2\/types\/post"}],"author":[{"embeddable":true,"href":"https:\/\/www.24baires.com\/index.php?rest_route=\/wp\/v2\/users\/4"}],"replies":[{"embeddable":true,"href":"https:\/\/www.24baires.com\/index.php?rest_route=%2Fwp%2Fv2%2Fcomments&post=76843"}],"version-history":[{"count":1,"href":"https:\/\/www.24baires.com\/index.php?rest_route=\/wp\/v2\/posts\/76843\/revisions"}],"predecessor-version":[{"id":76844,"href":"https:\/\/www.24baires.com\/index.php?rest_route=\/wp\/v2\/posts\/76843\/revisions\/76844"}],"wp:attachment":[{"href":"https:\/\/www.24baires.com\/index.php?rest_route=%2Fwp%2Fv2%2Fmedia&parent=76843"}],"wp:term":[{"taxonomy":"category","embeddable":true,"href":"https:\/\/www.24baires.com\/index.php?rest_route=%2Fwp%2Fv2%2Fcategories&post=76843"},{"taxonomy":"post_tag","embeddable":true,"href":"https:\/\/www.24baires.com\/index.php?rest_route=%2Fwp%2Fv2%2Ftags&post=76843"}],"curies":[{"name":"wp","href":"https:\/\/api.w.org\/{rel}","templated":true}]}}