{"id":7683,"date":"2012-12-03T10:20:49","date_gmt":"2012-12-03T13:20:49","guid":{"rendered":"http:\/\/www.24baires.com\/?p=7683"},"modified":"2012-12-03T10:47:16","modified_gmt":"2012-12-03T13:47:16","slug":"la-municipalidad-de-la-plata-saldria-de-garantia-para-alquileres","status":"publish","type":"post","link":"https:\/\/www.24baires.com\/?p=7683","title":{"rendered":"La Municipalidad de La Plata saldr\u00eda de garant\u00eda para alquileres"},"content":{"rendered":"<p><img data-recalc-dims=\"1\" loading=\"lazy\" decoding=\"async\" class=\"alignleft size-full wp-image-7684\" title=\"LP\" src=\"https:\/\/i0.wp.com\/www.24baires.com\/wp-content\/uploads\/2012\/12\/LP.jpg?resize=300%2C200\" alt=\"\" width=\"300\" height=\"200\" \/>La iniciativa est\u00e1 en estudio en el Concejo Deliberante de La Plata. Ser\u00eda para empleados p\u00fablicos comunales o provinciales.<!--more--><\/p>\n<p>La Municipalidad de La Plata estudia la posibilidad de salir de garante para alquileres de viviendas de empleados p\u00fablicos provinciales o municipales. Esta eventualidad est\u00e1 prevista en una reforma a la Carta Org\u00e1nica del \u201cEnte Municipal\u201d, el organismo que reemplaz\u00f3 al Banco Municipal de La Plata, y que est\u00e1 en estudio en el Concejo Deliberante.<\/p>\n<p>Esta iniciativa tiene despacho favorable de la Comisi\u00f3n de Hacienda del Concejo Deliberante platense y se estima que quedar\u00eda aprobada antes de fin de a\u00f1o.<\/p>\n<p>El concejal Jos\u00e9 Arteaga, del Bloque Peronista, explic\u00f3 que muchas personas \u201cterminan \u2018comprando\u2019 la garant\u00eda propietaria para poder alquilar\u201d. Aclar\u00f3 que esta garant\u00eda ser\u00e1 para empleados p\u00fablicos provincial o municipal \u201ccon la cobertura de una estabilidad laboral y un ingreso\u201d.<\/p>\n","protected":false},"excerpt":{"rendered":"<p>La iniciativa est\u00e1 en estudio en el Concejo Deliberante de La Plata. Ser\u00eda para empleados p\u00fablicos comunales o provinciales.<\/p>\n","protected":false},"author":4,"featured_media":0,"comment_status":"open","ping_status":"open","sticky":false,"template":"","format":"standard","meta":{"_jetpack_newsletter_access":"","_jetpack_dont_email_post_to_subs":false,"_jetpack_newsletter_tier_id":0,"_jetpack_memberships_contains_paywalled_content":false,"_jetpack_memberships_contains_paid_content":false,"footnotes":""},"categories":[38],"tags":[],"class_list":["post-7683","post","type-post","status-publish","format-standard","hentry","category-locales"],"jetpack_featured_media_url":"","jetpack_shortlink":"https:\/\/wp.me\/p2JWE0-1ZV","jetpack-related-posts":[{"id":106206,"url":"https:\/\/www.24baires.com\/?p=106206","url_meta":{"origin":7683,"position":0},"title":"La Plata: concejales se subieron un 25% el salario, pero el Intendente lo vet\u00f3","author":"AF","date":"04\/01\/2019","format":false,"excerpt":"El intendente de La Plata, Julio Garro (Cambiemos) vet\u00f3 una ordenanza del Concejo Deliberante por la que los ediles se aumentaron los sueldos un 25%, al considerar que la medida viola la Ley Org\u00e1nica de las municipalidades. A fines de diciembre, en la \u00faltima sesi\u00f3n del a\u00f1o, el concejo vot\u00f3\u2026","rel":"","context":"En \u00abLocales\u00bb","block_context":{"text":"Locales","link":"https:\/\/www.24baires.com\/?cat=38"},"img":{"alt_text":"","src":"https:\/\/i0.wp.com\/www.24baires.com\/wp-content\/uploads\/2016\/09\/vidal-garro.jpg?resize=350%2C200","width":350,"height":200,"srcset":"https:\/\/i0.wp.com\/www.24baires.com\/wp-content\/uploads\/2016\/09\/vidal-garro.jpg?resize=350%2C200 1x, https:\/\/i0.wp.com\/www.24baires.com\/wp-content\/uploads\/2016\/09\/vidal-garro.jpg?resize=525%2C300 1.5x"},"classes":[]},{"id":100749,"url":"https:\/\/www.24baires.com\/?p=100749","url_meta":{"origin":7683,"position":1},"title":"Grindetti logr\u00f3 privatizar tres inmuebles municipales","author":"GB","date":"27\/02\/2018","format":false,"excerpt":"El intendente de Lan\u00fas, N\u00e9stor Grindetti, logr\u00f3 que el Concejo Deliberante aprobara un proyecto de ordenanza para subastar tres inmuebles municipales de dependencias de Desarrollo Social. La iniciativa fue respaldada por el massismo. El jefe comunal de Lan\u00fas por Cambiemos, N\u00e9stor Grindetti, finalmente logr\u00f3 que el Concejo Deliberante aprobara un\u2026","rel":"","context":"En \u00abMunicipios\u00bb","block_context":{"text":"Municipios","link":"https:\/\/www.24baires.com\/?cat=44"},"img":{"alt_text":"","src":"https:\/\/i0.wp.com\/www.24baires.com\/wp-content\/uploads\/2016\/04\/grindetti.jpg?resize=350%2C200","width":350,"height":200,"srcset":"https:\/\/i0.wp.com\/www.24baires.com\/wp-content\/uploads\/2016\/04\/grindetti.jpg?resize=350%2C200 1x, https:\/\/i0.wp.com\/www.24baires.com\/wp-content\/uploads\/2016\/04\/grindetti.jpg?resize=525%2C300 1.5x"},"classes":[]},{"id":106576,"url":"https:\/\/www.24baires.com\/?p=106576","url_meta":{"origin":7683,"position":2},"title":"Renunci\u00f3 el presidente del Concejo Deliberante platense por una denuncia de acoso sexual","author":"AF","date":"28\/01\/2019","format":false,"excerpt":"Fernando Ponce dej\u00f3 su cargo despu\u00e9s de que se conociera la presentaci\u00f3n de una ex empleada. Tambi\u00e9n hab\u00eda atacado a una concejal por estar casada con un ex funcionario del kirchnerismo. Acorralado por denuncias en su contra por acoso sexual, renunci\u00f3 la semana pasada el presidente del Concejo Deliberante de\u2026","rel":"","context":"En \u00abLocales\u00bb","block_context":{"text":"Locales","link":"https:\/\/www.24baires.com\/?cat=38"},"img":{"alt_text":"","src":"https:\/\/i0.wp.com\/www.24baires.com\/wp-content\/uploads\/2019\/01\/ponce-la-plata.jpg?resize=350%2C200","width":350,"height":200,"srcset":"https:\/\/i0.wp.com\/www.24baires.com\/wp-content\/uploads\/2019\/01\/ponce-la-plata.jpg?resize=350%2C200 1x, https:\/\/i0.wp.com\/www.24baires.com\/wp-content\/uploads\/2019\/01\/ponce-la-plata.jpg?resize=525%2C300 1.5x"},"classes":[]},{"id":121383,"url":"https:\/\/www.24baires.com\/?p=121383","url_meta":{"origin":7683,"position":3},"title":"El conflicto entre gremios municipales de Mar del Plata y el intendente regional llega al Concejo Deliberante","author":"GB","date":"27\/05\/2024","format":false,"excerpt":"A la falta de acuerdo paritario entre trabajadores municipales marplatenses y el intendente Montenegro, se suma la intervenci\u00f3n del Concejo Deliberante de Pueyrred\u00f3n, que analizar\u00e1 el convenio colectivo de trabajo consensuado durante la gesti\u00f3n de Arroyo. A ra\u00edz del conflicto entre el Sindicato de Trabajadores Municipales de Mar del Plata\u2026","rel":"","context":"En \u00abMunicipios\u00bb","block_context":{"text":"Municipios","link":"https:\/\/www.24baires.com\/?cat=44"},"img":{"alt_text":"","src":"https:\/\/i0.wp.com\/www.24baires.com\/wp-content\/uploads\/2017\/04\/municipales-mdp.jpg?resize=350%2C200","width":350,"height":200,"srcset":"https:\/\/i0.wp.com\/www.24baires.com\/wp-content\/uploads\/2017\/04\/municipales-mdp.jpg?resize=350%2C200 1x, https:\/\/i0.wp.com\/www.24baires.com\/wp-content\/uploads\/2017\/04\/municipales-mdp.jpg?resize=525%2C300 1.5x, https:\/\/i0.wp.com\/www.24baires.com\/wp-content\/uploads\/2017\/04\/municipales-mdp.jpg?resize=700%2C400 2x"},"classes":[]},{"id":100511,"url":"https:\/\/www.24baires.com\/?p=100511","url_meta":{"origin":7683,"position":4},"title":"Grindetti planea vender terrenos municipales para pagar gastos corriente","author":"GB","date":"14\/02\/2018","format":false,"excerpt":"El intendente de Lan\u00fas quiere subastar cuatro terrenos y destinar lo recaudado para cubrir gastos ordinarios. El intendente de Lan\u00fas, N\u00e9stor Grindetti, envi\u00f3 al Concejo Deliberante un proyecto para vender terrenos municipales y utilizar los fondos recaudados para pagar gastos corrientes. El proyecto de ordenanza autoriza la venta en subasta\u2026","rel":"","context":"En \u00abMunicipios\u00bb","block_context":{"text":"Municipios","link":"https:\/\/www.24baires.com\/?cat=44"},"img":{"alt_text":"","src":"https:\/\/i0.wp.com\/www.24baires.com\/wp-content\/uploads\/2016\/04\/grindetti.jpg?resize=350%2C200","width":350,"height":200,"srcset":"https:\/\/i0.wp.com\/www.24baires.com\/wp-content\/uploads\/2016\/04\/grindetti.jpg?resize=350%2C200 1x, https:\/\/i0.wp.com\/www.24baires.com\/wp-content\/uploads\/2016\/04\/grindetti.jpg?resize=525%2C300 1.5x"},"classes":[]},{"id":106571,"url":"https:\/\/www.24baires.com\/?p=106571","url_meta":{"origin":7683,"position":5},"title":"La Plata: el Intendente proh\u00edbe usar pollera corta a empleadas p\u00fablicas","author":"AF","date":"28\/01\/2019","format":false,"excerpt":"El intendente de La Plata, Julio Garro (Cambiemos), prohibi\u00f3 que las empleadas p\u00fablicas de ese distrito usen polleras que no \u201calcance o sobrepase el l\u00edmite de las rodillas\u201d y remeras \"que dejen al descubierto el abdomen\u201d. La medida fue duramente cuestionada en las redes sociales y relacionada con la reciente\u2026","rel":"","context":"En \u00abLocales\u00bb","block_context":{"text":"Locales","link":"https:\/\/www.24baires.com\/?cat=38"},"img":{"alt_text":"","src":"https:\/\/i0.wp.com\/www.24baires.com\/wp-content\/uploads\/2016\/04\/garro.jpg?resize=350%2C200","width":350,"height":200,"srcset":"https:\/\/i0.wp.com\/www.24baires.com\/wp-content\/uploads\/2016\/04\/garro.jpg?resize=350%2C200 1x, https:\/\/i0.wp.com\/www.24baires.com\/wp-content\/uploads\/2016\/04\/garro.jpg?resize=525%2C300 1.5x"},"classes":[]}],"jetpack_sharing_enabled":true,"jetpack_likes_enabled":true,"_links":{"self":[{"href":"https:\/\/www.24baires.com\/index.php?rest_route=\/wp\/v2\/posts\/7683","targetHints":{"allow":["GET"]}}],"collection":[{"href":"https:\/\/www.24baires.com\/index.php?rest_route=\/wp\/v2\/posts"}],"about":[{"href":"https:\/\/www.24baires.com\/index.php?rest_route=\/wp\/v2\/types\/post"}],"author":[{"embeddable":true,"href":"https:\/\/www.24baires.com\/index.php?rest_route=\/wp\/v2\/users\/4"}],"replies":[{"embeddable":true,"href":"https:\/\/www.24baires.com\/index.php?rest_route=%2Fwp%2Fv2%2Fcomments&post=7683"}],"version-history":[{"count":1,"href":"https:\/\/www.24baires.com\/index.php?rest_route=\/wp\/v2\/posts\/7683\/revisions"}],"predecessor-version":[{"id":7685,"href":"https:\/\/www.24baires.com\/index.php?rest_route=\/wp\/v2\/posts\/7683\/revisions\/7685"}],"wp:attachment":[{"href":"https:\/\/www.24baires.com\/index.php?rest_route=%2Fwp%2Fv2%2Fmedia&parent=7683"}],"wp:term":[{"taxonomy":"category","embeddable":true,"href":"https:\/\/www.24baires.com\/index.php?rest_route=%2Fwp%2Fv2%2Fcategories&post=7683"},{"taxonomy":"post_tag","embeddable":true,"href":"https:\/\/www.24baires.com\/index.php?rest_route=%2Fwp%2Fv2%2Ftags&post=7683"}],"curies":[{"name":"wp","href":"https:\/\/api.w.org\/{rel}","templated":true}]}}