{"id":76802,"date":"2015-12-23T13:19:25","date_gmt":"2015-12-23T16:19:25","guid":{"rendered":"http:\/\/www.24baires.com\/?p=76802"},"modified":"2015-12-24T10:21:11","modified_gmt":"2015-12-24T13:21:11","slug":"repudian-la-intervencion-de-la-afsca-con-una-manifestacion-en-la-puerta","status":"publish","type":"post","link":"https:\/\/www.24baires.com\/?p=76802","title":{"rendered":"Repudian la intervenci\u00f3n de la AFSCA con una manifestaci\u00f3n en la puerta"},"content":{"rendered":"<p><img data-recalc-dims=\"1\" loading=\"lazy\" decoding=\"async\" class=\"aligncenter size-full wp-image-76803\" src=\"https:\/\/i0.wp.com\/www.24baires.com\/wp-content\/uploads\/2015\/12\/AFSCA.jpg?resize=560%2C415\" alt=\"AFSCA\" width=\"560\" height=\"415\" srcset=\"https:\/\/i0.wp.com\/www.24baires.com\/wp-content\/uploads\/2015\/12\/AFSCA.jpg?w=560&amp;ssl=1 560w, https:\/\/i0.wp.com\/www.24baires.com\/wp-content\/uploads\/2015\/12\/AFSCA.jpg?resize=300%2C222&amp;ssl=1 300w\" sizes=\"auto, (max-width: 560px) 100vw, 560px\" \/>Referentes del Frente para la Victoria y manifestantes que se acercaron espont\u00e1neamente se congregan en Suipacha y C\u00f3rdoba.<!--more--><\/p>\n<p>Decenas de manifestantes y referentes pol\u00edticos del Frente para la Victoria se congregaron en la sede de la Afsca para rechazar la intervenci\u00f3n decretada por el Gobierno nacional.<\/p>\n<p>\u00abA este gobierno le brotan actitudes de un gobierno de facto\u00bb, sostuvo Mart\u00edn Sabbatella, el funcionario que ser\u00e1 desplazado seg\u00fan la decisi\u00f3n anunciada por el ministro de Comunicaci\u00f3n, Oscar Aguad.<\/p>\n<p>En tanto, los diputados del Frente para la Victoria-PJ rechazaron la acci\u00f3n del Gobierno a la que calificaron de \u00abantidemocr\u00e1ticas\u00bb y acusaron a Macri de pretender \u00abgobernar por decreto\u00bb. \u00abNo convoca al Congreso a sesiones extraordinarias y pretende ahora intervenir al AFSCA y el AFTIC desconociendo una ley que le impide hacerlo porque dicho ente no depende del Poder Ejecutivo\u00bb.<\/p>\n","protected":false},"excerpt":{"rendered":"<p>Referentes del Frente para la Victoria y manifestantes que se acercaron espont\u00e1neamente se congregan en Suipacha y C\u00f3rdoba.<\/p>\n","protected":false},"author":4,"featured_media":0,"comment_status":"open","ping_status":"open","sticky":false,"template":"","format":"standard","meta":{"_jetpack_newsletter_access":"","_jetpack_dont_email_post_to_subs":false,"_jetpack_newsletter_tier_id":0,"_jetpack_memberships_contains_paywalled_content":false,"_jetpack_memberships_contains_paid_content":false,"footnotes":""},"categories":[54,1],"tags":[],"class_list":["post-76802","post","type-post","status-publish","format-standard","hentry","category-medios","category-sociedad"],"jetpack_featured_media_url":"","jetpack_shortlink":"https:\/\/wp.me\/p2JWE0-jYK","jetpack-related-posts":[{"id":76780,"url":"https:\/\/www.24baires.com\/?p=76780","url_meta":{"origin":76802,"position":0},"title":"El Gobierno interviene la AFSCA a trav\u00e9s de un decreto","author":"AF","date":"23\/12\/2015","format":false,"excerpt":"La medida fue anunciada por el ministro de Telecomunicaciones, Oscar Aguad. Contempla tambi\u00e9n la intervenci\u00f3n de la Autoridad Federal de Tecnolog\u00edas de la Informaci\u00f3n. El ministro de Telecomunicaciones, Oscar Aguad, anunci\u00f3 hoy desde Casa Rosada la intervenci\u00f3n por decreto de la Autoridad Federal de Servicios de Comunicaci\u00f3n Audiovisual, organismo que\u2026","rel":"","context":"En \u00abJUDICIALES\u00bb","block_context":{"text":"JUDICIALES","link":"https:\/\/www.24baires.com\/?cat=68"},"img":{"alt_text":"aguad intervenci\u00f3n afsca","src":"https:\/\/i0.wp.com\/www.24baires.com\/wp-content\/uploads\/2015\/12\/aguad-intervenci%C3%B3n-afsca.png?resize=350%2C200","width":350,"height":200,"srcset":"https:\/\/i0.wp.com\/www.24baires.com\/wp-content\/uploads\/2015\/12\/aguad-intervenci%C3%B3n-afsca.png?resize=350%2C200 1x, https:\/\/i0.wp.com\/www.24baires.com\/wp-content\/uploads\/2015\/12\/aguad-intervenci%C3%B3n-afsca.png?resize=525%2C300 1.5x"},"classes":[]},{"id":76991,"url":"https:\/\/www.24baires.com\/?p=76991","url_meta":{"origin":76802,"position":1},"title":"Amparos y cautelares en todo el pa\u00eds contra la intervenci\u00f3n de la AFSCA","author":"GB","date":"29\/12\/2015","format":false,"excerpt":"Funcionarios de todo el pa\u00eds vinculados a los medios y la comunicaci\u00f3n presentaron ante la Justicia recursos de amparo y cautelares contra la intervenci\u00f3n de la AFSCA. La Senadora Nacional del Frente para la Victoria, Liliana Fellner, arremeti\u00f3 contra Macri y asegur\u00f3 que \u201cel presidente se llev\u00f3 puesto a los\u2026","rel":"","context":"En \u00abMedios\u00bb","block_context":{"text":"Medios","link":"https:\/\/www.24baires.com\/?cat=54"},"img":{"alt_text":"AFSCA","src":"https:\/\/i0.wp.com\/www.24baires.com\/wp-content\/uploads\/2015\/12\/AFSCA.jpg?resize=350%2C200","width":350,"height":200,"srcset":"https:\/\/i0.wp.com\/www.24baires.com\/wp-content\/uploads\/2015\/12\/AFSCA.jpg?resize=350%2C200 1x, https:\/\/i0.wp.com\/www.24baires.com\/wp-content\/uploads\/2015\/12\/AFSCA.jpg?resize=525%2C300 1.5x"},"classes":[]},{"id":76806,"url":"https:\/\/www.24baires.com\/?p=76806","url_meta":{"origin":76802,"position":2},"title":"\u00abPresentar\u00e9 un amparo, voy a cumplir con mi mandato\u00bb, advirti\u00f3 Sabbatella","author":"AF","date":"23\/12\/2015","format":false,"excerpt":"El titular de la AFSCA quiere frenar por v\u00eda judicial el decreto de intervenci\u00f3n que dispuso el Gobierno. Presentar\u00e1 tambi\u00e9n un habeas corpus. Tras el decreto que dispuso la intervenci\u00f3n de la Autoridad Federal de Servicios de Comunicaci\u00f3n Audiovisual (AFSCA), el desplazado titular del organismo, Mart\u00edn Sabbatella, expres\u00f3 ante la\u2026","rel":"","context":"En \u00abJUDICIALES\u00bb","block_context":{"text":"JUDICIALES","link":"https:\/\/www.24baires.com\/?cat=68"},"img":{"alt_text":"sabbatella media empresa","src":"https:\/\/i0.wp.com\/www.24baires.com\/wp-content\/uploads\/2012\/12\/sabbatella-media-empresa.jpg?resize=350%2C200","width":350,"height":200,"srcset":"https:\/\/i0.wp.com\/www.24baires.com\/wp-content\/uploads\/2012\/12\/sabbatella-media-empresa.jpg?resize=350%2C200 1x, https:\/\/i0.wp.com\/www.24baires.com\/wp-content\/uploads\/2012\/12\/sabbatella-media-empresa.jpg?resize=525%2C300 1.5x"},"classes":[]},{"id":76829,"url":"https:\/\/www.24baires.com\/?p=76829","url_meta":{"origin":76802,"position":3},"title":"El Gobierno de Macri denunci\u00f3 a Sabbatella por no aceptar la intervenci\u00f3n de AFSCA","author":"GB","date":"23\/12\/2015","format":false,"excerpt":"La denuncia fue presentada por el interventor designado parea el AFSCA, Agust\u00edn Garz\u00f3n, luego de que el actual director del organismo se resistiera a dejar su cargo. El Gobierno denunci\u00f3 penalmente esta tarde al director de la AFSCA, Mart\u00edn Sabbatella, por los presuntos delitos de \"incumplimiento del deber de funcionario\u2026","rel":"","context":"En \u00abPol\u00edtica\u00bb","block_context":{"text":"Pol\u00edtica","link":"https:\/\/www.24baires.com\/?cat=51"},"img":{"alt_text":"sabbatella post fallo","src":"https:\/\/i0.wp.com\/www.24baires.com\/wp-content\/uploads\/2012\/12\/sabbatella-post-fallo.jpg?resize=350%2C200","width":350,"height":200,"srcset":"https:\/\/i0.wp.com\/www.24baires.com\/wp-content\/uploads\/2012\/12\/sabbatella-post-fallo.jpg?resize=350%2C200 1x, https:\/\/i0.wp.com\/www.24baires.com\/wp-content\/uploads\/2012\/12\/sabbatella-post-fallo.jpg?resize=525%2C300 1.5x"},"classes":[]},{"id":76395,"url":"https:\/\/www.24baires.com\/?p=76395","url_meta":{"origin":76802,"position":4},"title":"Marcha en Plaza de Mayo para defender la Ley de Medios","author":"GB","date":"14\/12\/2015","format":false,"excerpt":"Manifestantes se concentraron frente a Casa Rosada para rechazar las modificaciones a la norma que Macri realiz\u00f3 por decreto. La decisi\u00f3n presidencial modifica la \u00f3rbita bajo la cual funciona el organismo, que deja de ser un ente aut\u00e1rquico y pasa a depender del ministerio de Comunicaciones, encabezado por el radical\u2026","rel":"","context":"En \u00abMedios\u00bb","block_context":{"text":"Medios","link":"https:\/\/www.24baires.com\/?cat=54"},"img":{"alt_text":"protesta ley medios macri","src":"https:\/\/i0.wp.com\/www.24baires.com\/wp-content\/uploads\/2015\/12\/protesta-ley-medios-macri.jpg?resize=350%2C200","width":350,"height":200},"classes":[]},{"id":76835,"url":"https:\/\/www.24baires.com\/?p=76835","url_meta":{"origin":76802,"position":5},"title":"Sabbatella: \u00abAbandonar\u00e9 el cargo si la Justicia as\u00ed lo resuelve\u00bb","author":"AF","date":"24\/12\/2015","format":false,"excerpt":"As\u00ed lo asegur\u00f3 el desplazado titular de Afsca, quien inst\u00f3 a que el Poder Judicial \"resuelva este conflicto de poderes. Est\u00e1n violando la divisi\u00f3n de poderes\". El presidente de AFSCA, Mart\u00edn Sabbatella, se refiri\u00f3 hoy a la intervenci\u00f3n del ente por parte del Estado y explic\u00f3: \u201cPresentamos una medida cautelar\u2026","rel":"","context":"En \u00abJUDICIALES\u00bb","block_context":{"text":"JUDICIALES","link":"https:\/\/www.24baires.com\/?cat=68"},"img":{"alt_text":"sabbatella","src":"https:\/\/i0.wp.com\/www.24baires.com\/wp-content\/uploads\/2013\/10\/sabbatella.jpg?resize=350%2C200","width":350,"height":200,"srcset":"https:\/\/i0.wp.com\/www.24baires.com\/wp-content\/uploads\/2013\/10\/sabbatella.jpg?resize=350%2C200 1x, https:\/\/i0.wp.com\/www.24baires.com\/wp-content\/uploads\/2013\/10\/sabbatella.jpg?resize=525%2C300 1.5x"},"classes":[]}],"jetpack_sharing_enabled":true,"jetpack_likes_enabled":true,"_links":{"self":[{"href":"https:\/\/www.24baires.com\/index.php?rest_route=\/wp\/v2\/posts\/76802","targetHints":{"allow":["GET"]}}],"collection":[{"href":"https:\/\/www.24baires.com\/index.php?rest_route=\/wp\/v2\/posts"}],"about":[{"href":"https:\/\/www.24baires.com\/index.php?rest_route=\/wp\/v2\/types\/post"}],"author":[{"embeddable":true,"href":"https:\/\/www.24baires.com\/index.php?rest_route=\/wp\/v2\/users\/4"}],"replies":[{"embeddable":true,"href":"https:\/\/www.24baires.com\/index.php?rest_route=%2Fwp%2Fv2%2Fcomments&post=76802"}],"version-history":[{"count":1,"href":"https:\/\/www.24baires.com\/index.php?rest_route=\/wp\/v2\/posts\/76802\/revisions"}],"predecessor-version":[{"id":76804,"href":"https:\/\/www.24baires.com\/index.php?rest_route=\/wp\/v2\/posts\/76802\/revisions\/76804"}],"wp:attachment":[{"href":"https:\/\/www.24baires.com\/index.php?rest_route=%2Fwp%2Fv2%2Fmedia&parent=76802"}],"wp:term":[{"taxonomy":"category","embeddable":true,"href":"https:\/\/www.24baires.com\/index.php?rest_route=%2Fwp%2Fv2%2Fcategories&post=76802"},{"taxonomy":"post_tag","embeddable":true,"href":"https:\/\/www.24baires.com\/index.php?rest_route=%2Fwp%2Fv2%2Ftags&post=76802"}],"curies":[{"name":"wp","href":"https:\/\/api.w.org\/{rel}","templated":true}]}}