{"id":7675,"date":"2012-12-03T10:33:26","date_gmt":"2012-12-03T13:33:26","guid":{"rendered":"http:\/\/www.24baires.com\/?p=7675"},"modified":"2012-12-03T14:35:10","modified_gmt":"2012-12-03T17:35:10","slug":"la-corte-rechazo-otro-pedido-de-detencion-para-grassi","status":"publish","type":"post","link":"https:\/\/www.24baires.com\/?p=7675","title":{"rendered":"La Corte rechaz\u00f3 otro pedido de detenci\u00f3n para Grassi"},"content":{"rendered":"<p><img data-recalc-dims=\"1\" loading=\"lazy\" decoding=\"async\" class=\"alignleft size-full wp-image-7676\" title=\"grassi\" src=\"https:\/\/i0.wp.com\/www.24baires.com\/wp-content\/uploads\/2012\/12\/grassi.jpg?resize=229%2C250\" alt=\"\" width=\"229\" height=\"250\" \/><\/p>\n<p>El M\u00e1ximo Tribunal de Justicia desestim\u00f3 un recurso presentado por el abogado Luis Paglietti, representante de una v\u00edctima. El cura condenado por dos casos de delitos sexuales contra menores de edad sigue gozando de libertad vigilada. <!--more--><\/p>\n<p>La Corte Suprema de Justicia confirm\u00f3 el rechazo al pedido de detenci\u00f3n inmediata contra el sacerdote Julio C\u00e9sar Grassi, condenado a 15 a\u00f1os de prisi\u00f3n por dos casos de delitos sexuales contra menores de edad.<\/p>\n<p>Fuentes allegadas a los querellantes se\u00f1alaron a que el m\u00e1ximo tribunal rechaz\u00f3 por \u201cextempor\u00e1neo\u201d un recurso presentado por el abogado Luis Paglietti, representante de una de las v\u00edctimas.<\/p>\n<p>El fallo fue firmado por los jueces Ricardo Lorenzetti, Elena Highton de Nolasco, Enrique Petracchi, Juan Carlos Maqueda, Ra\u00fal Zaffaroni y Carmen Argibay.<\/p>\n<p>Cabe recordar que en junio pasado la Justicia anul\u00f3 la prisi\u00f3n domiciliaria en su contra, por lo que el sacerdote volvi\u00f3 a gozar del beneficio de la libertad morigerada.<\/p>\n<p>Fuentes judiciales informaron que esa decisi\u00f3n fue firmada por la Sala II de la C\u00e1mara en lo Penal de Apelaciones de Mor\u00f3n despu\u00e9s de una presentaci\u00f3n del abogado Ricardo Malvicini, quien representa a Grassi.<\/p>\n<p>El ex titular de la Fundaci\u00f3n \u2018Felices los Ni\u00f1os\u2019 Grassi fue condenado a 15 a\u00f1os de prisi\u00f3n al ser considerado responsable de dos hechos de abuso sexual agravado por su condici\u00f3n de sacerdote y de encargado de la guarda del menor.<\/p>\n","protected":false},"excerpt":{"rendered":"<p>El M\u00e1ximo Tribunal de Justicia desestim\u00f3 un recurso presentado por el abogado Luis Paglietti, representante de una v\u00edctima. El cura condenado por dos casos de delitos sexuales contra menores de edad sigue gozando de libertad vigilada.<\/p>\n","protected":false},"author":4,"featured_media":0,"comment_status":"open","ping_status":"open","sticky":false,"template":"","format":"standard","meta":{"_jetpack_newsletter_access":"","_jetpack_dont_email_post_to_subs":false,"_jetpack_newsletter_tier_id":0,"_jetpack_memberships_contains_paywalled_content":false,"_jetpack_memberships_contains_paid_content":false,"footnotes":""},"categories":[1],"tags":[],"class_list":["post-7675","post","type-post","status-publish","format-standard","hentry","category-sociedad"],"jetpack_featured_media_url":"","jetpack_shortlink":"https:\/\/wp.me\/p2JWE0-1ZN","jetpack-related-posts":[{"id":48100,"url":"https:\/\/www.24baires.com\/?p=48100","url_meta":{"origin":7675,"position":0},"title":"La Corte Suprema bonaerense rechaz\u00f3 la excarcelaci\u00f3n de Grassi","author":"GB","date":"16\/06\/2014","format":false,"excerpt":"El tribunal desestim\u00f3 \u201cpor inadmisible\u201d el recurso presentado por el cura Julio C\u00e9sar Grassi, condenado a 15 a\u00f1os de prisi\u00f3n por abuso sexual y corrupci\u00f3n de menores. El tribunal en su momento dispuso hacer cesar la prisi\u00f3n morigerada. Grassi, fue alojado en la c\u00e1rcel de Ituzaing\u00f3 el 23 septiembre de\u2026","rel":"","context":"En \u00abJUDICIALES\u00bb","block_context":{"text":"JUDICIALES","link":"https:\/\/www.24baires.com\/?cat=68"},"img":{"alt_text":"padre Grassi","src":"https:\/\/i0.wp.com\/www.24baires.com\/wp-content\/uploads\/2013\/09\/padre-Grassi.jpg?resize=350%2C200","width":350,"height":200,"srcset":"https:\/\/i0.wp.com\/www.24baires.com\/wp-content\/uploads\/2013\/09\/padre-Grassi.jpg?resize=350%2C200 1x, https:\/\/i0.wp.com\/www.24baires.com\/wp-content\/uploads\/2013\/09\/padre-Grassi.jpg?resize=525%2C300 1.5x"},"classes":[]},{"id":32079,"url":"https:\/\/www.24baires.com\/?p=32079","url_meta":{"origin":7675,"position":1},"title":"La Corte confirm\u00f3 la condena por abuso sexual contra Grassi","author":"GB","date":"18\/09\/2013","format":false,"excerpt":"La Suprema Corte de Justicia de la provincia de Buenos Aires ratific\u00f3 hoy la condena de 15 a\u00f1os de prisi\u00f3n contra el sacerdote Julio C\u00e9sar Grassi por los delitos de abuso sexual agravado y corrupci\u00f3n de menores. La causa Grassi tiene ya once a\u00f1os. En el fallo, al que tuvo\u2026","rel":"","context":"En \u00abJUDICIALES\u00bb","block_context":{"text":"JUDICIALES","link":"https:\/\/www.24baires.com\/?cat=68"},"img":{"alt_text":"padre Grassi","src":"https:\/\/i0.wp.com\/www.24baires.com\/wp-content\/uploads\/2013\/09\/padre-Grassi.jpg?resize=350%2C200","width":350,"height":200,"srcset":"https:\/\/i0.wp.com\/www.24baires.com\/wp-content\/uploads\/2013\/09\/padre-Grassi.jpg?resize=350%2C200 1x, https:\/\/i0.wp.com\/www.24baires.com\/wp-content\/uploads\/2013\/09\/padre-Grassi.jpg?resize=525%2C300 1.5x"},"classes":[]},{"id":40870,"url":"https:\/\/www.24baires.com\/?p=40870","url_meta":{"origin":7675,"position":2},"title":"Una vez m\u00e1s Grassi pidi\u00f3 la excarcelaci\u00f3n, ahora ante la Suprema Corte bonaerense","author":"GB","date":"21\/02\/2014","format":false,"excerpt":"El cura Julio C\u00e9sar Grassi volvi\u00f3 a solicitar su libertad, esta vez ante la Suprema Corte Bonaerense, luego de que su pedido fuera rechazado en instancias previas. Por ahora, el sacerdote est\u00e1 detenido en el penal de Campana por la condena a 15 a\u00f1os de prisi\u00f3n por abuso sexual de\u2026","rel":"","context":"En \u00abJUDICIALES\u00bb","block_context":{"text":"JUDICIALES","link":"https:\/\/www.24baires.com\/?cat=68"},"img":{"alt_text":"","src":"","width":0,"height":0},"classes":[]},{"id":37680,"url":"https:\/\/www.24baires.com\/?p=37680","url_meta":{"origin":7675,"position":3},"title":"La Justicia ratific\u00f3 la prisi\u00f3n preventiva para Grassi","author":"GB","date":"30\/12\/2013","format":false,"excerpt":"Rechaz\u00f3 el recurso de apelaci\u00f3n presentado por la defensa del cura contra la resoluci\u00f3n por la que se dict\u00f3 la prisi\u00f3n preventiva por abuso de menores. Con una resoluci\u00f3n de ocho carillas, los camaristas rechazaron el recurso presentado por la defensa de Grassi, con lo que el cura est\u00e1 cada\u2026","rel":"","context":"En \u00abJUDICIALES\u00bb","block_context":{"text":"JUDICIALES","link":"https:\/\/www.24baires.com\/?cat=68"},"img":{"alt_text":"grassi padre","src":"https:\/\/i0.wp.com\/www.24baires.com\/wp-content\/uploads\/2013\/04\/grassi-padre-300x235.jpg?resize=350%2C200","width":350,"height":200},"classes":[]},{"id":39030,"url":"https:\/\/www.24baires.com\/?p=39030","url_meta":{"origin":7675,"position":4},"title":"Casaci\u00f3n rechaz\u00f3 el pedido de libertad del padre Grassi","author":"GB","date":"22\/01\/2014","format":false,"excerpt":"Luego de que el cura condenado por abuso sexual de menores presentara un habeas corpus, la C\u00e1mara de Casaci\u00f3n Bonaerense rechaz\u00f3 el pedido para dejarlo en libertad, y calificaron de \"inadmisible\" la solicitud. Grassi fue detenido el 7 de octubre de 2013 tras ser condenado a 15 a\u00f1os de prisi\u00f3n\u2026","rel":"","context":"En \u00abJUDICIALES\u00bb","block_context":{"text":"JUDICIALES","link":"https:\/\/www.24baires.com\/?cat=68"},"img":{"alt_text":"grassi","src":"https:\/\/i0.wp.com\/www.24baires.com\/wp-content\/uploads\/2013\/09\/grassi.jpg?resize=350%2C200","width":350,"height":200,"srcset":"https:\/\/i0.wp.com\/www.24baires.com\/wp-content\/uploads\/2013\/09\/grassi.jpg?resize=350%2C200 1x, https:\/\/i0.wp.com\/www.24baires.com\/wp-content\/uploads\/2013\/09\/grassi.jpg?resize=525%2C300 1.5x"},"classes":[]},{"id":44615,"url":"https:\/\/www.24baires.com\/?p=44615","url_meta":{"origin":7675,"position":5},"title":"Grassi no se da por vencido y apela a la Corte Suprema para pedir su libertad","author":"GB","date":"24\/04\/2014","format":false,"excerpt":"El m\u00e1ximo tribunal de la provincia de Buenos Aires concedi\u00f3 un recurso extraordinario al sacerdote Julio C\u00e9sar Grassi, para ir a la corte nacional. \"Ella deber\u00e1 resolver. La sentencia no est\u00e1 firme\", dijo su abogado. La Suprema Corte de Justicia de la provincia de Buenos Aires concedi\u00f3 al cura Julio\u2026","rel":"","context":"En \u00abJUDICIALES\u00bb","block_context":{"text":"JUDICIALES","link":"https:\/\/www.24baires.com\/?cat=68"},"img":{"alt_text":"grassi3","src":"https:\/\/i0.wp.com\/www.24baires.com\/wp-content\/uploads\/2013\/09\/grassi3.jpg?resize=350%2C200","width":350,"height":200,"srcset":"https:\/\/i0.wp.com\/www.24baires.com\/wp-content\/uploads\/2013\/09\/grassi3.jpg?resize=350%2C200 1x, https:\/\/i0.wp.com\/www.24baires.com\/wp-content\/uploads\/2013\/09\/grassi3.jpg?resize=525%2C300 1.5x"},"classes":[]}],"jetpack_sharing_enabled":true,"jetpack_likes_enabled":true,"_links":{"self":[{"href":"https:\/\/www.24baires.com\/index.php?rest_route=\/wp\/v2\/posts\/7675","targetHints":{"allow":["GET"]}}],"collection":[{"href":"https:\/\/www.24baires.com\/index.php?rest_route=\/wp\/v2\/posts"}],"about":[{"href":"https:\/\/www.24baires.com\/index.php?rest_route=\/wp\/v2\/types\/post"}],"author":[{"embeddable":true,"href":"https:\/\/www.24baires.com\/index.php?rest_route=\/wp\/v2\/users\/4"}],"replies":[{"embeddable":true,"href":"https:\/\/www.24baires.com\/index.php?rest_route=%2Fwp%2Fv2%2Fcomments&post=7675"}],"version-history":[{"count":3,"href":"https:\/\/www.24baires.com\/index.php?rest_route=\/wp\/v2\/posts\/7675\/revisions"}],"predecessor-version":[{"id":7678,"href":"https:\/\/www.24baires.com\/index.php?rest_route=\/wp\/v2\/posts\/7675\/revisions\/7678"}],"wp:attachment":[{"href":"https:\/\/www.24baires.com\/index.php?rest_route=%2Fwp%2Fv2%2Fmedia&parent=7675"}],"wp:term":[{"taxonomy":"category","embeddable":true,"href":"https:\/\/www.24baires.com\/index.php?rest_route=%2Fwp%2Fv2%2Fcategories&post=7675"},{"taxonomy":"post_tag","embeddable":true,"href":"https:\/\/www.24baires.com\/index.php?rest_route=%2Fwp%2Fv2%2Ftags&post=7675"}],"curies":[{"name":"wp","href":"https:\/\/api.w.org\/{rel}","templated":true}]}}