{"id":7670,"date":"2012-12-03T10:18:21","date_gmt":"2012-12-03T13:18:21","guid":{"rendered":"http:\/\/www.24baires.com\/?p=7670"},"modified":"2012-12-03T10:18:21","modified_gmt":"2012-12-03T13:18:21","slug":"tornado-en-ameghino-viviendas-destrozadas-y-un-centenar-de-evacuados","status":"publish","type":"post","link":"https:\/\/www.24baires.com\/?p=7670","title":{"rendered":"Tornado en Ameghino: viviendas destrozadas y un centenar de evacuados"},"content":{"rendered":"<p>Un tornado destruy\u00f3 viviendas, galpones y tres hangares de un aeroclub, vol\u00f3 l\u00edneas de alta tensi\u00f3n y provoc\u00f3 la evacuaci\u00f3n de un centenar de personas en el partido de Florentino Ameghino.<!--more--><br \/>\nEl intendente de ese distrito, Francisco Yribarren, dijo que \u00aben Ameghino tenemos un centenar de personas entre evacuadas y autoevacuadas como consecuencia del fuerte tornado que afect\u00f3 la zona y que destruy\u00f3 numerosas viviendas, galpones y el aeroclub local, donde se derrumbaron tres hangares y dos aviones que permanec\u00edan adentro quedaron destrozados\u00bb.<br \/>\n\u00abEsta ma\u00f1ana toda la zona permanece sin energ\u00eda el\u00e9ctrica como consecuencia de la ca\u00edda de l\u00edneas de alta, media y baja tensi\u00f3n\u00bb, consign\u00f3 el jefe comunal.<\/p>\n","protected":false},"excerpt":{"rendered":"<p>Un tornado destruy\u00f3 viviendas, galpones y tres hangares de un aeroclub, vol\u00f3 l\u00edneas de alta tensi\u00f3n y provoc\u00f3 la evacuaci\u00f3n de un centenar de personas en el partido de Florentino Ameghino.<\/p>\n","protected":false},"author":4,"featured_media":0,"comment_status":"open","ping_status":"open","sticky":false,"template":"","format":"standard","meta":{"_jetpack_newsletter_access":"","_jetpack_dont_email_post_to_subs":false,"_jetpack_newsletter_tier_id":0,"_jetpack_memberships_contains_paywalled_content":false,"_jetpack_memberships_contains_paid_content":false,"footnotes":""},"categories":[38],"tags":[],"class_list":["post-7670","post","type-post","status-publish","format-standard","hentry","category-locales"],"jetpack_featured_media_url":"","jetpack_shortlink":"https:\/\/wp.me\/p2JWE0-1ZI","jetpack-related-posts":[{"id":7693,"url":"https:\/\/www.24baires.com\/?p=7693","url_meta":{"origin":7670,"position":0},"title":"El tornado en Ameghino \u00abdur\u00f3 un minuto, de los que son eternos\u00bb, dijo su intendente","author":"AF","date":"03\/12\/2012","format":false,"excerpt":"As\u00ed lo explic\u00f3 el intendente de Florentino Ameghino, Francisco Irribarren, tras el intenso tornado, que produjo roturas en viviendas y empresas de esa localidad y un centenar de evacuados. El Intendente de Florentino Ameghino, Francisco Irribarren, declar\u00f3 en contacto con Radio La Plata que \u201canoche fue muy complicado, porque el\u2026","rel":"","context":"En \u00abLocales\u00bb","block_context":{"text":"Locales","link":"https:\/\/www.24baires.com\/?cat=38"},"img":{"alt_text":"","src":"","width":0,"height":0},"classes":[]},{"id":10330,"url":"https:\/\/www.24baires.com\/?p=10330","url_meta":{"origin":7670,"position":1},"title":"Fuerte temporal azot\u00f3 el noroeste bonaerense","author":"AF","date":"25\/12\/2012","format":false,"excerpt":"Ca\u00eddas de \u00e1rboles, voladuras de techos y en algunos casos inundaciones son el saldo del fuerte temporal de lluvia, viento y granizo que azot\u00f3 al noroeste bonaerense en la noche del lunes y madrugada del martes, con epicentro en General Villegas. El intendente local, Gilberto Alegre, habl\u00f3 de \u201cdesastre\u201d clim\u00e1tico.\u2026","rel":"","context":"En \u00abProvincia\u00bb","block_context":{"text":"Provincia","link":"https:\/\/www.24baires.com\/?cat=40"},"img":{"alt_text":"temporal","src":"https:\/\/i0.wp.com\/www.24baires.com\/wp-content\/uploads\/2012\/12\/temporal-150x150.jpg?resize=350%2C200","width":350,"height":200},"classes":[]},{"id":4472,"url":"https:\/\/www.24baires.com\/?p=4472","url_meta":{"origin":7670,"position":2},"title":"El aer\u00f3dromo de Pehuaj\u00f3 qued\u00f3 bajo el agua tras romperse muro de contenci\u00f3n","author":"AF","date":"05\/11\/2012","format":false,"excerpt":"El avance del agua fue insostenible para el terrapl\u00e9n que oficiaba de contenci\u00f3n en cercan\u00eda al Aer\u00f3dromo Pedro Zanni de Pehuaj\u00f3. En horas de la ma\u00f1ana del domingo, la masa de agua logr\u00f3 romper el talud de tierra y de esa forma comenz\u00f3 a ganar terreno. En primer lugar, los\u2026","rel":"","context":"En \u00abLocales\u00bb","block_context":{"text":"Locales","link":"https:\/\/www.24baires.com\/?cat=38"},"img":{"alt_text":"","src":"https:\/\/i0.wp.com\/www.24baires.com\/wp-content\/uploads\/2012\/11\/pehuaj%C3%B3-aer%C3%B3dromo.jpg?resize=350%2C200","width":350,"height":200},"classes":[]},{"id":7819,"url":"https:\/\/www.24baires.com\/?p=7819","url_meta":{"origin":7670,"position":3},"title":"La Provincia trabaja en Ameghino tras el tornado","author":"AF","date":"04\/12\/2012","format":false,"excerpt":"El Consejo Provincial de Emergencia act\u00faa desde la madrugada de este martes para reparar los da\u00f1os y destrozos que provoc\u00f3 una tormenta con fuertes r\u00e1fagas de viento. El Consejo Provincial de Emergencias act\u00faa desde la madrugada para restablecer la normalidad en el municipio de Ameghino, donde se sufrieron distintos da\u00f1os\u2026","rel":"","context":"En \u00abLocales\u00bb","block_context":{"text":"Locales","link":"https:\/\/www.24baires.com\/?cat=38"},"img":{"alt_text":"","src":"","width":0,"height":0},"classes":[]},{"id":112156,"url":"https:\/\/www.24baires.com\/?p=112156","url_meta":{"origin":7670,"position":4},"title":"\u201cNos hicieron hacer creer que si cerraba una Pyme, era culpa del productor\u201d","author":"GB","date":"20\/09\/2019","format":false,"excerpt":"El candidato a gobernador por el Frente de Todos estuvo junto al ex senador Patricio Garc\u00eda, quien disputa la intendencia en Florentino Ameghino. El apoyo de Kicillo fue expreso: \u201cYo los vengo a convocar para que llenemos las urnas de votos el 27 de octubre, para que Alberto sea el\u2026","rel":"","context":"En \u00abProvincia\u00bb","block_context":{"text":"Provincia","link":"https:\/\/www.24baires.com\/?cat=40"},"img":{"alt_text":"","src":"https:\/\/i0.wp.com\/www.24baires.com\/wp-content\/uploads\/2019\/08\/kicillof-1-300x200.jpg?resize=350%2C200","width":350,"height":200},"classes":[]},{"id":40476,"url":"https:\/\/www.24baires.com\/?p=40476","url_meta":{"origin":7670,"position":5},"title":"Avances en el ordenamiento urbano de Florentino Ameghino","author":"Grupo Sierra","date":"15\/02\/2014","format":false,"excerpt":"FLORENTINO AMEGHINO- El Intendente Municipal Francisco Iribarren mantuvo una reuni\u00f3n en la Subsecretar\u00eda Social de Tierras, Urbanismo y Vivienda, en la ciudad de La Plata. La misma tuvo como finalidad brindar asistencia t\u00e9cnica en materia de planificaci\u00f3n, ordenamiento urbano y territorial, orientada a la infraestructura Municipal; y optimizar la articulaci\u00f3n\u2026","rel":"","context":"En \u00abLocales\u00bb","block_context":{"text":"Locales","link":"https:\/\/www.24baires.com\/?cat=38"},"img":{"alt_text":"","src":"","width":0,"height":0},"classes":[]}],"jetpack_sharing_enabled":true,"jetpack_likes_enabled":true,"_links":{"self":[{"href":"https:\/\/www.24baires.com\/index.php?rest_route=\/wp\/v2\/posts\/7670","targetHints":{"allow":["GET"]}}],"collection":[{"href":"https:\/\/www.24baires.com\/index.php?rest_route=\/wp\/v2\/posts"}],"about":[{"href":"https:\/\/www.24baires.com\/index.php?rest_route=\/wp\/v2\/types\/post"}],"author":[{"embeddable":true,"href":"https:\/\/www.24baires.com\/index.php?rest_route=\/wp\/v2\/users\/4"}],"replies":[{"embeddable":true,"href":"https:\/\/www.24baires.com\/index.php?rest_route=%2Fwp%2Fv2%2Fcomments&post=7670"}],"version-history":[{"count":2,"href":"https:\/\/www.24baires.com\/index.php?rest_route=\/wp\/v2\/posts\/7670\/revisions"}],"predecessor-version":[{"id":7672,"href":"https:\/\/www.24baires.com\/index.php?rest_route=\/wp\/v2\/posts\/7670\/revisions\/7672"}],"wp:attachment":[{"href":"https:\/\/www.24baires.com\/index.php?rest_route=%2Fwp%2Fv2%2Fmedia&parent=7670"}],"wp:term":[{"taxonomy":"category","embeddable":true,"href":"https:\/\/www.24baires.com\/index.php?rest_route=%2Fwp%2Fv2%2Fcategories&post=7670"},{"taxonomy":"post_tag","embeddable":true,"href":"https:\/\/www.24baires.com\/index.php?rest_route=%2Fwp%2Fv2%2Ftags&post=7670"}],"curies":[{"name":"wp","href":"https:\/\/api.w.org\/{rel}","templated":true}]}}