{"id":7667,"date":"2012-12-03T10:14:03","date_gmt":"2012-12-03T13:14:03","guid":{"rendered":"http:\/\/www.24baires.com\/?p=7667"},"modified":"2012-12-03T10:14:03","modified_gmt":"2012-12-03T13:14:03","slug":"llega-a-monte-hermoso-la-3a-edicion-de-los-10k-nocturnos","status":"publish","type":"post","link":"https:\/\/www.24baires.com\/?p=7667","title":{"rendered":"Llega a Monte Hermoso la 3\u00aa edici\u00f3n de los 10K nocturnos"},"content":{"rendered":"<p><img data-recalc-dims=\"1\" loading=\"lazy\" decoding=\"async\" class=\"alignleft size-medium wp-image-7668\" title=\"monte corre\" src=\"https:\/\/i0.wp.com\/www.24baires.com\/wp-content\/uploads\/2012\/12\/monte-corre.jpg?resize=285%2C300\" alt=\"\" width=\"285\" height=\"300\" srcset=\"https:\/\/i0.wp.com\/www.24baires.com\/wp-content\/uploads\/2012\/12\/monte-corre.jpg?resize=285%2C300&amp;ssl=1 285w, https:\/\/i0.wp.com\/www.24baires.com\/wp-content\/uploads\/2012\/12\/monte-corre.jpg?w=533&amp;ssl=1 533w\" sizes=\"auto, (max-width: 285px) 100vw, 285px\" \/>El pr\u00f3ximo 15 de diciembre, Monte Hermoso vivir\u00e1 una nueva edici\u00f3n del Monte Corre 10K Nocturno y en esta edici\u00f3n se suman las antorchas.<!--more--><br \/>\nLa carrera que tendr\u00e1 como punto de partida el Centro de Convenciones, se extender\u00e1 hasta la Avenida Piedrabuena para luego bajar hacia la rambla, donde pasados los 4 km aproximadamente, el circuito continuar\u00e1 por playa donde una hilera de antorchas iluminar\u00e1n el trayecto que conducir\u00e1 a los corredores hacia la calle Traful Bis, para continuar hacia la calle Valle Encantado y culminar, nuevamente, en el Centro de Convenciones.<br \/>\nLas inscripciones tienen un valor de $100 que incluye el n\u00famero del corredor, chip, remera del evento e hidrataci\u00f3n, y ya pueden realizarse en Monte Hermoso en el Centro de Convenciones (Faro Recalada y Pedro de Mendoza) de lunes a viernes de 8 a 20 hs, en Bah\u00eda Blanca en el local de Jucci (Sarmiento 223) todos los d\u00edas de 9 a 12:30 y de 16 a 20 horas y en la Casa de Monte (Soler e Irigoyen. Local 7) de lunes a viernes de 8 a 13 horas.<br \/>\nPara mayor informaci\u00f3n comunicarse con la Secretar\u00eda de Turismo y Cultura de Monte Hermoso a los tel\u00e9fonos 02921 \u2013 481123\/481047 v\u00eda mal a montecorre10k@montehermoso.gov.ar o en la p\u00e1gina www.bahiacorre.com.ar o el mail bahiacorre@hotmail.com<\/p>\n","protected":false},"excerpt":{"rendered":"<p>El pr\u00f3ximo 15 de diciembre, Monte Hermoso vivir\u00e1 una nueva edici\u00f3n del Monte Corre 10K Nocturno y en esta edici\u00f3n se suman las antorchas.<\/p>\n","protected":false},"author":4,"featured_media":0,"comment_status":"open","ping_status":"open","sticky":false,"template":"","format":"standard","meta":{"_jetpack_newsletter_access":"","_jetpack_dont_email_post_to_subs":false,"_jetpack_newsletter_tier_id":0,"_jetpack_memberships_contains_paywalled_content":false,"_jetpack_memberships_contains_paid_content":false,"footnotes":""},"categories":[38],"tags":[],"class_list":["post-7667","post","type-post","status-publish","format-standard","hentry","category-locales"],"jetpack_featured_media_url":"","jetpack_shortlink":"https:\/\/wp.me\/p2JWE0-1ZF","jetpack-related-posts":[{"id":54257,"url":"https:\/\/www.24baires.com\/?p=54257","url_meta":{"origin":7667,"position":0},"title":"El pr\u00f3ximo fin de semana largo llega el Enduro a Monte Hermoso","author":"AF","date":"25\/09\/2014","format":false,"excerpt":"El anuncio se realiz\u00f3 durante la Fiesta de la Primavera, con la presencia de Marcos Patronelli y el \u00faltimo ganador de las competencias, Felipe Ellis. \u201cNosotros somos un municipio netamente tur\u00edstico que planificamos y organizamos distintas actividades a lo largo del a\u00f1o y en este evento encontramos hito muy importante\u2026","rel":"","context":"En \u00abLocales\u00bb","block_context":{"text":"Locales","link":"https:\/\/www.24baires.com\/?cat=38"},"img":{"alt_text":"enduro gesell","src":"https:\/\/i0.wp.com\/www.24baires.com\/wp-content\/uploads\/2014\/02\/enduro-gesell.jpg?resize=350%2C200","width":350,"height":200,"srcset":"https:\/\/i0.wp.com\/www.24baires.com\/wp-content\/uploads\/2014\/02\/enduro-gesell.jpg?resize=350%2C200 1x, https:\/\/i0.wp.com\/www.24baires.com\/wp-content\/uploads\/2014\/02\/enduro-gesell.jpg?resize=525%2C300 1.5x"},"classes":[]},{"id":11912,"url":"https:\/\/www.24baires.com\/?p=11912","url_meta":{"origin":7667,"position":1},"title":"Todo listo para que arranque el cross nocturno &#8216;Necochea corre de noche&#8217;","author":"AF","date":"12\/01\/2013","format":false,"excerpt":"Con gran inter\u00e9s se espera la realizaci\u00f3n de la segunda edici\u00f3n de la prueba de cross 10K \u201cNecochea Corre de Noche\u201d, que ser\u00e1 el s\u00e1bado pr\u00f3ximo por calles y senderos internos del Parque Miguel Lillo y la playa, con epicentro de largada y llegada en el predio del Club Villa\u2026","rel":"","context":"En \u00abLocales\u00bb","block_context":{"text":"Locales","link":"https:\/\/www.24baires.com\/?cat=38"},"img":{"alt_text":"necochea corre de noche","src":"https:\/\/i0.wp.com\/www.24baires.com\/wp-content\/uploads\/2013\/01\/necochea-corre-de-noche-300x201.jpg?resize=350%2C200","width":350,"height":200},"classes":[]},{"id":32740,"url":"https:\/\/www.24baires.com\/?p=32740","url_meta":{"origin":7667,"position":2},"title":"Sileoni entregar\u00e1 aulas digitales m\u00f3viles para escuelas de Monte Hermoso","author":"AF","date":"30\/09\/2013","format":false,"excerpt":"Este martes 1\u00ba de octubre, el ministro de Educaci\u00f3n de la naci\u00f3n, Alberto Sileoni visitar\u00e1 el municipio de Monte Hermoso y junto al intendente local Marcos Fern\u00e1ndez, entregar\u00e1 aulas digitales m\u00f3viles, las primeras del pa\u00eds; 100 netbooks, material y equipamiento para alumnos y escuelas Primarias, Secundarias y Jardines. Sileoni llegar\u00e1\u2026","rel":"","context":"En \u00abLocales\u00bb","block_context":{"text":"Locales","link":"https:\/\/www.24baires.com\/?cat=38"},"img":{"alt_text":"sileoni","src":"https:\/\/i0.wp.com\/www.24baires.com\/wp-content\/uploads\/2013\/09\/sileoni.jpg?resize=350%2C200","width":350,"height":200},"classes":[]},{"id":67387,"url":"https:\/\/www.24baires.com\/?p=67387","url_meta":{"origin":7667,"position":3},"title":"Piden preventiva para los imputados por la pueblada de Monte Hermoso","author":"AF","date":"11\/06\/2015","format":false,"excerpt":"Se trata de siete hombres, de entre 23 y 59 a\u00f1os, que est\u00e1n detenidos por los incidentes provocados frente a la Comisar\u00eda despu\u00e9s del hallazgo sin vida de Katherine Moscoso, de 18 a\u00f1os. El fiscal de Bah\u00eda Blanca Sebasti\u00e1n Foglia pidi\u00f3 la prisi\u00f3n preventiva para los siete imputados por participar\u2026","rel":"","context":"En \u00abLocales\u00bb","block_context":{"text":"Locales","link":"https:\/\/www.24baires.com\/?cat=38"},"img":{"alt_text":"pueblada monte hermoso","src":"https:\/\/i0.wp.com\/www.24baires.com\/wp-content\/uploads\/2015\/05\/pueblada-monte-hermoso.jpg?resize=350%2C200","width":350,"height":200,"srcset":"https:\/\/i0.wp.com\/www.24baires.com\/wp-content\/uploads\/2015\/05\/pueblada-monte-hermoso.jpg?resize=350%2C200 1x, https:\/\/i0.wp.com\/www.24baires.com\/wp-content\/uploads\/2015\/05\/pueblada-monte-hermoso.jpg?resize=525%2C300 1.5x"},"classes":[]},{"id":66437,"url":"https:\/\/www.24baires.com\/?p=66437","url_meta":{"origin":7667,"position":4},"title":"\u00abEs un hecho muy desgraciado\u00bb, dijo el intendente de Monte Hermoso","author":"AF","date":"24\/05\/2015","format":false,"excerpt":"Marcos Fern\u00e1ndez, intendente de Monte Hermoso, sostuvo que la ciudad esperaba que la adolescente \"se encontrara bien\" y revel\u00f3 que \"jam\u00e1s hab\u00eda pasado algo de esta naturaleza\" en ese distrito bonaerense. El intendente de Monte Hermoso, Marcos Fern\u00e1ndez, afirm\u00f3 este domingo que el crimen de Katherine Moscoso \"es un hecho\u2026","rel":"","context":"En \u00abLocales\u00bb","block_context":{"text":"Locales","link":"https:\/\/www.24baires.com\/?cat=38"},"img":{"alt_text":"pueblada monte hermoso","src":"https:\/\/i0.wp.com\/www.24baires.com\/wp-content\/uploads\/2015\/05\/pueblada-monte-hermoso.jpg?resize=350%2C200","width":350,"height":200,"srcset":"https:\/\/i0.wp.com\/www.24baires.com\/wp-content\/uploads\/2015\/05\/pueblada-monte-hermoso.jpg?resize=350%2C200 1x, https:\/\/i0.wp.com\/www.24baires.com\/wp-content\/uploads\/2015\/05\/pueblada-monte-hermoso.jpg?resize=525%2C300 1.5x"},"classes":[]},{"id":32428,"url":"https:\/\/www.24baires.com\/?p=32428","url_meta":{"origin":7667,"position":5},"title":"Llega a Monte Hermoso la 3\u00aa edici\u00f3n del Enduro","author":"AF","date":"25\/09\/2013","format":false,"excerpt":"La tercera edici\u00f3n del enduro arenero de primavera se realizar\u00e1 los d\u00edas 11, 12 y 13 de Octubre, con la presencia de los mejores exponentes del ATV y MX del pa\u00eds. Aunque la competencia se desarrollar\u00e1 el domingo 13, los d\u00edas anteriores los pilotos deber\u00e1n acreditarse y realizar los entrenamientos\u2026","rel":"","context":"En \u00abLocales\u00bb","block_context":{"text":"Locales","link":"https:\/\/www.24baires.com\/?cat=38"},"img":{"alt_text":"","src":"","width":0,"height":0},"classes":[]}],"jetpack_sharing_enabled":true,"jetpack_likes_enabled":true,"_links":{"self":[{"href":"https:\/\/www.24baires.com\/index.php?rest_route=\/wp\/v2\/posts\/7667","targetHints":{"allow":["GET"]}}],"collection":[{"href":"https:\/\/www.24baires.com\/index.php?rest_route=\/wp\/v2\/posts"}],"about":[{"href":"https:\/\/www.24baires.com\/index.php?rest_route=\/wp\/v2\/types\/post"}],"author":[{"embeddable":true,"href":"https:\/\/www.24baires.com\/index.php?rest_route=\/wp\/v2\/users\/4"}],"replies":[{"embeddable":true,"href":"https:\/\/www.24baires.com\/index.php?rest_route=%2Fwp%2Fv2%2Fcomments&post=7667"}],"version-history":[{"count":1,"href":"https:\/\/www.24baires.com\/index.php?rest_route=\/wp\/v2\/posts\/7667\/revisions"}],"predecessor-version":[{"id":7669,"href":"https:\/\/www.24baires.com\/index.php?rest_route=\/wp\/v2\/posts\/7667\/revisions\/7669"}],"wp:attachment":[{"href":"https:\/\/www.24baires.com\/index.php?rest_route=%2Fwp%2Fv2%2Fmedia&parent=7667"}],"wp:term":[{"taxonomy":"category","embeddable":true,"href":"https:\/\/www.24baires.com\/index.php?rest_route=%2Fwp%2Fv2%2Fcategories&post=7667"},{"taxonomy":"post_tag","embeddable":true,"href":"https:\/\/www.24baires.com\/index.php?rest_route=%2Fwp%2Fv2%2Ftags&post=7667"}],"curies":[{"name":"wp","href":"https:\/\/api.w.org\/{rel}","templated":true}]}}