{"id":76651,"date":"2015-12-20T12:00:54","date_gmt":"2015-12-20T15:00:54","guid":{"rendered":"http:\/\/www.24baires.com\/?p=76651"},"modified":"2015-12-20T12:00:54","modified_gmt":"2015-12-20T15:00:54","slug":"ritondo-es-granados-pero-con-libertad-para-reprimir","status":"publish","type":"post","link":"https:\/\/www.24baires.com\/?p=76651","title":{"rendered":"Ritondo es Granados, pero con libertad para reprimir"},"content":{"rendered":"<p><img data-recalc-dims=\"1\" loading=\"lazy\" decoding=\"async\" class=\"aligncenter size-full wp-image-76654\" src=\"https:\/\/i0.wp.com\/www.24baires.com\/wp-content\/uploads\/2015\/12\/ritondo-granados.jpg?resize=560%2C373\" alt=\"ritondo granados\" width=\"560\" height=\"373\" srcset=\"https:\/\/i0.wp.com\/www.24baires.com\/wp-content\/uploads\/2015\/12\/ritondo-granados.jpg?w=560&amp;ssl=1 560w, https:\/\/i0.wp.com\/www.24baires.com\/wp-content\/uploads\/2015\/12\/ritondo-granados.jpg?resize=300%2C200&amp;ssl=1 300w\" sizes=\"auto, (max-width: 560px) 100vw, 560px\" \/><\/p>\n<p>A instancias de una primera reuni\u00f3n del Consejo de Seguridad Interior y con acuerdo de los all\u00ed presentes ministros de seguridad provinciales, jefes de polic\u00eda, representantes de la Polic\u00eda Federal, Gendarmer\u00eda, Prefectura, Polic\u00eda Aeroportuaria, representantes de SEDRONAR e INTERPOL, la ministra de seguridad, Patricia Bullrich inst\u00f3 a que se declare Emergencia en Seguridad a nivel nacional. Efectivamente se la declar\u00f3. En consonancia con esto y sin m\u00e1s dilaciones, <strong>la gobernadora Mar\u00eda Eugenia Vidal introdujo en la Legislatura Bonaerense un proyecto de ley que declara para la provincia Emergencia en Seguridad por el lapso de un a\u00f1o.<\/strong><br \/>\n<!--more--><\/p>\n<p>Como pr\u00e9dica justificativa de las medidas se menciona la imperiosa necesidad de combatir el narcotr\u00e1fico y para ello fijar especial prioridad a resguardar las fronteras, de acuerdo a lo expresado por la ministra Bullrich. Por parte de Vidal, Ritondo y lo manifiesto en el propio texto ingresado en la Legislatura se plantea la emergencia sobre todo en t\u00e9rminos de llamamiento urgente a resguardar la integridad f\u00edsica y los bienes de las personas en un momento en que discursivamente asumen que el delito y la propiamente llamada \u201cinseguridad\u201d est\u00e1n al acecho. Aunque el eje del narcotr\u00e1fico se hace presente tambi\u00e9n.<\/p>\n<p>Todo esto a poco de asumir Mauricio Macri la Presidencia y a instancias de un ajuste que ya est\u00e1 en marcha. \u00bfAcaso incrementar el peso del aparato represivo del Estado no es condici\u00f3n necesaria o parte de una bater\u00eda de medidas para llevar un programa de ajuste como el que ha comenzado? \u00bfAcaso no es esto verdaderamente lo que est\u00e1 detr\u00e1s de esta \u201cEmergencia en Seguridad\u201d y la pr\u00e9dica de la lucha contra el narcotr\u00e1fico como problem\u00e1tica sobredimensionada no es m\u00e1s que un pretexto? \u00bfAcaso no se busca otra cosa m\u00e1s que dar lugar a disposiciones que conduzcan a una mayor militarizaci\u00f3n de las barriadas populares, que fortalecer el aparato represivo del Estado en pos de avanzar en el control social, que contener las inminentes manifestaciones y protestas que desatar\u00eda el programa de ajuste ya en curso y que recrudecer las pol\u00edticas de mano dura?, \u00bfverdaderamente podemos creer que estamos frente a una efectiva persecuci\u00f3n a los millonarios del narcotr\u00e1fico desconociendo cualquier tipo de menciones a sus socios policiales, judiciales y pol\u00edticos?<\/p>\n<p><a href=\"http:\/\/www.24baires.com\/provincia\/76270-asumio-el-nuevo-jefe-de-la-policia-bonaerense\/\" target=\"_blank\"><strong>La designaci\u00f3n de Pablo Bressi como jefe de la polic\u00eda<\/strong><\/a> ha sido presentada como la designaci\u00f3n de un experto en lo que respecta a la lucha contra el narcotr\u00e1fico. <strong>Pero lo cierto es que no es un nombre nuevo ya que justamente viene de ser Superintendente en Investigaciones sobre el Tr\u00e1fico de Drogas Il\u00edcitas<\/strong> y valdr\u00eda no ser ingenuos respecto a c\u00f3mo disfraz\u00f3 el nombramiento el propio Cristian Ritondo, actual Ministro de Seguridad de la Provincia, cuando se\u00f1al\u00f3 que \u201cfue recomendado por la DEA\u201d (oficina del gobierno norteamericano en lo que respecta a drogas).<\/p>\n<p>En cuanto al proyecto de Emergencia en Seguridad enviado por la gobernadora a la legislatura bonaerense el mismo contempla otorgar al Ministerio de Econom\u00eda mayores m\u00e1rgenes de maniobra en lo que respecta a adicionar partidas presupuestarias a la cartera de seguridad y tambi\u00e9n da mayores facultades al Ministerio de Seguridad en lo que refiere a reasignar funciones y destinos del personal de la bonaerense y afectar a diferentes funciones operativas. <strong>No debe pasar inadvertido que el Proyecto de Presupuesto recientemente enviado a la Legislatura Provincial contempla para la cartera de Seguridad un aumento presupuestario mayor al de \u00e1reas como la de Cultura y Educaci\u00f3n y la de Salud<\/strong> (53%, 43%, 42% respectivamente). Todo esto como si no bastara la mayor incidencia presupuestaria que le imprimi\u00f3 la gesti\u00f3n Scioli a la \u201cSeguridad\u201d y la centralidad \u2013criticable en cuanto a sus manifestaciones- que le dio al \u00e1rea que se ve reflejada en un incremento fenomenal del n\u00famero de efectivos (llegando casi a los 100.000 ), raz\u00f3n por la cual ha sido flanco de cr\u00edticas aludiendo justamente a una pol\u00edtica de mano dura, a un &#8216;refuerzo de las fuerzas represivas del Estado&#8217; y evidenciando una pol\u00edtica que otorga prioridad a esta \u00e1rea en detrimento de otras, lo cual dice mucho. De hecho el propio Ritondo expres\u00f3 acuerdos con la pol\u00edtica llevada adelante por el ministro Granados.<\/p>\n<p>Visto as\u00ed, este nuevo gobierno vendr\u00eda a reforzar esta tendencia. Habr\u00e1 que ver c\u00f3mo decantan estas iniciativas. Queda por verse cu\u00e1les ser\u00e1n en lo concreto las pol\u00edticas en el \u00e1rea. Pero es de preverse, y m\u00e1s con estos anuncios, una pol\u00edtica en la direcci\u00f3n de reforzar el aparato represivo del Estado para contener las protestas, las movilizaciones, el conflicto social y la violencia social que desata un programa de gobierno signado por un brusco ajuste. En \u00faltima instancia para reprimir la movilizaci\u00f3n popular. Habr\u00e1 quienes digan con fundamento que un programa de ajuste no se consuma sino es con represi\u00f3n mediante o que por lo menos sirve la represi\u00f3n a los fines de doblegar al pueblo y consumar el ajuste.<\/p>\n<p>&nbsp;<\/p>\n","protected":false},"excerpt":{"rendered":"<p>A instancias de una primera reuni\u00f3n del Consejo de Seguridad Interior y con acuerdo de los all\u00ed presentes ministros de seguridad provinciales, jefes de polic\u00eda, representantes de la Polic\u00eda Federal, Gendarmer\u00eda, Prefectura, Polic\u00eda Aeroportuaria, representantes de SEDRONAR e INTERPOL, la ministra de seguridad, Patricia Bullrich inst\u00f3 a que se declare Emergencia en Seguridad a nivel nacional. Efectivamente se la declar\u00f3. [&#8230;]<\/p>\n","protected":false},"author":11,"featured_media":0,"comment_status":"open","ping_status":"open","sticky":false,"template":"","format":"standard","meta":{"_jetpack_newsletter_access":"","_jetpack_dont_email_post_to_subs":false,"_jetpack_newsletter_tier_id":0,"_jetpack_memberships_contains_paywalled_content":false,"_jetpack_memberships_contains_paid_content":false,"footnotes":""},"categories":[64],"tags":[],"class_list":["post-76651","post","type-post","status-publish","format-standard","hentry","category-opinion"],"jetpack_featured_media_url":"","jetpack_shortlink":"https:\/\/wp.me\/p2JWE0-jWj","jetpack-related-posts":[{"id":113752,"url":"https:\/\/www.24baires.com\/?p=113752","url_meta":{"origin":76651,"position":0},"title":"Frederic y Berni comenzaron a trabajar en la distribuci\u00f3n de las fuerzas en el Conurbano","author":"AF","date":"09\/01\/2020","format":false,"excerpt":"La ministra de Seguridad de la Naci\u00f3n recibi\u00f3 a su par de Provincia para coordinar el trabajo a futuro. La ministra de Seguridad de la Naci\u00f3n, Sabina Frederic, y su par de la provincia de Buenos Aires, Sergio Berni, mantuvieron un encuentro esta ma\u00f1ana luego de algunos chispazos medi\u00e1ticos que\u2026","rel":"","context":"En \u00abPol\u00edtica\u00bb","block_context":{"text":"Pol\u00edtica","link":"https:\/\/www.24baires.com\/?cat=51"},"img":{"alt_text":"","src":"https:\/\/i0.wp.com\/www.24baires.com\/wp-content\/uploads\/2020\/01\/berni-frederic.jpg?resize=350%2C200","width":350,"height":200,"srcset":"https:\/\/i0.wp.com\/www.24baires.com\/wp-content\/uploads\/2020\/01\/berni-frederic.jpg?resize=350%2C200 1x, https:\/\/i0.wp.com\/www.24baires.com\/wp-content\/uploads\/2020\/01\/berni-frederic.jpg?resize=525%2C300 1.5x"},"classes":[]},{"id":116351,"url":"https:\/\/www.24baires.com\/?p=116351","url_meta":{"origin":76651,"position":1},"title":"Cafiero asegura que \u00abno est\u00e1 en estudio\u00bb el uso de las Taser en las fuerzas federales","author":"AF","date":"29\/09\/2020","format":false,"excerpt":"El jefe de Gabinete asegur\u00f3 que tanto la Ciudad de Buenos Aires como las provincias tienen autonom\u00eda suficiente para decidir el uso de las pistolas Taser y que las fuerzas federales se mueven con sus propios protocolos y normas. El jefe de Gabinete, Santiago Cafiero, asegur\u00f3 hoy que la utilizaci\u00f3n\u2026","rel":"","context":"En \u00abSociedad\u00bb","block_context":{"text":"Sociedad","link":"https:\/\/www.24baires.com\/?cat=1"},"img":{"alt_text":"","src":"https:\/\/i0.wp.com\/www.24baires.com\/wp-content\/uploads\/2020\/07\/cafiero.jpg?resize=350%2C200","width":350,"height":200,"srcset":"https:\/\/i0.wp.com\/www.24baires.com\/wp-content\/uploads\/2020\/07\/cafiero.jpg?resize=350%2C200 1x, https:\/\/i0.wp.com\/www.24baires.com\/wp-content\/uploads\/2020\/07\/cafiero.jpg?resize=525%2C300 1.5x"},"classes":[]},{"id":111285,"url":"https:\/\/www.24baires.com\/?p=111285","url_meta":{"origin":76651,"position":2},"title":"Bullrich confirm\u00f3 que a partir de septiembre se empezar\u00e1n a usar las 100 pistolas taser","author":"AF","date":"22\/07\/2019","format":false,"excerpt":"La ministra de Seguridad inform\u00f3 que ser\u00e1n utilizadas por los efectivos de las Polic\u00edas Federal y Aeroportuaria en terminales ferroviarias y a\u00e9reas. Patricia Bullrich cont\u00f3 que ya fueron adquiridas 100 armas e hizo hincapi\u00e9 en que no ser\u00e1n utilizadas para uso represivo en contexto de manifestaciones sociales. Quienes tendr\u00e1n la\u2026","rel":"","context":"En \u00abSociedad\u00bb","block_context":{"text":"Sociedad","link":"https:\/\/www.24baires.com\/?cat=1"},"img":{"alt_text":"","src":"https:\/\/i0.wp.com\/www.24baires.com\/wp-content\/uploads\/2019\/01\/taser.jpg?resize=350%2C200","width":350,"height":200,"srcset":"https:\/\/i0.wp.com\/www.24baires.com\/wp-content\/uploads\/2019\/01\/taser.jpg?resize=350%2C200 1x, https:\/\/i0.wp.com\/www.24baires.com\/wp-content\/uploads\/2019\/01\/taser.jpg?resize=525%2C300 1.5x"},"classes":[]},{"id":105831,"url":"https:\/\/www.24baires.com\/?p=105831","url_meta":{"origin":76651,"position":3},"title":"Mar del Plata: se alejan de la Provincia y acuerdan con la resoluci\u00f3n de Bullrich","author":"GB","date":"10\/12\/2018","format":false,"excerpt":"El municipio del intendente de Cambiemos, Carlos Arroyo, se mostr\u00f3 en consonancia con la normativa ideada por la Ministra de Seguridad de la Naci\u00f3n que brinda mayores libertades para que las fuerzas de seguridad usen armas de fuego. La resoluci\u00f3n denominada \u201cdoctrina Chocobar\u201d, impulsada por la ministra de Seguridad de\u2026","rel":"","context":"En \u00abMunicipios\u00bb","block_context":{"text":"Municipios","link":"https:\/\/www.24baires.com\/?cat=44"},"img":{"alt_text":"","src":"https:\/\/i0.wp.com\/www.24baires.com\/wp-content\/uploads\/2017\/09\/arroyo.jpg?resize=350%2C200","width":350,"height":200,"srcset":"https:\/\/i0.wp.com\/www.24baires.com\/wp-content\/uploads\/2017\/09\/arroyo.jpg?resize=350%2C200 1x, https:\/\/i0.wp.com\/www.24baires.com\/wp-content\/uploads\/2017\/09\/arroyo.jpg?resize=525%2C300 1.5x"},"classes":[]},{"id":116172,"url":"https:\/\/www.24baires.com\/?p=116172","url_meta":{"origin":76651,"position":4},"title":"Pese al anuncio de aumentos, contin\u00faa la protesta de polic\u00edas","author":"AF","date":"09\/09\/2020","format":false,"excerpt":"A pesar del anuncio de ayer del jefe de Gabinete bonaerense, cientos de efectivos permanecieron anoche y continuaban hoy concentrados en Puerta 12 y otras dependencias, a la espera del anuncio oficial que podr\u00eda concretarse ma\u00f1ana. Efectivos de la polic\u00eda bonaerense permanec\u00edan esta ma\u00f1ana concentrados en las puertas del Centro\u2026","rel":"","context":"En \u00abProvincia\u00bb","block_context":{"text":"Provincia","link":"https:\/\/www.24baires.com\/?cat=40"},"img":{"alt_text":"","src":"https:\/\/i0.wp.com\/www.24baires.com\/wp-content\/uploads\/2020\/09\/5f58c5d77c51d_1004x565.jpg?resize=350%2C200","width":350,"height":200,"srcset":"https:\/\/i0.wp.com\/www.24baires.com\/wp-content\/uploads\/2020\/09\/5f58c5d77c51d_1004x565.jpg?resize=350%2C200 1x, https:\/\/i0.wp.com\/www.24baires.com\/wp-content\/uploads\/2020\/09\/5f58c5d77c51d_1004x565.jpg?resize=525%2C300 1.5x"},"classes":[]},{"id":103637,"url":"https:\/\/www.24baires.com\/?p=103637","url_meta":{"origin":76651,"position":5},"title":"\u201cCada vez que hablamos de Santiago Maldonado vienen los servicios\u201d","author":"AF","date":"02\/08\/2018","format":false,"excerpt":"El due\u00f1o del local, Jos\u00e9 Albistur, revel\u00f3 que ya pidieron los registros de c\u00e1maras de seguridad de la zona y apunt\u00f3 contra la ministra de Seguridad, Patricia Bullrich. \u201cCada vez que hablamos de Santiago Maldonado vienen los servicios. Esto claramente estuvo hecho por ello\u201d, declar\u00f3 el due\u00f1o de ND Teatro,\u2026","rel":"","context":"En \u00abSociedad\u00bb","block_context":{"text":"Sociedad","link":"https:\/\/www.24baires.com\/?cat=1"},"img":{"alt_text":"","src":"https:\/\/i0.wp.com\/www.24baires.com\/wp-content\/uploads\/2018\/08\/nd.jpg?resize=350%2C200","width":350,"height":200,"srcset":"https:\/\/i0.wp.com\/www.24baires.com\/wp-content\/uploads\/2018\/08\/nd.jpg?resize=350%2C200 1x, https:\/\/i0.wp.com\/www.24baires.com\/wp-content\/uploads\/2018\/08\/nd.jpg?resize=525%2C300 1.5x"},"classes":[]}],"jetpack_sharing_enabled":true,"jetpack_likes_enabled":true,"_links":{"self":[{"href":"https:\/\/www.24baires.com\/index.php?rest_route=\/wp\/v2\/posts\/76651","targetHints":{"allow":["GET"]}}],"collection":[{"href":"https:\/\/www.24baires.com\/index.php?rest_route=\/wp\/v2\/posts"}],"about":[{"href":"https:\/\/www.24baires.com\/index.php?rest_route=\/wp\/v2\/types\/post"}],"author":[{"embeddable":true,"href":"https:\/\/www.24baires.com\/index.php?rest_route=\/wp\/v2\/users\/11"}],"replies":[{"embeddable":true,"href":"https:\/\/www.24baires.com\/index.php?rest_route=%2Fwp%2Fv2%2Fcomments&post=76651"}],"version-history":[{"count":3,"href":"https:\/\/www.24baires.com\/index.php?rest_route=\/wp\/v2\/posts\/76651\/revisions"}],"predecessor-version":[{"id":76657,"href":"https:\/\/www.24baires.com\/index.php?rest_route=\/wp\/v2\/posts\/76651\/revisions\/76657"}],"wp:attachment":[{"href":"https:\/\/www.24baires.com\/index.php?rest_route=%2Fwp%2Fv2%2Fmedia&parent=76651"}],"wp:term":[{"taxonomy":"category","embeddable":true,"href":"https:\/\/www.24baires.com\/index.php?rest_route=%2Fwp%2Fv2%2Fcategories&post=76651"},{"taxonomy":"post_tag","embeddable":true,"href":"https:\/\/www.24baires.com\/index.php?rest_route=%2Fwp%2Fv2%2Ftags&post=76651"}],"curies":[{"name":"wp","href":"https:\/\/api.w.org\/{rel}","templated":true}]}}