{"id":7664,"date":"2012-12-03T10:05:34","date_gmt":"2012-12-03T13:05:34","guid":{"rendered":"http:\/\/www.24baires.com\/?p=7664"},"modified":"2012-12-03T10:05:34","modified_gmt":"2012-12-03T13:05:34","slug":"choco-combi-del-spb-dos-agentes-muertos-y-varios-heridos-algunos-de-gravedad","status":"publish","type":"post","link":"https:\/\/www.24baires.com\/?p=7664","title":{"rendered":"Choc\u00f3 combi del SPB: dos agentes muertos y varios heridos, algunos de gravedad"},"content":{"rendered":"<p>Dos agentes del Servicio Penitenciario Bonaerense murieron y nueve presos resultaron heridos cuando la combi en la que eran trasladados choc\u00f3 contra un cami\u00f3n en la ruta 205, a la altura de <strong>Lobos<\/strong>.<!--more--><br \/>\nComo consecuencia del accidente, otros tres penitenciarios tambi\u00e9n resultaron heridos, informaron fuentes policiales.<br \/>\nEl choque ocurri\u00f3 cerca de las 5, cuando una combi del Servicio Penitenciario Bonaerense, delegaci\u00f3n Sierra Chica, circulaba por la ruta 205, en direcci\u00f3n a Buenos Aires.<br \/>\nAl llegar al kil\u00f3metro 108,500, de esa ruta, por causas que se investigan, la combi choc\u00f3 con un cami\u00f3n que circulaba en el mismo sentido.<br \/>\nComo consecuencia del impacto, fallecieron en el acto 2 agentes penitenciarios, en tanto otros 3 resultaron gravemente heridos.<br \/>\nSeg\u00fan precis\u00f3 el ministerio de Seguridad provincial, tambi\u00e9n resultaron heridos 9 presos que eran trasladados en esa combi y, junto a los penitenciarios heridos, fueron derivados al hospital de Lobos.<\/p>\n","protected":false},"excerpt":{"rendered":"<p>Dos agentes del Servicio Penitenciario Bonaerense murieron y nueve presos resultaron heridos cuando la combi en la que eran trasladados choc\u00f3 contra un cami\u00f3n en la ruta 205, a la altura de Lobos.<\/p>\n","protected":false},"author":4,"featured_media":0,"comment_status":"open","ping_status":"open","sticky":false,"template":"","format":"standard","meta":{"_jetpack_newsletter_access":"","_jetpack_dont_email_post_to_subs":false,"_jetpack_newsletter_tier_id":0,"_jetpack_memberships_contains_paywalled_content":false,"_jetpack_memberships_contains_paid_content":false,"footnotes":""},"categories":[49],"tags":[],"class_list":["post-7664","post","type-post","status-publish","format-standard","hentry","category-policiales"],"jetpack_featured_media_url":"","jetpack_shortlink":"https:\/\/wp.me\/p2JWE0-1ZC","jetpack-related-posts":[{"id":46123,"url":"https:\/\/www.24baires.com\/?p=46123","url_meta":{"origin":7664,"position":0},"title":"Almirante Brown: 11 heridos en el choque entre una combi y dos veh\u00edculos","author":"Grupo Sierra","date":"16\/05\/2014","format":false,"excerpt":"Al menos once personas, entre ellas nueve ni\u00f1os, sufrieron heridas luego de un choque entre una combi escolar y otros dos veh\u00edculos en la localidad de Burzaco. Al menos 11 personas resultaron heridas, entre ellos nueve ni\u00f1os, tras chocar una combi escolar con dos veh\u00edculos m\u00e1s en la localidad de\u2026","rel":"","context":"En \u00abLocales\u00bb","block_context":{"text":"Locales","link":"https:\/\/www.24baires.com\/?cat=38"},"img":{"alt_text":"poli","src":"https:\/\/i0.wp.com\/www.24baires.com\/wp-content\/uploads\/2013\/09\/poli.jpg?resize=350%2C200","width":350,"height":200,"srcset":"https:\/\/i0.wp.com\/www.24baires.com\/wp-content\/uploads\/2013\/09\/poli.jpg?resize=350%2C200 1x, https:\/\/i0.wp.com\/www.24baires.com\/wp-content\/uploads\/2013\/09\/poli.jpg?resize=525%2C300 1.5x"},"classes":[]},{"id":6839,"url":"https:\/\/www.24baires.com\/?p=6839","url_meta":{"origin":7664,"position":1},"title":"Accidente fatal en Lobos: cuatro muertos y siete heridos, dos de gravedad","author":"AF","date":"26\/11\/2012","format":false,"excerpt":"Las v\u00edctimas fatales son una mujer y sus tres hijos de 2, 3 y 8 a\u00f1os. Entre los siete lesionados hay dos de gravedad. Ocurri\u00f3 en la noche del domingo mientras llov\u00eda en la ruta 205, cuando una camioneta choc\u00f3 de frente contra un auto. Una mujer y sus hijos\u2026","rel":"","context":"En \u00abPoliciales\u00bb","block_context":{"text":"Policiales","link":"https:\/\/www.24baires.com\/?cat=49"},"img":{"alt_text":"","src":"","width":0,"height":0},"classes":[]},{"id":63154,"url":"https:\/\/www.24baires.com\/?p=63154","url_meta":{"origin":7664,"position":2},"title":"Choque fatal en General Villegas dej\u00f3 dos muertos","author":"GB","date":"15\/03\/2015","format":false,"excerpt":"La colisi\u00f3n se produjo en la Ruta 33 entre un cami\u00f3n y una camioneta. Los dos j\u00f3venes fallecidos ten\u00edan 21 y 22 a\u00f1os. En tanto, hay un tercer chico que result\u00f3 herido de gravedad. Dos j\u00f3venes murieron y un tercero sufri\u00f3 heridas graves cuando dos veh\u00edculos chocaron en una ruta\u2026","rel":"","context":"En \u00abSociedad\u00bb","block_context":{"text":"Sociedad","link":"https:\/\/www.24baires.com\/?cat=1"},"img":{"alt_text":"choque villegas","src":"https:\/\/i0.wp.com\/www.24baires.com\/wp-content\/uploads\/2015\/03\/choque-villegas.jpg?resize=350%2C200","width":350,"height":200,"srcset":"https:\/\/i0.wp.com\/www.24baires.com\/wp-content\/uploads\/2015\/03\/choque-villegas.jpg?resize=350%2C200 1x, https:\/\/i0.wp.com\/www.24baires.com\/wp-content\/uploads\/2015\/03\/choque-villegas.jpg?resize=525%2C300 1.5x"},"classes":[]},{"id":35100,"url":"https:\/\/www.24baires.com\/?p=35100","url_meta":{"origin":7664,"position":3},"title":"Chocan de frente cami\u00f3n y camioneta en 9 de Julio: al menos tres muertos","author":"AF","date":"13\/11\/2013","format":false,"excerpt":"Al menos tres personas murieron al chocar esta ma\u00f1ana un cami\u00f3n que transportaba madera y una camioneta en la ruta nacional n\u00famero 5, a la altura de la localidad bonaerense de 9 de Julio, informaron fuentes policiales. Las fuentes consultadas agregaron que hay un n\u00famero no determinado de heridos por\u2026","rel":"","context":"En \u00abPoliciales\u00bb","block_context":{"text":"Policiales","link":"https:\/\/www.24baires.com\/?cat=49"},"img":{"alt_text":"choque nueve julio","src":"https:\/\/i0.wp.com\/www.24baires.com\/wp-content\/uploads\/2013\/11\/choque-nueve-julio.jpg?resize=350%2C200","width":350,"height":200,"srcset":"https:\/\/i0.wp.com\/www.24baires.com\/wp-content\/uploads\/2013\/11\/choque-nueve-julio.jpg?resize=350%2C200 1x, https:\/\/i0.wp.com\/www.24baires.com\/wp-content\/uploads\/2013\/11\/choque-nueve-julio.jpg?resize=525%2C300 1.5x"},"classes":[]},{"id":39307,"url":"https:\/\/www.24baires.com\/?p=39307","url_meta":{"origin":7664,"position":4},"title":"Mar del Plata: escap\u00f3 el asesino de La Bella mientras lo trasladaban a La Plata","author":"Grupo Sierra","date":"27\/01\/2014","format":false,"excerpt":"El hermano del comerciante fallecido en enero del a\u00f1o pasado confirm\u00f3 que Kevin C\u00f3rdoba volvi\u00f3 a fugarse cuando dos motos abordaron la combi en la que era transportado de un penal a otro. N\u00e9stor Fabi\u00e1n La Bella fue asesinado en enero del 2013 cuando regresaba junto a su hijo a\u2026","rel":"","context":"En \u00abPoliciales\u00bb","block_context":{"text":"Policiales","link":"https:\/\/www.24baires.com\/?cat=49"},"img":{"alt_text":"LA BELLA","src":"https:\/\/i0.wp.com\/www.24baires.com\/wp-content\/uploads\/2014\/01\/LA-BELLA-300x259.jpg?resize=350%2C200","width":350,"height":200},"classes":[]},{"id":114858,"url":"https:\/\/www.24baires.com\/?p=114858","url_meta":{"origin":7664,"position":5},"title":"Detuvieron a dos agentes penitenciarios por el asesinato de un interno en Florencio Varela","author":"AF","date":"28\/04\/2020","format":false,"excerpt":"Dos agentes penitenciarios fueron detenidos este martes por la muerte de Federico Rey y otra agente se encuentra pr\u00f3fuga. Este martes fueron detenidos Gast\u00f3n \u00c1bila y Gabriel Dar\u00edo Bergonzi, subjefe de la Guardia de Seguridad Armada y subdirector de Administraci\u00f3n, respectivamente, en el Servicio Bonaerense cumpliendo funciones en el penal\u2026","rel":"","context":"En \u00abSociedad\u00bb","block_context":{"text":"Sociedad","link":"https:\/\/www.24baires.com\/?cat=1"},"img":{"alt_text":"","src":"https:\/\/i0.wp.com\/www.24baires.com\/wp-content\/uploads\/2020\/04\/up-23-varela.jpg?resize=350%2C200","width":350,"height":200,"srcset":"https:\/\/i0.wp.com\/www.24baires.com\/wp-content\/uploads\/2020\/04\/up-23-varela.jpg?resize=350%2C200 1x, https:\/\/i0.wp.com\/www.24baires.com\/wp-content\/uploads\/2020\/04\/up-23-varela.jpg?resize=525%2C300 1.5x"},"classes":[]}],"jetpack_sharing_enabled":true,"jetpack_likes_enabled":true,"_links":{"self":[{"href":"https:\/\/www.24baires.com\/index.php?rest_route=\/wp\/v2\/posts\/7664","targetHints":{"allow":["GET"]}}],"collection":[{"href":"https:\/\/www.24baires.com\/index.php?rest_route=\/wp\/v2\/posts"}],"about":[{"href":"https:\/\/www.24baires.com\/index.php?rest_route=\/wp\/v2\/types\/post"}],"author":[{"embeddable":true,"href":"https:\/\/www.24baires.com\/index.php?rest_route=\/wp\/v2\/users\/4"}],"replies":[{"embeddable":true,"href":"https:\/\/www.24baires.com\/index.php?rest_route=%2Fwp%2Fv2%2Fcomments&post=7664"}],"version-history":[{"count":2,"href":"https:\/\/www.24baires.com\/index.php?rest_route=\/wp\/v2\/posts\/7664\/revisions"}],"predecessor-version":[{"id":7666,"href":"https:\/\/www.24baires.com\/index.php?rest_route=\/wp\/v2\/posts\/7664\/revisions\/7666"}],"wp:attachment":[{"href":"https:\/\/www.24baires.com\/index.php?rest_route=%2Fwp%2Fv2%2Fmedia&parent=7664"}],"wp:term":[{"taxonomy":"category","embeddable":true,"href":"https:\/\/www.24baires.com\/index.php?rest_route=%2Fwp%2Fv2%2Fcategories&post=7664"},{"taxonomy":"post_tag","embeddable":true,"href":"https:\/\/www.24baires.com\/index.php?rest_route=%2Fwp%2Fv2%2Ftags&post=7664"}],"curies":[{"name":"wp","href":"https:\/\/api.w.org\/{rel}","templated":true}]}}