{"id":76502,"date":"2015-12-16T19:48:59","date_gmt":"2015-12-16T22:48:59","guid":{"rendered":"http:\/\/www.24baires.com\/?p=76502"},"modified":"2015-12-16T19:48:59","modified_gmt":"2015-12-16T22:48:59","slug":"una-empresa-con-la-gente-afuera","status":"publish","type":"post","link":"https:\/\/www.24baires.com\/?p=76502","title":{"rendered":"Una empresa, con la gente afuera"},"content":{"rendered":"<p><img data-recalc-dims=\"1\" loading=\"lazy\" decoding=\"async\" class=\"aligncenter size-full wp-image-76310\" src=\"https:\/\/i0.wp.com\/www.24baires.com\/wp-content\/uploads\/2015\/12\/macri-rivadavia.jpg?resize=560%2C315\" alt=\"macri rivadavia\" width=\"560\" height=\"315\" srcset=\"https:\/\/i0.wp.com\/www.24baires.com\/wp-content\/uploads\/2015\/12\/macri-rivadavia.jpg?w=560&amp;ssl=1 560w, https:\/\/i0.wp.com\/www.24baires.com\/wp-content\/uploads\/2015\/12\/macri-rivadavia.jpg?resize=300%2C169&amp;ssl=1 300w\" sizes=\"auto, (max-width: 560px) 100vw, 560px\" \/>Muchos han expresado su sorpresa ante el gabinete de funcionarios que anunci\u00f3 Mauricio Macri, presidente de todos los argentinos. Hay, sobre todo y naturalmente, un descontento expl\u00edcito en aquellos que no lo votaron, que son casi la mitad de los electores.<!--more--><\/p>\n<p>Imagino que no hab\u00eda una expectativa de algo mejor, ya que quienes no eligieron a Macri en el balotaje, ten\u00edan una idea bastante cercana de lo que iba a ser un hipot\u00e9tico esquema de funcionarios de un gobierno suyo. Lo que s\u00ed puede haber por parte del votante de Scioli es una impotencia que roza (o se hunde) en la indignaci\u00f3n. La bronca de saber qu\u00e9 pasar\u00eda y no haber podido impedirlo con el voto.<br \/>\nS\u00ed hay cierto asombro en muchos que s\u00ed lo votaron. Aquellos que creyeron de verdad que cuando (y no s\u00f3lo desde el kirchnerismo) se hablaba de ajuste, aumento de precios, pactar con los Fondos Buitres, ceder ante las presiones de EEUU, Melconian, Aranguren, Bullrich, Prat Gay, Sturzenegger, entre otros, era s\u00f3lo \u201cuna campa\u00f1a del miedo\u201d. Ahora comprueban en la propia carne, que no era un verso para que no voten a Cambiemos, sino la realidad que acechaba detr\u00e1s de las urnas. La realidad que tendremos que vivir o padecer. Ahora saben que cuando dec\u00edamos que los posibles funcionarios de Macri no ten\u00edan curr\u00edculum, sino prontuario, no era broma.<br \/>\nPero ahora, en seis d\u00edas de gobierno, ya elimin\u00f3 la retenciones, puso a dos jueces de la Suprema Corte a dedo, anunci\u00f3 que a partir de enero se eliminar\u00e1n los subsidios a los impuestos de gas y luz, despidieron a mas de 2000 cooperativistas de Argentina Trabaja, har\u00e1 que el medio aguinaldo de diciembre pague impuesto a las ganancias, meti\u00f3 DNU que hace pasar del 6% al 3% en inversi\u00f3n educativa, y le peg\u00f3 un tirito a la Ley de Medios, por las dudas.<br \/>\nMenos de una semana. Capaz que antes pensabas que era una campa\u00f1a de desprestigio ideada en su contra. Quiz\u00e1 cre\u00edas que eran mentiras burdas eso del ajuste, los tarifazos, las restricciones a la democracia y la Rep\u00fablica. Es posible que te hicieron pensar que era una campa\u00f1a del miedo. Es probable que ahora, en estos pocos d\u00edas, conociendo las decisiones tomadas por el Presidente, empieces a tener miedo en serio.<br \/>\nTambi\u00e9n hace un ruido atronador la connivencia de la mayor\u00eda de los medios de comunicaci\u00f3n que no parecen enterarse de todo esto. Cristina propuso que los jueces sean votados por los ciudadanos y eso fue \u201cuna violenta arremetida del gobierno contra la Justicia independiente\u201d, Macri, con otro DNU, pone dos jueces en la Suprema Corte sin participaci\u00f3n de las C\u00e1maras, y est\u00e1 todo bien.<br \/>\nMitre, Ongan\u00eda, Videla y Macri. Los cuatro presidentes (de facto varios de ellos) que colocaron jueces a dedo. No, no es in\u00e9dito, pero no parece ser muy democr\u00e1tico, \u00bfno? Digo, yo no he viajado mucho, pero no conozco otro pa\u00eds del mundo que tenga a un presidente procesado que designa jueces a discreci\u00f3n, d\u00e1ndole al decretazo.<br \/>\nCristina dijo con su habitual sentido de la oportunidad, que gobernar un pa\u00eds no es lo mismo que gobernar una empresa. Que un pa\u00eds no es una empresa. Una de las diferencias m\u00e1s obvias entre la gesti\u00f3n de la cosa p\u00fablica y la administraci\u00f3n de lo privado es, justamente, que en uno se gestiona y en el otro se administra. En lo p\u00fablico se deben evaluar las variables con la gente adentro, en lo privado s\u00f3lo se busca maximizar ganancias. Diferencia clave: Macri va a administrar una empresa, una empresa gigante, con la gente afuera.<br \/>\nLas primeras medidas que tom\u00f3 en menos de una semana de gobierno, dan cuenta de ello. Veremos a la brevedad los resultados de la quita del cepo cambiario. As\u00ed como el impacto en los bolsillos de los asalariados el pr\u00f3ximo mes cuando las facturas de servicios vengan sin subsidios y cuando se termine Precios Cuidados, entre otras cosas, y el aguinaldo pague ganancias.<br \/>\nNo habr\u00e1 cadenas nacionales, quiz\u00e1. Las chicas van a poder ver la novela sin interrupciones, como dijo Macri en uno de sus tradicionales gestos de misoginia. Pero las chicas y los chicos quiz\u00e1 no puedan pagar la boleta de la luz, y eso ser\u00eda un fuerte impedimento a la hora de ver la tele. El empresario que nos gobierna omiti\u00f3 ese detalle, entre muchos otros, como por ejemplo hacerse cargo de haber anunciado una devaluaci\u00f3n, haciendo que los especuladores de siempre aumenten precios de forma violenta e injustificada. Tampoco anunci\u00f3 medidas de control. Tantos DNU y todav\u00eda ninguno con la gente adentro.<\/p>\n","protected":false},"excerpt":{"rendered":"<p>Muchos han expresado su sorpresa ante el gabinete de funcionarios que anunci\u00f3 Mauricio Macri, presidente de todos los argentinos. Hay, sobre todo y naturalmente, un descontento expl\u00edcito en aquellos que no lo votaron, que son casi la mitad de los electores.<\/p>\n","protected":false},"author":8,"featured_media":0,"comment_status":"open","ping_status":"open","sticky":false,"template":"","format":"standard","meta":{"_jetpack_newsletter_access":"","_jetpack_dont_email_post_to_subs":false,"_jetpack_newsletter_tier_id":0,"_jetpack_memberships_contains_paywalled_content":false,"_jetpack_memberships_contains_paid_content":false,"footnotes":""},"categories":[64],"tags":[],"class_list":["post-76502","post","type-post","status-publish","format-standard","hentry","category-opinion"],"jetpack_featured_media_url":"","jetpack_shortlink":"https:\/\/wp.me\/p2JWE0-jTU","jetpack-related-posts":[{"id":111654,"url":"https:\/\/www.24baires.com\/?p=111654","url_meta":{"origin":76502,"position":0},"title":"Carri\u00f3: \u00ab\u00a1De Olivos nos van a sacar muertos!\u00bb","author":"AF","date":"15\/08\/2019","format":false,"excerpt":"En la reuni\u00f3n del gabinete ampliado, Elisa Carri\u00f3 atribuy\u00f3 la derrota electoral de Macri a que \"hay muchos tentados en volver a la comodidad del dictador. Del Fara\u00f3n. O la Faraona\". Despu\u00e9s dijo que Alberto Fern\u00e1ndez es \"ordinario\". Tambi\u00e9n se despach\u00f3 contra los miembros del oficialismo: \"No se borren, los\u2026","rel":"","context":"En \u00abPol\u00edtica\u00bb","block_context":{"text":"Pol\u00edtica","link":"https:\/\/www.24baires.com\/?cat=51"},"img":{"alt_text":"","src":"https:\/\/i0.wp.com\/www.24baires.com\/wp-content\/uploads\/2019\/08\/carrio.jpg?resize=350%2C200","width":350,"height":200,"srcset":"https:\/\/i0.wp.com\/www.24baires.com\/wp-content\/uploads\/2019\/08\/carrio.jpg?resize=350%2C200 1x, https:\/\/i0.wp.com\/www.24baires.com\/wp-content\/uploads\/2019\/08\/carrio.jpg?resize=525%2C300 1.5x"},"classes":[]},{"id":111752,"url":"https:\/\/www.24baires.com\/?p=111752","url_meta":{"origin":76502,"position":1},"title":"Macri descart\u00f3 m\u00e1s cambios de gabinete","author":"AF","date":"22\/08\/2019","format":false,"excerpt":"El mandatario calific\u00f3 su dura derrota en las PASO a manos de Alberto Fern\u00e1ndez como \"un palazo\". Sin embargo, reivindic\u00f3 su gesti\u00f3n y asegur\u00f3 que no alterar\u00e1 el rumbo. El presidente y candidato a su reelecci\u00f3n Mauricio Macri particip\u00f3 este jueves del encuentro Democracia y Desarrollo y desde all\u00ed reconoci\u00f3\u2026","rel":"","context":"En \u00abPol\u00edtica\u00bb","block_context":{"text":"Pol\u00edtica","link":"https:\/\/www.24baires.com\/?cat=51"},"img":{"alt_text":"","src":"https:\/\/i0.wp.com\/www.24baires.com\/wp-content\/uploads\/2019\/08\/macri.jpg?resize=350%2C200","width":350,"height":200,"srcset":"https:\/\/i0.wp.com\/www.24baires.com\/wp-content\/uploads\/2019\/08\/macri.jpg?resize=350%2C200 1x, https:\/\/i0.wp.com\/www.24baires.com\/wp-content\/uploads\/2019\/08\/macri.jpg?resize=525%2C300 1.5x"},"classes":[]},{"id":112042,"url":"https:\/\/www.24baires.com\/?p=112042","url_meta":{"origin":76502,"position":2},"title":"Bullrich sobre la emergencia alimentaria: \u00abSi pasan hambre, tienen los comedores\u00bb","author":"AF","date":"11\/09\/2019","format":false,"excerpt":"La funcionaria plante\u00f3 que \"no llegar\u00eda a decir que hay gente que hoy est\u00e1 en una situaci\u00f3n de no comer\u201d y lanz\u00f3 que \u201csi pasa hambre tiene comedores y una cantidad de lugares adonde ir\u201d. Para la ministra de Seguridad, Patricia Bullrich, en la Argentina no hay personas que no\u2026","rel":"","context":"En \u00abSociedad\u00bb","block_context":{"text":"Sociedad","link":"https:\/\/www.24baires.com\/?cat=1"},"img":{"alt_text":"","src":"https:\/\/i0.wp.com\/www.24baires.com\/wp-content\/uploads\/2017\/09\/bullrich.jpg?resize=350%2C200","width":350,"height":200,"srcset":"https:\/\/i0.wp.com\/www.24baires.com\/wp-content\/uploads\/2017\/09\/bullrich.jpg?resize=350%2C200 1x, https:\/\/i0.wp.com\/www.24baires.com\/wp-content\/uploads\/2017\/09\/bullrich.jpg?resize=525%2C300 1.5x"},"classes":[]},{"id":112828,"url":"https:\/\/www.24baires.com\/?p=112828","url_meta":{"origin":76502,"position":3},"title":"Escrutinio definitivo: el Frente de Todos estir\u00f3 su ventaja sobre Juntos por el Cambio","author":"AF","date":"01\/11\/2019","format":false,"excerpt":"La dupla Fern\u00e1ndez-Fern\u00e1ndez obtuvo 74.097 votos m\u00e1s, mientras que la f\u00f3rmula Macri-Pichetto tuvo una ca\u00edda de 0,10 por ciento. los apoderados del FdT ampliaron su denuncia sobre irregularidades en el conteo realizado en siete consulados. Ya hay datos del escrutinio definitivo. Por ahora corresponden a las provincias de Santa Fe,\u2026","rel":"","context":"En \u00abELECCIONES 2019\u00bb","block_context":{"text":"ELECCIONES 2019","link":"https:\/\/www.24baires.com\/?cat=329"},"img":{"alt_text":"","src":"https:\/\/i0.wp.com\/www.24baires.com\/wp-content\/uploads\/2019\/11\/escrutinio-20foto-20na.jpg?resize=350%2C200","width":350,"height":200,"srcset":"https:\/\/i0.wp.com\/www.24baires.com\/wp-content\/uploads\/2019\/11\/escrutinio-20foto-20na.jpg?resize=350%2C200 1x, https:\/\/i0.wp.com\/www.24baires.com\/wp-content\/uploads\/2019\/11\/escrutinio-20foto-20na.jpg?resize=525%2C300 1.5x"},"classes":[]},{"id":113392,"url":"https:\/\/www.24baires.com\/?p=113392","url_meta":{"origin":76502,"position":4},"title":"Gin\u00e9s Gonz\u00e1lez Garc\u00eda anunci\u00f3 la restituci\u00f3n del protocolo de ILE","author":"AF","date":"12\/12\/2019","format":false,"excerpt":"El ministro de Salud inform\u00f3 que \"seguir\u00e1 siendo actualizado\". Se termina con la pol\u00e9mica que se gener\u00f3 en el final de la gesti\u00f3n de Macri. El ministro de Salud, Gin\u00e9s Gonz\u00e1lez Garc\u00eda, anunci\u00f3 la restituci\u00f3n del protocolo de Interrupci\u00f3n Legal del Embarazo (ILE) que el gobierno de Mauricio Macri derog\u00f3,\u2026","rel":"","context":"En \u00abSociedad\u00bb","block_context":{"text":"Sociedad","link":"https:\/\/www.24baires.com\/?cat=1"},"img":{"alt_text":"","src":"https:\/\/i0.wp.com\/www.24baires.com\/wp-content\/uploads\/2019\/02\/pa%C3%B1uelo-aborto.jpg?resize=350%2C200","width":350,"height":200,"srcset":"https:\/\/i0.wp.com\/www.24baires.com\/wp-content\/uploads\/2019\/02\/pa%C3%B1uelo-aborto.jpg?resize=350%2C200 1x, https:\/\/i0.wp.com\/www.24baires.com\/wp-content\/uploads\/2019\/02\/pa%C3%B1uelo-aborto.jpg?resize=525%2C300 1.5x"},"classes":[]},{"id":111907,"url":"https:\/\/www.24baires.com\/?p=111907","url_meta":{"origin":76502,"position":5},"title":"\u00abEl Gobierno reorient\u00f3 su pol\u00edtica econ\u00f3mica para llegar al balotaje\u00bb, dijo Sica","author":"GB","date":"03\/09\/2019","format":false,"excerpt":"El ministro de Producci\u00f3n admiti\u00f3 que las \u00faltimas medidas que tom\u00f3 la gesti\u00f3n de Macri son para \"tener un buen resultado electoral\". El ministro de Producci\u00f3n y Trabajo, Dante Sica, sostuvo este lunes que el Gobierno est\u00e1 \"reorientando\" su pol\u00edtica econ\u00f3mica para \"tener la chance de ir al balotaje\" en\u2026","rel":"","context":"En \u00abPol\u00edtica\u00bb","block_context":{"text":"Pol\u00edtica","link":"https:\/\/www.24baires.com\/?cat=51"},"img":{"alt_text":"","src":"https:\/\/i0.wp.com\/www.24baires.com\/wp-content\/uploads\/2019\/08\/macri-sica.jpg?resize=350%2C200","width":350,"height":200,"srcset":"https:\/\/i0.wp.com\/www.24baires.com\/wp-content\/uploads\/2019\/08\/macri-sica.jpg?resize=350%2C200 1x, https:\/\/i0.wp.com\/www.24baires.com\/wp-content\/uploads\/2019\/08\/macri-sica.jpg?resize=525%2C300 1.5x"},"classes":[]}],"jetpack_sharing_enabled":true,"jetpack_likes_enabled":true,"_links":{"self":[{"href":"https:\/\/www.24baires.com\/index.php?rest_route=\/wp\/v2\/posts\/76502","targetHints":{"allow":["GET"]}}],"collection":[{"href":"https:\/\/www.24baires.com\/index.php?rest_route=\/wp\/v2\/posts"}],"about":[{"href":"https:\/\/www.24baires.com\/index.php?rest_route=\/wp\/v2\/types\/post"}],"author":[{"embeddable":true,"href":"https:\/\/www.24baires.com\/index.php?rest_route=\/wp\/v2\/users\/8"}],"replies":[{"embeddable":true,"href":"https:\/\/www.24baires.com\/index.php?rest_route=%2Fwp%2Fv2%2Fcomments&post=76502"}],"version-history":[{"count":2,"href":"https:\/\/www.24baires.com\/index.php?rest_route=\/wp\/v2\/posts\/76502\/revisions"}],"predecessor-version":[{"id":76505,"href":"https:\/\/www.24baires.com\/index.php?rest_route=\/wp\/v2\/posts\/76502\/revisions\/76505"}],"wp:attachment":[{"href":"https:\/\/www.24baires.com\/index.php?rest_route=%2Fwp%2Fv2%2Fmedia&parent=76502"}],"wp:term":[{"taxonomy":"category","embeddable":true,"href":"https:\/\/www.24baires.com\/index.php?rest_route=%2Fwp%2Fv2%2Fcategories&post=76502"},{"taxonomy":"post_tag","embeddable":true,"href":"https:\/\/www.24baires.com\/index.php?rest_route=%2Fwp%2Fv2%2Ftags&post=76502"}],"curies":[{"name":"wp","href":"https:\/\/api.w.org\/{rel}","templated":true}]}}