{"id":7645,"date":"2012-12-02T20:35:34","date_gmt":"2012-12-02T23:35:34","guid":{"rendered":"http:\/\/www.24baires.com\/?p=7645"},"modified":"2012-12-02T20:35:34","modified_gmt":"2012-12-02T23:35:34","slug":"esteban-echeverria-atletas-locales-se-sumaron-a-maraton-para-luchar-contra-el-vih-sida","status":"publish","type":"post","link":"https:\/\/www.24baires.com\/?p=7645","title":{"rendered":"Esteban Echeverr\u00eda: atletas locales se sumaron a marat\u00f3n para luchar contra el VIH-Sida"},"content":{"rendered":"<p>Cientos de corredores participaron este domingo de una jornada de prevenci\u00f3n y promoci\u00f3n de la no discriminaci\u00f3n, organizada por Casa MANU con el apoyo del intendente Fernando Gray. Todo lo recaudado se destin\u00f3 a ese hogar que alberga a ni\u00f1os y ni\u00f1as afectados por el virus.<!--more--><\/p>\n<p>La marat\u00f3n, que comenz\u00f3 a las 9.30 de este domingo, cont\u00f3 con dos categor\u00edas: 8 kil\u00f3metros competitiva y 4 kil\u00f3metros participativa, ambas con su punto de largada en la Plaza Mitre frente al Municipio, ubicada en la localidad bonaerense de Monte Grande, partido de <strong>Esteban Echeverr\u00eda<\/strong>.<\/p>\n<p>Cientos de corredores participaron de la jornada atl\u00e9tica, en el marco del D\u00eda Mundial de Lucha contra el VIH\/Sida, con el objetivo de difundir mensajes de prevenci\u00f3n y promoci\u00f3n de la no discriminaci\u00f3n.<\/p>\n<p>La actividad fue organizada por Casa MANU, \u00fanico hogar en el sur del conurbano bonaerense que alberga a ni\u00f1os y ni\u00f1as con VIH-Sida y que se encuentran en estado de abandono de persona.<\/p>\n<p>La directora del Hogar, Silvia Casas, expres\u00f3 que \u00abtenemos que estar orgullosos de ser parte de un municipio que adhiere al D\u00eda Mundial de Respuesta al HIV-Sida\u00bb.<\/p>\n<p>En este sentido, agradeci\u00f3 al intendente Fernando Gray \u00abpor su apoyo permanente\u00bb y asegur\u00f3 que \u00abesto renueva nuestro compromiso para seguir trabajando d\u00eda a d\u00eda en la inclusi\u00f3n\u00bb.<\/p>\n<p>El jefe comunal destac\u00f3 el compromiso de \u00abtodos los voluntarios y voluntarias del Hogar que realizan una tarea muy importante\u00bb, y felicit\u00f3 a los competidores cuando se preparaban para la largada.<\/p>\n<p>Todo lo recaudado se destin\u00f3 al mantenimiento y sostenimiento de Casa MANU, seg\u00fan informaron los organizadores del evento.<\/p>\n","protected":false},"excerpt":{"rendered":"<p>Cientos de corredores participaron este domingo de una jornada de prevenci\u00f3n y promoci\u00f3n de la no discriminaci\u00f3n, organizada por Casa MANU con el apoyo del intendente Fernando Gray. Todo lo recaudado se destin\u00f3 a ese hogar que alberga a ni\u00f1os y ni\u00f1as afectados por el virus.<\/p>\n","protected":false},"author":4,"featured_media":0,"comment_status":"open","ping_status":"open","sticky":false,"template":"","format":"standard","meta":{"_jetpack_newsletter_access":"","_jetpack_dont_email_post_to_subs":false,"_jetpack_newsletter_tier_id":0,"_jetpack_memberships_contains_paywalled_content":false,"_jetpack_memberships_contains_paid_content":false,"footnotes":""},"categories":[1],"tags":[],"class_list":["post-7645","post","type-post","status-publish","format-standard","hentry","category-sociedad"],"jetpack_featured_media_url":"","jetpack_shortlink":"https:\/\/wp.me\/p2JWE0-1Zj","jetpack-related-posts":[{"id":36375,"url":"https:\/\/www.24baires.com\/?p=36375","url_meta":{"origin":7645,"position":0},"title":"Semana de la Prevenci\u00f3n del VIH en Adrogu\u00e9 y Lomas de Zamora","author":"AF","date":"07\/12\/2013","format":false,"excerpt":"En el marco de la Semana de la Prevenci\u00f3n del VIH y tras el D\u00eda Mundial de la Lucha contra el SIDA, se realizaron actividades para concientizar y de prevenci\u00f3n, a cargo de los hospitales Lucio Mel\u00e9ndez y Luisa C. de Gandulfo, de Adrogu\u00e9 y Lomas de Zamora, respectivamente. Adem\u00e1s\u2026","rel":"","context":"En \u00abSociedad\u00bb","block_context":{"text":"Sociedad","link":"https:\/\/www.24baires.com\/?cat=1"},"img":{"alt_text":"","src":"","width":0,"height":0},"classes":[]},{"id":8215,"url":"https:\/\/www.24baires.com\/?p=8215","url_meta":{"origin":7645,"position":1},"title":"Hospitales de Quilmes y Mar del Plata contin\u00faan realizando testeos voluntarios de VIH","author":"AF","date":"07\/12\/2012","format":false,"excerpt":"Hospitales de la Provincia realizaron actividades de prevenci\u00f3n e informaci\u00f3n sobre el virus en hospitales y centros de salud, en el marco del D\u00eda Mundial de la Lucha contra el Sida que se conmemor\u00f3 el 1\u00ba de diciembre en todo el mundo. El hospital Iriarte de Quilmes realiz\u00f3 m\u00e1s de\u2026","rel":"","context":"En \u00abSociedad\u00bb","block_context":{"text":"Sociedad","link":"https:\/\/www.24baires.com\/?cat=1"},"img":{"alt_text":"","src":"https:\/\/i0.wp.com\/www.24baires.com\/wp-content\/uploads\/2012\/12\/test-vih-300x199.jpg?resize=350%2C200","width":350,"height":200},"classes":[]},{"id":7460,"url":"https:\/\/www.24baires.com\/?p=7460","url_meta":{"origin":7645,"position":2},"title":"Collia sugiere \u201cllevar siempre un preservativo en el bolsillo\u201d para evitar el contagio de VIH","author":"AF","date":"01\/12\/2012","format":false,"excerpt":"En la provincia de Buenos Aires hay unas 25.000 personas notificadas con VIH y se estima que hay otras 10.000 infectadas pero que no lo saben. Por eso, m\u00e1s de 130 trabajadores del ministerio de Econom\u00eda de la Provincia se hicieron el testeo, la \u00fanica manera que existe de saber\u2026","rel":"","context":"En \u00abSociedad\u00bb","block_context":{"text":"Sociedad","link":"https:\/\/www.24baires.com\/?cat=1"},"img":{"alt_text":"","src":"https:\/\/i0.wp.com\/www.24baires.com\/wp-content\/uploads\/2012\/12\/test-HIV.jpg?resize=350%2C200","width":350,"height":200,"srcset":"https:\/\/i0.wp.com\/www.24baires.com\/wp-content\/uploads\/2012\/12\/test-HIV.jpg?resize=350%2C200 1x, https:\/\/i0.wp.com\/www.24baires.com\/wp-content\/uploads\/2012\/12\/test-HIV.jpg?resize=525%2C300 1.5x"},"classes":[]},{"id":7184,"url":"https:\/\/www.24baires.com\/?p=7184","url_meta":{"origin":7645,"position":3},"title":"En Olavarr\u00eda, realizar\u00e1n una campa\u00f1a de prevenci\u00f3n del SIDA","author":"AF","date":"29\/11\/2012","format":false,"excerpt":"La actividad se realizar\u00e1 el viernes por la ma\u00f1ana en el Ex Colegio Nacional y en el Paseo Jes\u00fas Mend\u00eda de Olavarr\u00eda. Es organizada por la Secretar\u00eda de Prevenci\u00f3n y Atenci\u00f3n Sanitaria municipal y el grupo interdisciplinario \u201cChesida\u201d perteneciente a la Facultad de Ciencias Sociales. Este viernes se llevar\u00e1 a\u2026","rel":"","context":"En \u00abLocales\u00bb","block_context":{"text":"Locales","link":"https:\/\/www.24baires.com\/?cat=38"},"img":{"alt_text":"","src":"https:\/\/i0.wp.com\/www.24baires.com\/wp-content\/uploads\/2012\/11\/olav-1%C2%BA-dic-241x300.jpg?resize=350%2C200","width":350,"height":200},"classes":[]},{"id":21496,"url":"https:\/\/www.24baires.com\/?p=21496","url_meta":{"origin":7645,"position":4},"title":"Collia y Scioli trabajan con premio Nobel de Medicina para crear un centro de VIH","author":"AF","date":"20\/04\/2013","format":false,"excerpt":"El premio Nobel de Medicina Luc Montagnier comparti\u00f3 anoche una reuni\u00f3n con el gobernador Daniel Scioli y el ministro de Salud, Alejandro Collia, con el objetivo de crear un centro de investigaci\u00f3n en VIH en la provincia de Buenos Aires, que ser\u00eda el sexto en el mundo y el primero\u2026","rel":"","context":"En \u00abSociedad\u00bb","block_context":{"text":"Sociedad","link":"https:\/\/www.24baires.com\/?cat=1"},"img":{"alt_text":"","src":"","width":0,"height":0},"classes":[]},{"id":4979,"url":"https:\/\/www.24baires.com\/?p=4979","url_meta":{"origin":7645,"position":5},"title":"Lomas de Zamora \u00able saca tarjeta roja\u00bb al maltratador con una marat\u00f3n","author":"Grupo Sierra","date":"11\/11\/2012","format":false,"excerpt":"Unos 15000 corredores forman parte de una jornada gratuita y abierta que pretende llamar la atenci\u00f3n sobre la escalada de cr\u00edmenes contra mujeres cometidos en el pa\u00eds. La largada es a las 9.30. La competencia forma parte de la campa\u00f1a internacional \u201csac\u00e1 tarjeta roja al maltratador\u201d. Unas 15000 personas correr\u00e1n\u2026","rel":"","context":"En \u00abSociedad\u00bb","block_context":{"text":"Sociedad","link":"https:\/\/www.24baires.com\/?cat=1"},"img":{"alt_text":"","src":"https:\/\/i0.wp.com\/www.24baires.com\/wp-content\/uploads\/2012\/11\/lomas-flor-12010_1-300x190.jpg?resize=350%2C200","width":350,"height":200},"classes":[]}],"jetpack_sharing_enabled":true,"jetpack_likes_enabled":true,"_links":{"self":[{"href":"https:\/\/www.24baires.com\/index.php?rest_route=\/wp\/v2\/posts\/7645","targetHints":{"allow":["GET"]}}],"collection":[{"href":"https:\/\/www.24baires.com\/index.php?rest_route=\/wp\/v2\/posts"}],"about":[{"href":"https:\/\/www.24baires.com\/index.php?rest_route=\/wp\/v2\/types\/post"}],"author":[{"embeddable":true,"href":"https:\/\/www.24baires.com\/index.php?rest_route=\/wp\/v2\/users\/4"}],"replies":[{"embeddable":true,"href":"https:\/\/www.24baires.com\/index.php?rest_route=%2Fwp%2Fv2%2Fcomments&post=7645"}],"version-history":[{"count":3,"href":"https:\/\/www.24baires.com\/index.php?rest_route=\/wp\/v2\/posts\/7645\/revisions"}],"predecessor-version":[{"id":7654,"href":"https:\/\/www.24baires.com\/index.php?rest_route=\/wp\/v2\/posts\/7645\/revisions\/7654"}],"wp:attachment":[{"href":"https:\/\/www.24baires.com\/index.php?rest_route=%2Fwp%2Fv2%2Fmedia&parent=7645"}],"wp:term":[{"taxonomy":"category","embeddable":true,"href":"https:\/\/www.24baires.com\/index.php?rest_route=%2Fwp%2Fv2%2Fcategories&post=7645"},{"taxonomy":"post_tag","embeddable":true,"href":"https:\/\/www.24baires.com\/index.php?rest_route=%2Fwp%2Fv2%2Ftags&post=7645"}],"curies":[{"name":"wp","href":"https:\/\/api.w.org\/{rel}","templated":true}]}}