{"id":7638,"date":"2012-12-02T20:36:14","date_gmt":"2012-12-02T23:36:14","guid":{"rendered":"http:\/\/www.24baires.com\/?p=7638"},"modified":"2012-12-02T20:38:02","modified_gmt":"2012-12-02T23:38:02","slug":"el-foro-de-medios-en-azul-se-transmitio-por-primera-vez-por-la-antena-de-tv-municipal","status":"publish","type":"post","link":"https:\/\/www.24baires.com\/?p=7638","title":{"rendered":"El Foro de Medios en Azul se transmiti\u00f3 por primera vez por la Antena de TV Municipal"},"content":{"rendered":"<p><img data-recalc-dims=\"1\" loading=\"lazy\" decoding=\"async\" class=\"size-medium wp-image-7648 alignleft\" title=\"foro azul 7D\" src=\"https:\/\/i0.wp.com\/www.24baires.com\/wp-content\/uploads\/2012\/12\/foro-azul-7D.jpg?resize=300%2C225\" alt=\"\" width=\"300\" height=\"225\" srcset=\"https:\/\/i0.wp.com\/www.24baires.com\/wp-content\/uploads\/2012\/12\/foro-azul-7D.jpg?resize=300%2C225&amp;ssl=1 300w, https:\/\/i0.wp.com\/www.24baires.com\/wp-content\/uploads\/2012\/12\/foro-azul-7D.jpg?w=421&amp;ssl=1 421w\" sizes=\"auto, (max-width: 300px) 100vw, 300px\" \/>Con la presencia del Consejero, del Consejo Federal de Comunicaci\u00f3n Audiovisual, Osvaldo Franc\u00e9s, presidente de Asociaci\u00f3n de Radiodifusoras Bonaerenses y del Interior de la Rep\u00fablica Argentina (ARBIA) y de la Confederaci\u00f3n de Radios y Medios de Comunicaci\u00f3n CoRaMeCO, se realiz\u00f3 en la ciudad de Azul un nuevo foro para esclarecer sobre el alcance del 7D.<!--more--><br \/>\nFranc\u00e9s, que lleg\u00f3 a la ciudad acompa\u00f1ado del Secretario de Cultura de ARBIA, Ricardo Elorza y del Tesorero de la C\u00e1mara Argentina de Televisi\u00f3n Digital, Jorge Noguer, fue recibido por el Intendente Municipal, Dr. Jos\u00e9 Manuel Inza y el Presidente del Concejo Deliberante, Dr. Alejandro Lozano con quienes comparti\u00f3 el panel de apertura.<br \/>\nEl mismo cont\u00f3 tambi\u00e9n con la participaci\u00f3n del Delegado Regional de la Afsca, Daniel Salom\u00f3n y entre el p\u00fablico se ubicaron para seguir las exposiciones los concejales, Cristina Crohar\u00e9 , Rodolfo Ranc\u00e9z , Mart\u00edn Laborda , funcionarios municipales y el delegado municipal de Cachar\u00ed.<br \/>\nEl foro se desarroll\u00f3 en el recinto de sesiones del Concejo Deliberante de Azul, y tras el primer panel se conformar\u00f3n otros dos que tuvieron como expositores al docente investigador de la Carrera de Comunicaci\u00f3n Social de la Universidad Nacional del Centro, Jorge Arabito; al Secretario del Interior de ARBIA, Miguel Di Spalatro, al Presidente de la Cooperativa de Trabajos Audiovisuales, Guillermo Fittipaldi y al Secretario de ARBIA, Daniel Ju\u00e1rez.<\/p>\n<p>Luego, Ricardo Elorza present\u00f3 su libro \u201dManuel Belgrano l\u00edder, ide\u00f3logo y combatiente de la revoluci\u00f3n\u201d para finalizar la actividad con la entrega de presentes por parte de ARBIA a la autoridades mientras que el Secretar\u00edo de Turismo,\u00a0Hern\u00e1n Bertellys hizo lo propio entregando un obsequio a los visitantes.<br \/>\nEl encuentro fue moderado por Fernando Wilhelm y por primera vez se transmiti\u00f3 en directo por la antena comunitaria de la Municipalidad de Azul que se encuentra instalada en los estudios de Cablevisi\u00f3n y cuya relocalizaci\u00f3n se viene reclamando por distintos sectores de la comunidad de Azul.<\/p>\n","protected":false},"excerpt":{"rendered":"<p>Con la presencia del Consejero, del Consejo Federal de Comunicaci\u00f3n Audiovisual, Osvaldo Franc\u00e9s, presidente de Asociaci\u00f3n de Radiodifusoras Bonaerenses y del Interior de la Rep\u00fablica Argentina (ARBIA) y de la Confederaci\u00f3n de Radios y Medios de Comunicaci\u00f3n CoRaMeCO, se realiz\u00f3 en la ciudad de Azul un nuevo foro para esclarecer sobre el alcance del 7D.<\/p>\n","protected":false},"author":11,"featured_media":0,"comment_status":"open","ping_status":"open","sticky":false,"template":"","format":"standard","meta":{"_jetpack_newsletter_access":"","_jetpack_dont_email_post_to_subs":false,"_jetpack_newsletter_tier_id":0,"_jetpack_memberships_contains_paywalled_content":false,"_jetpack_memberships_contains_paid_content":false,"footnotes":""},"categories":[54],"tags":[],"class_list":["post-7638","post","type-post","status-publish","format-standard","hentry","category-medios"],"jetpack_featured_media_url":"","jetpack_shortlink":"https:\/\/wp.me\/p2JWE0-1Zc","jetpack-related-posts":[{"id":69835,"url":"https:\/\/www.24baires.com\/?p=69835","url_meta":{"origin":7638,"position":0},"title":"ARBIA expuso en el Foro de S\u00e3o Paulo sobre los medios monop\u00f3licos en el pa\u00eds","author":"Grupo Sierra","date":"31\/07\/2015","format":false,"excerpt":"El proceso de la democratizaci\u00f3n de los medios de comunicaci\u00f3n en la Rep\u00fablica Argentina fue expuesto esta tarde en el marco del Foro de Sao Paulo que sesiona en M\u00e9xico DF. Un panel, del que fue parte el presidente de ARBIA y vicepresidente del CoFeCA, Osvaldo Franc\u00e9s, debati\u00f3 durante cuatro\u2026","rel":"","context":"En \u00abMedios\u00bb","block_context":{"text":"Medios","link":"https:\/\/www.24baires.com\/?cat=54"},"img":{"alt_text":"arbia mexico","src":"https:\/\/i0.wp.com\/www.24baires.com\/wp-content\/uploads\/2015\/07\/arbia-mexico.jpg?resize=350%2C200","width":350,"height":200,"srcset":"https:\/\/i0.wp.com\/www.24baires.com\/wp-content\/uploads\/2015\/07\/arbia-mexico.jpg?resize=350%2C200 1x, https:\/\/i0.wp.com\/www.24baires.com\/wp-content\/uploads\/2015\/07\/arbia-mexico.jpg?resize=525%2C300 1.5x"},"classes":[]},{"id":32653,"url":"https:\/\/www.24baires.com\/?p=32653","url_meta":{"origin":7638,"position":1},"title":"El proyecto de Ley de Tarifa Social para Medios PyMes y Comunitarios se present\u00f3 en Azul","author":"Grupo Sierra","date":"29\/09\/2013","format":false,"excerpt":"Organizado por ARBIA y el Gobierno Municipal de Azul, se realiz\u00f3 en el estudio mayor de Radio Azul, en la ciudad del mismo nombre, la presentaci\u00f3n del proyecto de ley denominado \u201ctarifa social de luz y gas para las radios y canales de televisi\u00f3n comunitarias\u201d. El encuentro fue presidido por\u2026","rel":"","context":"En \u00abMedios\u00bb","block_context":{"text":"Medios","link":"https:\/\/www.24baires.com\/?cat=54"},"img":{"alt_text":"arbia azul tarifa","src":"https:\/\/i0.wp.com\/www.24baires.com\/wp-content\/uploads\/2013\/09\/arbia-azul-tarifa.jpg?resize=350%2C200","width":350,"height":200,"srcset":"https:\/\/i0.wp.com\/www.24baires.com\/wp-content\/uploads\/2013\/09\/arbia-azul-tarifa.jpg?resize=350%2C200 1x, https:\/\/i0.wp.com\/www.24baires.com\/wp-content\/uploads\/2013\/09\/arbia-azul-tarifa.jpg?resize=525%2C300 1.5x"},"classes":[]},{"id":50230,"url":"https:\/\/www.24baires.com\/?p=50230","url_meta":{"origin":7638,"position":2},"title":"M\u00e1s de 100 productoras audiovisuales se reunieron en la sede de ARBIA","author":"Grupo Sierra","date":"19\/07\/2014","format":false,"excerpt":"En la casa central de ARBIA (Asociaci\u00f3n de Radiodifusoras Bonaerenses y del Interior de Argentina) en la ciudad de Mar del Plata, con la asistencia de m\u00e1s de cien realizadores, se concret\u00f3 el Segundo Encuentro Regional de Productoras Audiovisuales organizado por AFSCA y la entidad anfitriona. Representantes de distintas organizaciones\u2026","rel":"","context":"En \u00abMedios\u00bb","block_context":{"text":"Medios","link":"https:\/\/www.24baires.com\/?cat=54"},"img":{"alt_text":"arbia productoras","src":"https:\/\/i0.wp.com\/www.24baires.com\/wp-content\/uploads\/2014\/07\/arbia-productoras.jpg?resize=350%2C200","width":350,"height":200,"srcset":"https:\/\/i0.wp.com\/www.24baires.com\/wp-content\/uploads\/2014\/07\/arbia-productoras.jpg?resize=350%2C200 1x, https:\/\/i0.wp.com\/www.24baires.com\/wp-content\/uploads\/2014\/07\/arbia-productoras.jpg?resize=525%2C300 1.5x"},"classes":[]},{"id":29902,"url":"https:\/\/www.24baires.com\/?p=29902","url_meta":{"origin":7638,"position":3},"title":"Se firm\u00f3 un acuerdo de cooperaci\u00f3n entre ARBIA y la Defensor\u00eda del P\u00fablico","author":"GB","date":"10\/08\/2013","format":false,"excerpt":"La Defensora del P\u00fablico de Servicios de Comunicaci\u00f3n Audiovisual, Lic. Cynthia Ottaviano y el Presidente de ARBIA, Osvaldo Franc\u00e9s, suscribieron la semana pasada, en la sede de la defensor\u00eda en la Capital Federal, un Convenio de Cooperaci\u00f3n Institucional, por el cual se oficializa el trabajo que desde el mismo momento\u2026","rel":"","context":"En \u00abMedios\u00bb","block_context":{"text":"Medios","link":"https:\/\/www.24baires.com\/?cat=54"},"img":{"alt_text":"ARBIA","src":"https:\/\/i0.wp.com\/www.24baires.com\/wp-content\/uploads\/2013\/08\/ARBIA-300x274.jpg?resize=350%2C200","width":350,"height":200},"classes":[]},{"id":7208,"url":"https:\/\/www.24baires.com\/?p=7208","url_meta":{"origin":7638,"position":4},"title":"Foro de Medios en Azul","author":"AF","date":"29\/11\/2012","format":false,"excerpt":"Este viernes 30 se realizar\u00e1 en Azul un Foro Popular y Abierto por la plena aplicaci\u00f3n de la Ley de Medios, bajo el lema \u201cEl 7D todos dentro de la Ley\u201d. Organizado por ARBIA, IMFC, Red PAR, AraMdP y FecoopTV, el foro se desarrollar\u00e1 en el recinto del Honorable Concejo\u2026","rel":"","context":"En \u00abMedios\u00bb","block_context":{"text":"Medios","link":"https:\/\/www.24baires.com\/?cat=54"},"img":{"alt_text":"","src":"","width":0,"height":0},"classes":[]},{"id":10489,"url":"https:\/\/www.24baires.com\/?p=10489","url_meta":{"origin":7638,"position":5},"title":"Asociaciones de licenciatarios de medios pidieron a la Corte que acepte el per saltum","author":"Grupo Sierra","date":"26\/12\/2012","format":false,"excerpt":"As\u00ed lo expresaron el Foro Argentino de Radios Comunitarias (FARCO), la Asociaci\u00f3n de Radiodifusoras Bonaerenses y del Interior (ARBIA) y los Sindicatos de Prensa de Rosario y de Televisi\u00f3n (SATSAID). Las entidades expresaron a la Corte, a trav\u00e9s de su representante legal, Soledad Puj\u00f3, que \"nuestros representados son licenciatarios de\u2026","rel":"","context":"En \u00abMedios\u00bb","block_context":{"text":"Medios","link":"https:\/\/www.24baires.com\/?cat=54"},"img":{"alt_text":"","src":"","width":0,"height":0},"classes":[]}],"jetpack_sharing_enabled":true,"jetpack_likes_enabled":true,"_links":{"self":[{"href":"https:\/\/www.24baires.com\/index.php?rest_route=\/wp\/v2\/posts\/7638","targetHints":{"allow":["GET"]}}],"collection":[{"href":"https:\/\/www.24baires.com\/index.php?rest_route=\/wp\/v2\/posts"}],"about":[{"href":"https:\/\/www.24baires.com\/index.php?rest_route=\/wp\/v2\/types\/post"}],"author":[{"embeddable":true,"href":"https:\/\/www.24baires.com\/index.php?rest_route=\/wp\/v2\/users\/11"}],"replies":[{"embeddable":true,"href":"https:\/\/www.24baires.com\/index.php?rest_route=%2Fwp%2Fv2%2Fcomments&post=7638"}],"version-history":[{"count":3,"href":"https:\/\/www.24baires.com\/index.php?rest_route=\/wp\/v2\/posts\/7638\/revisions"}],"predecessor-version":[{"id":7655,"href":"https:\/\/www.24baires.com\/index.php?rest_route=\/wp\/v2\/posts\/7638\/revisions\/7655"}],"wp:attachment":[{"href":"https:\/\/www.24baires.com\/index.php?rest_route=%2Fwp%2Fv2%2Fmedia&parent=7638"}],"wp:term":[{"taxonomy":"category","embeddable":true,"href":"https:\/\/www.24baires.com\/index.php?rest_route=%2Fwp%2Fv2%2Fcategories&post=7638"},{"taxonomy":"post_tag","embeddable":true,"href":"https:\/\/www.24baires.com\/index.php?rest_route=%2Fwp%2Fv2%2Ftags&post=7638"}],"curies":[{"name":"wp","href":"https:\/\/api.w.org\/{rel}","templated":true}]}}