{"id":7623,"date":"2012-12-02T17:55:41","date_gmt":"2012-12-02T20:55:41","guid":{"rendered":"http:\/\/www.24baires.com\/?p=7623"},"modified":"2012-12-03T14:29:25","modified_gmt":"2012-12-03T17:29:25","slug":"un-dia-antes-del-7d-se-reunen-scioli-y-macri-con-la-excusa-de-la-basura","status":"publish","type":"post","link":"https:\/\/www.24baires.com\/?p=7623","title":{"rendered":"Un d\u00eda antes del 7D se re\u00fanen Scioli y Macri con la excusa de la basura"},"content":{"rendered":"<p>Tras los duros cruces -p\u00fablicos al menos-, entre los mandatarios porte\u00f1o y bonaerense, el titular de Desarrollo Sustentable de la provincia de Buenos Aires, Hugo Bilbao, confirm\u00f3 que Mauricio Macri y Daniel Scioli mantendr\u00e1n un encuentro el pr\u00f3ximo 6 de diciembre, para intentar avanzar en la discusi\u00f3n de la Coordinaci\u00f3n Ecol\u00f3gica \u00c1rea Metropolitana Sociedad del Estado (Ceamse).<!--more--><\/p>\n<p>Luego de los cruces verbales que ambos mandatarios mantuvieron esta semana por la situaci\u00f3n de la basura en la Ciudad, el gobernador bonaerense, Daniel Scioli, y el jefe de Gobierno porte\u00f1o, Mauricio Macri se reunir\u00e1n este jueves a las 9:30 de la ma\u00f1ana para intentar avanzar en la discusi\u00f3n.<\/p>\n<p>El encuentro entre ambos mandatarios en torno al desecho de residuos de la Ciudad de Buenos Aires en la Coordinaci\u00f3n Ecol\u00f3gica \u00c1rea Metropolitana Sociedad del Estado (Ceamse) fue confirmado por el director de Desarrollo Sustentable de la provincia, Hugo Bilbao.<\/p>\n<p>\u00abEl gobernador ha dicho basta a estos excesos que la Ciudad de Buenos Aires est\u00e1 depositando en la provincia. Si la Ciudad ten\u00eda un compromiso de depositar, conforme la Ley de Basura Cero, 750 mil toneladas, y en realidad est\u00e1 disponiendo 2.150 mil (toneladas) eso significa un excedente de 1.400 toneladas. Son 175 mil camiones de basura m\u00e1s\u00bb, se\u00f1al\u00f3 Bilbao.<\/p>\n<p>&nbsp;<\/p>\n<p>&nbsp;<\/p>\n<p>&nbsp;<\/p>\n<p>&nbsp;<\/p>\n<p>&nbsp;<\/p>\n<p>&nbsp;<\/p>\n<p>&nbsp;<\/p>\n<p>&nbsp;<\/p>\n<p>&nbsp;<\/p>\n<p>&nbsp;<\/p>\n<p>&nbsp;<\/p>\n<p>&nbsp;<\/p>\n<p>&nbsp;<\/p>\n<p>&nbsp;<\/p>\n","protected":false},"excerpt":{"rendered":"<p>Tras los duros cruces -p\u00fablicos al menos-, entre los mandatarios porte\u00f1o y bonaerense, el titular de Desarrollo Sustentable de la provincia de Buenos Aires, Hugo Bilbao, confirm\u00f3 que Mauricio Macri y Daniel Scioli mantendr\u00e1n un encuentro el pr\u00f3ximo 6 de diciembre, para intentar avanzar en la discusi\u00f3n de la Coordinaci\u00f3n Ecol\u00f3gica \u00c1rea Metropolitana Sociedad del Estado (Ceamse).<\/p>\n","protected":false},"author":11,"featured_media":0,"comment_status":"open","ping_status":"open","sticky":false,"template":"","format":"standard","meta":{"_jetpack_newsletter_access":"","_jetpack_dont_email_post_to_subs":false,"_jetpack_newsletter_tier_id":0,"_jetpack_memberships_contains_paywalled_content":false,"_jetpack_memberships_contains_paid_content":false,"footnotes":""},"categories":[40],"tags":[],"class_list":["post-7623","post","type-post","status-publish","format-standard","hentry","category-provincia"],"jetpack_featured_media_url":"","jetpack_shortlink":"https:\/\/wp.me\/p2JWE0-1YX","jetpack-related-posts":[{"id":8855,"url":"https:\/\/www.24baires.com\/?p=8855","url_meta":{"origin":7623,"position":0},"title":"Provincia y Capital firmaron el acuerdo por los residuos","author":"Grupo Sierra","date":"12\/12\/2012","format":false,"excerpt":"LA PLATA-\u00a0De esta forma, qued\u00f3 sellado el acuerdo de palabra entre Daniel Scioli y Mauricio Macri, quien se hab\u00eda comprometido a reducir en un a\u00f1o y medio un 78% la producci\u00f3n de basura que la ciudad aut\u00f3noma deposita en rellenos sanitarios ubicados en territorio bonaerense. Cerca de este mediod\u00eda en\u2026","rel":"","context":"En \u00abProvincia\u00bb","block_context":{"text":"Provincia","link":"https:\/\/www.24baires.com\/?cat=40"},"img":{"alt_text":"","src":"","width":0,"height":0},"classes":[]},{"id":11097,"url":"https:\/\/www.24baires.com\/?p=11097","url_meta":{"origin":7623,"position":1},"title":"Ahora Scioli y Macri inauguran obras juntos","author":"Grupo Sierra","date":"03\/01\/2013","format":false,"excerpt":"PARTIDO DE SAN MART\u00cdN.- Ambos mandatarios rechazaron que el acto en conjunto tenga un sentido pol\u00edtico o electoral y hablaron de \"trabajar en equipo\" en funci\u00f3n de pol\u00edticas que ataquen la problem\u00e1tica del cambio clim\u00e1tico. Inauguraron hoy una planta de tratamiento de residuos en la localidad de Jos\u00e9 Le\u00f3n Su\u00e1rez\u2026","rel":"","context":"En \u00abPol\u00edtica\u00bb","block_context":{"text":"Pol\u00edtica","link":"https:\/\/www.24baires.com\/?cat=51"},"img":{"alt_text":"scioli macri j l suarez","src":"https:\/\/i0.wp.com\/www.24baires.com\/wp-content\/uploads\/2013\/01\/scioli-macri-j-l-suarez1-300x196.jpg?resize=350%2C200","width":350,"height":200},"classes":[]},{"id":7516,"url":"https:\/\/www.24baires.com\/?p=7516","url_meta":{"origin":7623,"position":2},"title":"Macri le pidi\u00f3 a Scioli \u00abno kirchnerizar\u00bb la discusi\u00f3n por la basura","author":"AF","date":"01\/12\/2012","format":false,"excerpt":"El jefe de Gobierno porte\u00f1o, Mauricio Macri, pidi\u00f3 este s\u00e1bado al gobernador bonaerense, Daniel Scioli, \"no kirchnerizar\" la discusi\u00f3n por la basura con \"agresiones\", en momentos en que contin\u00faan los cruces entre funcionarios y la Naci\u00f3n se mete en la disputa. La pol\u00e9mica se desat\u00f3 a partir del reclamo que\u2026","rel":"","context":"En \u00abPol\u00edtica\u00bb","block_context":{"text":"Pol\u00edtica","link":"https:\/\/www.24baires.com\/?cat=51"},"img":{"alt_text":"","src":"https:\/\/i0.wp.com\/www.24baires.com\/wp-content\/uploads\/2012\/12\/macri-scioli.jpg?resize=350%2C200","width":350,"height":200,"srcset":"https:\/\/i0.wp.com\/www.24baires.com\/wp-content\/uploads\/2012\/12\/macri-scioli.jpg?resize=350%2C200 1x, https:\/\/i0.wp.com\/www.24baires.com\/wp-content\/uploads\/2012\/12\/macri-scioli.jpg?resize=525%2C300 1.5x"},"classes":[]},{"id":7430,"url":"https:\/\/www.24baires.com\/?p=7430","url_meta":{"origin":7623,"position":3},"title":"El show de la basura entre Scioli y Macri sigui\u00f3 este viernes en Twitter","author":"Grupo Sierra","date":"30\/11\/2012","format":false,"excerpt":"La supuesta disputa entre el gobernador bonaerense, Daniel Scioli y el jefe de Gobierno porte\u00f1o, Mauricio Macri, por el cumplimiento de la Ley de Basura cero, dej\u00f3 el escenario de las cartas y se centr\u00f3 este viernes en un cruce en la red social Twitter, donde el mandatario provincial puso\u2026","rel":"","context":"En \u00abPol\u00edtica\u00bb","block_context":{"text":"Pol\u00edtica","link":"https:\/\/www.24baires.com\/?cat=51"},"img":{"alt_text":"","src":"","width":0,"height":0},"classes":[]},{"id":7249,"url":"https:\/\/www.24baires.com\/?p=7249","url_meta":{"origin":7623,"position":4},"title":"La Guerra de la Basura: Scioli intima a Macri","author":"Grupo Sierra","date":"29\/11\/2012","format":false,"excerpt":"LA PLATA-\u00a0El gobernador bonaerense envi\u00f3 una carta al jefe de Gobierno porte\u00f1o para exigirle que reduzca la cantidad de residuos que la Capital Federal env\u00eda a la provincia. En medio de la pol\u00e9mica, ma\u00f1ana viernes, \u00a0Macri visitar\u00e1 La Plata para reunirse con j\u00f3venes del Pro. El gobernador Daniel Scioli intim\u00f3\u2026","rel":"","context":"En \u00abPol\u00edtica\u00bb","block_context":{"text":"Pol\u00edtica","link":"https:\/\/www.24baires.com\/?cat=51"},"img":{"alt_text":"","src":"https:\/\/i0.wp.com\/www.24baires.com\/wp-content\/uploads\/2012\/11\/relleno_sanitario-300x225.gif?resize=350%2C200","width":350,"height":200},"classes":[]},{"id":36175,"url":"https:\/\/www.24baires.com\/?p=36175","url_meta":{"origin":7623,"position":5},"title":"\u201cEs muy trascendente marcar una agenda de progreso\u201d asegur\u00f3 Capitanich","author":"GB","date":"03\/12\/2013","format":false,"excerpt":"El jefe de Gabinete se reuni\u00f3 en la Casa Rosada con el jefe de Gobierno de la Ciudad de Buenos Aires, Mauricio Macri, quien arrib\u00f3 acompa\u00f1ado por Horacio Rodr\u00edguez Larreta. \"Estamos bien encaminados y avanzando progresivamente en esta agenda\", enfatiz\u00f3 Capitanich al hablar con los periodistas, junto a Macri, en\u2026","rel":"","context":"En \u00abPol\u00edtica\u00bb","block_context":{"text":"Pol\u00edtica","link":"https:\/\/www.24baires.com\/?cat=51"},"img":{"alt_text":"capitanich y macri","src":"https:\/\/i0.wp.com\/www.24baires.com\/wp-content\/uploads\/2013\/12\/capitanich-y-macri.jpg?resize=350%2C200","width":350,"height":200,"srcset":"https:\/\/i0.wp.com\/www.24baires.com\/wp-content\/uploads\/2013\/12\/capitanich-y-macri.jpg?resize=350%2C200 1x, https:\/\/i0.wp.com\/www.24baires.com\/wp-content\/uploads\/2013\/12\/capitanich-y-macri.jpg?resize=525%2C300 1.5x"},"classes":[]}],"jetpack_sharing_enabled":true,"jetpack_likes_enabled":true,"_links":{"self":[{"href":"https:\/\/www.24baires.com\/index.php?rest_route=\/wp\/v2\/posts\/7623","targetHints":{"allow":["GET"]}}],"collection":[{"href":"https:\/\/www.24baires.com\/index.php?rest_route=\/wp\/v2\/posts"}],"about":[{"href":"https:\/\/www.24baires.com\/index.php?rest_route=\/wp\/v2\/types\/post"}],"author":[{"embeddable":true,"href":"https:\/\/www.24baires.com\/index.php?rest_route=\/wp\/v2\/users\/11"}],"replies":[{"embeddable":true,"href":"https:\/\/www.24baires.com\/index.php?rest_route=%2Fwp%2Fv2%2Fcomments&post=7623"}],"version-history":[{"count":3,"href":"https:\/\/www.24baires.com\/index.php?rest_route=\/wp\/v2\/posts\/7623\/revisions"}],"predecessor-version":[{"id":7626,"href":"https:\/\/www.24baires.com\/index.php?rest_route=\/wp\/v2\/posts\/7623\/revisions\/7626"}],"wp:attachment":[{"href":"https:\/\/www.24baires.com\/index.php?rest_route=%2Fwp%2Fv2%2Fmedia&parent=7623"}],"wp:term":[{"taxonomy":"category","embeddable":true,"href":"https:\/\/www.24baires.com\/index.php?rest_route=%2Fwp%2Fv2%2Fcategories&post=7623"},{"taxonomy":"post_tag","embeddable":true,"href":"https:\/\/www.24baires.com\/index.php?rest_route=%2Fwp%2Fv2%2Ftags&post=7623"}],"curies":[{"name":"wp","href":"https:\/\/api.w.org\/{rel}","templated":true}]}}