{"id":7615,"date":"2012-12-02T17:59:50","date_gmt":"2012-12-02T20:59:50","guid":{"rendered":"http:\/\/www.24baires.com\/?p=7615"},"modified":"2012-12-03T12:05:31","modified_gmt":"2012-12-03T15:05:31","slug":"vila-manzano-cristobal-lopez-los-ick-y-aldrey-presentaron-propuestas-a-la-afsca","status":"publish","type":"post","link":"https:\/\/www.24baires.com\/?p=7615","title":{"rendered":"Vila-Manzano, Crist\u00f3bal L\u00f3pez, los Ick y Aldrey presentaron propuestas a la AFSCA"},"content":{"rendered":"<p><img data-recalc-dims=\"1\" loading=\"lazy\" decoding=\"async\" class=\"aligncenter size-full wp-image-7618\" title=\"sababtella propuestas\" src=\"https:\/\/i0.wp.com\/www.24baires.com\/wp-content\/uploads\/2012\/12\/sababtella-propuestas.jpg?resize=560%2C335\" alt=\"\" width=\"560\" height=\"335\" srcset=\"https:\/\/i0.wp.com\/www.24baires.com\/wp-content\/uploads\/2012\/12\/sababtella-propuestas.jpg?w=560&amp;ssl=1 560w, https:\/\/i0.wp.com\/www.24baires.com\/wp-content\/uploads\/2012\/12\/sababtella-propuestas.jpg?resize=300%2C179&amp;ssl=1 300w\" sizes=\"auto, (max-width: 560px) 100vw, 560px\" \/><\/p>\n<p>En el marco del proceso de adecuaci\u00f3n a la ley 26.522, varios grupos que explotan licencias de radio y televisi\u00f3n presentaron a fines de esta semana sus propuestas ante la AFSCA. En la Provincia el empresario marplatense Aldrey Iglesias reconoci\u00f3 ser socio del\u00a0Grupo Clar\u00edn y que se desprender\u00eda de dos de sus tres AM y nada dijo de sus tres FM.\u00a0<!--more--><br \/>\nEstas propuestas est\u00e1n sujetas al an\u00e1lisis del organismo que preside Mart\u00edn Sabbatella. Los grupos Uno, Indalo, Radiovisi\u00f3n Jujuy, La Capital e Ick, ya presentaron sus planes de adecuaci\u00f3n, inform\u00f3 la Autoridad Federal de Servicios de Comunicaci\u00f3n Audiovisual (AFSCA) a trav\u00e9s de un comunicado.<\/p>\n<p>En este sentido, el Grupo Uno \u00abpropone disolver el actual grupo y dividir entre sus socios originales parte de las licencias conformando nuevas unidades productivas a cargo de cada socio o en vinculaciones que, a t\u00edtulo personal, no presentan incompatibilidades entre s\u00ed\u00bb.<\/p>\n<p>Adem\u00e1s, prev\u00e9 transferir 11 licencias de medios y vender 16 licencias y 3 registros.<\/p>\n<p>\u00abEsta es, en trazos generales, la conformaci\u00f3n propuesta: Supercanal (su empresa de cable en concurso judicial) quedar\u00eda con 18 licencias de cable con la participaci\u00f3n de Jos\u00e9 Luis Manzano en un 7,5 % de las acciones y el resto distribuida entre los acreedores del concurso homologado y otros socios minoritarios\u00bb, precisa el informe.<\/p>\n<p>Alfredo Vila Santander, por su parte, \u00abconformar\u00eda una nueva sociedad independiente de SC, con la cual operar\u00eda 15 licencias de cable junto con 7 licencias de radios en el interior del pa\u00eds\u00bb.<\/p>\n<p>A su vez, junto a Daniel Vila, \u00abse har\u00edan cargo de una sociedad que explota dos canales de televisi\u00f3n y una radio en la zona de cuyo\u00bb, se\u00f1ala a continuaci\u00f3n.<\/p>\n<p>Por su parte, \u00abDaniel Vila junto a Jos\u00e9 Luis Manzano, compartir\u00edan la sociedad que opera seis licencias, entre las que se encuentran Am\u00e9rica TV (con otros socios) y radio La Red, junto a otras del interior. Barbarita Vila asumir\u00eda la titularidad de una licencia de una radio de FM en Cuyo\u00bb, expresa el comunicado.<\/p>\n<p>Por otra parte, prev\u00e9n transferir 11 licencias: una licencia satelital, siete licencias de cable y tres licencias de radio a distintos ex socios minoritarios del Grupo Uno.<\/p>\n<p>Pondr\u00e1n asimismo a la venta 16 licencias: 8 de cable, 2 canales de TV abierta (Jun\u00edn y San Rafael) y 6 estaciones de radio (entre ellas La Red Rosario, FM Tupungato y FM Brava). Y tambi\u00e9n pondr\u00e1n a la venta 3 registros de se\u00f1ales, entre ellas Am\u00e9rica 24.<\/p>\n<p>\u00abEn tanto, el Grupo Indalo, que adquiri\u00f3 el control societario a Daniel Hadad de parte de las empresas que explotaban licencias de medios audiovisuales de manera condicionada a la aprobaci\u00f3n de la AFSCA, propone transferir 2 licencias de FM en CABA y la se\u00f1al de UHF a fin de quedar enmarcada en lo establecido en la ley 26.522\u00bb, precisa el comunicado de AFSCA.<\/p>\n<p>A su vez, el Grupo La Capital, de Mar del Plata \u00aben una revisi\u00f3n de la AFSCA posterior a la presentaci\u00f3n p\u00fablica de los diversos grupos que deb\u00edan adecuarse, se incorpor\u00f3 a La Capital\u00bb.<\/p>\n<p>\u00abEste grupo encabezado por el empresario Aldrey Iglesias, titular de varias licencias de radio en la ciudad de Mar del Plata, entre otras, propone desprenderse de 2 emisoras de AM que se encuentran en incompatibilidad con la ley\u00bb, indica.<\/p>\n<p>\u00abMantiene su participaci\u00f3n en la licencia de servicio de cable que opera, en esa ciudad, en sociedad con el Grupo Clar\u00edn\u00bb, dice.<\/p>\n<p>El Grupo Radiovisi\u00f3n Jujuy \u00abha propuesto desprenderse de la licencia de UHF operativa en la ciudad de San Salvador de Jujuy\u00bb.<\/p>\n<p>Fue presentada ante la AFSCA \u00abla documentaci\u00f3n respecto a la situaci\u00f3n de las licencias de radio que opera en la ciudad capital y las de Perico y General San Mart\u00edn, indicando que se encontrar\u00edan dentro del marco de la ley\u00bb, a\u00f1ade.<\/p>\n<p>El Grupo Ick, de Santiago del Estero, \u00abha propuesto una desvinculaci\u00f3n societaria entre sus accionistas a fin de cumplimentar con lo establecido por la ley\u00bb, expresa el comunicado.<\/p>\n<p>De este modo, N\u00e9stor Ick -su principal accionista- \u00abreducir\u00eda su participaci\u00f3n accionaria en la empresa de energ\u00eda local a un porcentaje menor al 10%, tal como establece la ley, y transfiere su participaci\u00f3n en la licencia de cable que opera en la ciudad de Santiago del Estero, quedando con el control de la licencia de CASTV, canal 7, y una licencia de radio en la misma ciudad\u00bb.<\/p>\n<p>\u00abLa participaci\u00f3n en el cable (compartida con Supercanal) ser\u00e1 transferida. Gustavo Ick se har\u00eda cargo del control mayoritario en la empresa de energ\u00eda dejando su participaci\u00f3n en las licencias de servicios audiovisuales\u00bb, se\u00f1ala luego.<\/p>\n<p>La AFSCA record\u00f3 que los grupos tienen tiempo de presentar sus propuestas de adecuaci\u00f3n hasta el viernes 7 de diciembre, fecha l\u00edmite establecida por la Corte Suprema de Justicia de la Naci\u00f3n.<\/p>\n<p>Las propuestas ser\u00e1n analizadas por el organismo, y en el caso de que existan observaciones, los grupos tendr\u00e1n 10 d\u00edas para realizar las correcciones. Luego ser\u00e1n tratadas en el directorio de la AFSCA.<\/p>\n<p>&nbsp;<\/p>\n<p>&nbsp;<\/p>\n<p>&nbsp;<\/p>\n<p>&nbsp;<\/p>\n<p>&nbsp;<\/p>\n<p>&nbsp;<\/p>\n","protected":false},"excerpt":{"rendered":"<p>En el marco del proceso de adecuaci\u00f3n a la ley 26.522, varios grupos que explotan licencias de radio y televisi\u00f3n presentaron a fines de esta semana sus propuestas ante la AFSCA. En la Provincia el empresario marplatense Aldrey Iglesias reconoci\u00f3 ser socio del\u00a0Grupo Clar\u00edn y que se desprender\u00eda de dos de sus tres AM y nada dijo de sus tres [&#8230;]<\/p>\n","protected":false},"author":11,"featured_media":0,"comment_status":"open","ping_status":"open","sticky":false,"template":"","format":"standard","meta":{"_jetpack_newsletter_access":"","_jetpack_dont_email_post_to_subs":false,"_jetpack_newsletter_tier_id":0,"_jetpack_memberships_contains_paywalled_content":false,"_jetpack_memberships_contains_paid_content":false,"footnotes":""},"categories":[54],"tags":[],"class_list":["post-7615","post","type-post","status-publish","format-standard","hentry","category-medios"],"jetpack_featured_media_url":"","jetpack_shortlink":"https:\/\/wp.me\/p2JWE0-1YP","jetpack-related-posts":[{"id":40584,"url":"https:\/\/www.24baires.com\/?p=40584","url_meta":{"origin":7615,"position":0},"title":"\u00abSe terminaron los privilegios para el gigante de los medios\u00bb, afirm\u00f3 Sabbatella","author":"GB","date":"17\/02\/2014","format":false,"excerpt":"El titular de la Autoridad Federal de Servicios de Comunicaci\u00f3n Audiovisual (Afsca), Mart\u00edn Sabbatella, se refiri\u00f3 as\u00ed a la aprobaci\u00f3n del plan que hiciera el Grupo Clar\u00edn para adecuarse a la ley de medios. \"Es el inicio del fin de las posiciones hegem\u00f3nicas en el mercado de la comunicaci\u00f3n que\u2026","rel":"","context":"En \u00abMedios\u00bb","block_context":{"text":"Medios","link":"https:\/\/www.24baires.com\/?cat=54"},"img":{"alt_text":"","src":"","width":0,"height":0},"classes":[]},{"id":21072,"url":"https:\/\/www.24baires.com\/?p=21072","url_meta":{"origin":7615,"position":1},"title":"El Directorio de la AFSCA pospuso propuestas de adecuaci\u00f3n a pedido de Marcelo Stubrin","author":"Grupo Sierra","date":"15\/04\/2013","format":false,"excerpt":"El directorio de la Autoridad Federal de Servicios de Comunicaci\u00f3n Audiovisual (AFSCA) se reuni\u00f3 esta ma\u00f1ana para dar tratamiento a 134 expedientes entre los que se destacaban adjudicaciones de licencias y autorizaciones, planes de adecuaci\u00f3n y la aplicaci\u00f3n de multas e inhabilitaciones. El presidente del organismo Mart\u00edn Sabbatella propuso pasar\u2026","rel":"","context":"En \u00abMedios\u00bb","block_context":{"text":"Medios","link":"https:\/\/www.24baires.com\/?cat=54"},"img":{"alt_text":"AFSCA REUNION DIRECTORIO","src":"https:\/\/i0.wp.com\/www.24baires.com\/wp-content\/uploads\/2013\/04\/AFSCA-REUNION-DIRECTORIO.jpg?resize=350%2C200","width":350,"height":200,"srcset":"https:\/\/i0.wp.com\/www.24baires.com\/wp-content\/uploads\/2013\/04\/AFSCA-REUNION-DIRECTORIO.jpg?resize=350%2C200 1x, https:\/\/i0.wp.com\/www.24baires.com\/wp-content\/uploads\/2013\/04\/AFSCA-REUNION-DIRECTORIO.jpg?resize=525%2C300 1.5x"},"classes":[]},{"id":40649,"url":"https:\/\/www.24baires.com\/?p=40649","url_meta":{"origin":7615,"position":2},"title":"Con la Ley o sin ella, todo sigue igual en los medios de Mar del Plata","author":"Grupo Sierra","date":"18\/02\/2014","format":false,"excerpt":"MAR DEL PLATA- Durante la jornada de este lunes, la Autoridad Federal de Servicios de Comunicaci\u00f3n Audiovisual (Afsca) aprob\u00f3 el plan de readecuaci\u00f3n propuesto por el Multimedios La Capital, propiedad de Florencio Aldrey Iglesias. En resumen, todo sigue igual: las licencias excedentes se repartieron entre amigos, familiares y empleados. La\u2026","rel":"","context":"En \u00abLocales\u00bb","block_context":{"text":"Locales","link":"https:\/\/www.24baires.com\/?cat=38"},"img":{"alt_text":"Aldrey 1","src":"https:\/\/i0.wp.com\/www.24baires.com\/wp-content\/uploads\/2014\/02\/Aldrey-1.jpg?resize=350%2C200","width":350,"height":200,"srcset":"https:\/\/i0.wp.com\/www.24baires.com\/wp-content\/uploads\/2014\/02\/Aldrey-1.jpg?resize=350%2C200 1x, https:\/\/i0.wp.com\/www.24baires.com\/wp-content\/uploads\/2014\/02\/Aldrey-1.jpg?resize=525%2C300 1.5x"},"classes":[]},{"id":34549,"url":"https:\/\/www.24baires.com\/?p=34549","url_meta":{"origin":7615,"position":3},"title":"Sabbatella: \u00abno vamos a esperar ni un minuto porque es una deuda de hace 30 a\u00f1os\u00bb","author":"GB","date":"03\/11\/2013","format":false,"excerpt":"El presidente de la Autoridad Federal de Servicios de Comunicaci\u00f3n Audiovisual (Afsca) Mart\u00edn Sabbatella se refiri\u00f3 as\u00ed a la adecuaci\u00f3n de oficio del Grupo Clar\u00edn a la ley de Medios y reafirm\u00f3 que la normativa \"busca que est\u00e9n todas las voces\". \"No vamos a esperar ni un minuto, porque ya\u2026","rel":"","context":"En \u00abMedios\u00bb","block_context":{"text":"Medios","link":"https:\/\/www.24baires.com\/?cat=54"},"img":{"alt_text":"sabbatella desafio","src":"https:\/\/i0.wp.com\/www.24baires.com\/wp-content\/uploads\/2012\/10\/sabbatella-desafio.jpg?resize=350%2C200","width":350,"height":200,"srcset":"https:\/\/i0.wp.com\/www.24baires.com\/wp-content\/uploads\/2012\/10\/sabbatella-desafio.jpg?resize=350%2C200 1x, https:\/\/i0.wp.com\/www.24baires.com\/wp-content\/uploads\/2012\/10\/sabbatella-desafio.jpg?resize=525%2C300 1.5x"},"classes":[]},{"id":17452,"url":"https:\/\/www.24baires.com\/?p=17452","url_meta":{"origin":7615,"position":4},"title":"La AFSCA aprob\u00f3 cuatro planes de adecuaci\u00f3n m\u00e1s a la Ley de Medios","author":"AF","date":"04\/03\/2013","format":false,"excerpt":"Se trata de las propuestas presentadas por Hadad-Indalo (Gerardo Daniel Hadad, Viviana Mabel Zocco y South Media Investment), Cadena 3, la Asociaci\u00f3n Mutual del Magisterio de Santa Fe \u201cAngelita Peralta Pinos\u201d y Eteco SRL. Estas se suman a los tres planes autorizados en enero pasado. El directorio de la Autoridad\u2026","rel":"","context":"En \u00abMedios\u00bb","block_context":{"text":"Medios","link":"https:\/\/www.24baires.com\/?cat=54"},"img":{"alt_text":"sabbatella trabajadores TN","src":"https:\/\/i0.wp.com\/www.24baires.com\/wp-content\/uploads\/2012\/11\/sabbatella-trabajadores-TN.jpg?resize=350%2C200","width":350,"height":200,"srcset":"https:\/\/i0.wp.com\/www.24baires.com\/wp-content\/uploads\/2012\/11\/sabbatella-trabajadores-TN.jpg?resize=350%2C200 1x, https:\/\/i0.wp.com\/www.24baires.com\/wp-content\/uploads\/2012\/11\/sabbatella-trabajadores-TN.jpg?resize=525%2C300 1.5x"},"classes":[]},{"id":13471,"url":"https:\/\/www.24baires.com\/?p=13471","url_meta":{"origin":7615,"position":5},"title":"La AFSCA aprob\u00f3 ya tres de los veinte planes de adecuaci\u00f3n a la Ley de Medios presentados","author":"Grupo Sierra","date":"24\/01\/2013","format":false,"excerpt":"El directorio de la Autoridad Federal de Servicios de Comunicaci\u00f3n Audiovisual aprob\u00f3 hoy tres de los casi 20 planes de adecuaci\u00f3n a la ley 26.522 presentados a principios de diciembre por grupos empresarios medi\u00e1ticos, seg\u00fan inform\u00f3 a trav\u00e9s de un comunicado. \u201cTodos los grupos menos Clar\u00edn presentaron sus planes de\u2026","rel":"","context":"En \u00abMedios\u00bb","block_context":{"text":"Medios","link":"https:\/\/www.24baires.com\/?cat=54"},"img":{"alt_text":"sabbatella desafio","src":"https:\/\/i0.wp.com\/www.24baires.com\/wp-content\/uploads\/2012\/10\/sabbatella-desafio.jpg?resize=350%2C200","width":350,"height":200,"srcset":"https:\/\/i0.wp.com\/www.24baires.com\/wp-content\/uploads\/2012\/10\/sabbatella-desafio.jpg?resize=350%2C200 1x, https:\/\/i0.wp.com\/www.24baires.com\/wp-content\/uploads\/2012\/10\/sabbatella-desafio.jpg?resize=525%2C300 1.5x"},"classes":[]}],"jetpack_sharing_enabled":true,"jetpack_likes_enabled":true,"_links":{"self":[{"href":"https:\/\/www.24baires.com\/index.php?rest_route=\/wp\/v2\/posts\/7615","targetHints":{"allow":["GET"]}}],"collection":[{"href":"https:\/\/www.24baires.com\/index.php?rest_route=\/wp\/v2\/posts"}],"about":[{"href":"https:\/\/www.24baires.com\/index.php?rest_route=\/wp\/v2\/types\/post"}],"author":[{"embeddable":true,"href":"https:\/\/www.24baires.com\/index.php?rest_route=\/wp\/v2\/users\/11"}],"replies":[{"embeddable":true,"href":"https:\/\/www.24baires.com\/index.php?rest_route=%2Fwp%2Fv2%2Fcomments&post=7615"}],"version-history":[{"count":3,"href":"https:\/\/www.24baires.com\/index.php?rest_route=\/wp\/v2\/posts\/7615\/revisions"}],"predecessor-version":[{"id":7622,"href":"https:\/\/www.24baires.com\/index.php?rest_route=\/wp\/v2\/posts\/7615\/revisions\/7622"}],"wp:attachment":[{"href":"https:\/\/www.24baires.com\/index.php?rest_route=%2Fwp%2Fv2%2Fmedia&parent=7615"}],"wp:term":[{"taxonomy":"category","embeddable":true,"href":"https:\/\/www.24baires.com\/index.php?rest_route=%2Fwp%2Fv2%2Fcategories&post=7615"},{"taxonomy":"post_tag","embeddable":true,"href":"https:\/\/www.24baires.com\/index.php?rest_route=%2Fwp%2Fv2%2Ftags&post=7615"}],"curies":[{"name":"wp","href":"https:\/\/api.w.org\/{rel}","templated":true}]}}