{"id":7610,"date":"2012-12-02T15:41:51","date_gmt":"2012-12-02T18:41:51","guid":{"rendered":"http:\/\/www.24baires.com\/?p=7610"},"modified":"2012-12-02T15:41:51","modified_gmt":"2012-12-02T18:41:51","slug":"mauro-giallombardo-con-su-ford-es-el-nuevo-campeon-del-tc","status":"publish","type":"post","link":"https:\/\/www.24baires.com\/?p=7610","title":{"rendered":"Mauro Giallombardo con su Ford es el nuevo Campe\u00f3n del TC"},"content":{"rendered":"<p><img data-recalc-dims=\"1\" loading=\"lazy\" decoding=\"async\" class=\"aligncenter size-full wp-image-7611\" title=\"giallombardo\" src=\"https:\/\/i0.wp.com\/www.24baires.com\/wp-content\/uploads\/2012\/12\/giallombardo.jpg?resize=560%2C335\" alt=\"\" width=\"560\" height=\"335\" srcset=\"https:\/\/i0.wp.com\/www.24baires.com\/wp-content\/uploads\/2012\/12\/giallombardo.jpg?w=560&amp;ssl=1 560w, https:\/\/i0.wp.com\/www.24baires.com\/wp-content\/uploads\/2012\/12\/giallombardo.jpg?resize=300%2C179&amp;ssl=1 300w\" sizes=\"auto, (max-width: 560px) 100vw, 560px\" \/><\/p>\n<p>El piloto de Bernal, que necesitaba por reglamento una victoria para acceder a la corona, se impuso en la prueba final de la popular categor\u00eda, desarrollada hoy en el aut\u00f3dromo Roberto Mouras de La Plata, y se qued\u00f3 con toda la gloria del TC 2012.<!--more--><br \/>\nDetr\u00e1s de Giallombardo finalizaron Guillermo Ortelli (Chevrolet) y Juan Manuel Silva (Ford Falcon).<br \/>\nMat\u00edas Rossi, que defend\u00eda el t\u00edtulo y lleg\u00f3 a la prueba como l\u00edder de la Copa de Oro, debi\u00f3 abandonar en la segunda serie.<\/p>\n","protected":false},"excerpt":{"rendered":"<p>El piloto de Bernal, que necesitaba por reglamento una victoria para acceder a la corona, se impuso en la prueba final de la popular categor\u00eda, desarrollada hoy en el aut\u00f3dromo Roberto Mouras de La Plata, y se qued\u00f3 con toda la gloria del TC 2012.<\/p>\n","protected":false},"author":11,"featured_media":0,"comment_status":"open","ping_status":"open","sticky":false,"template":"","format":"standard","meta":{"_jetpack_newsletter_access":"","_jetpack_dont_email_post_to_subs":false,"_jetpack_newsletter_tier_id":0,"_jetpack_memberships_contains_paywalled_content":false,"_jetpack_memberships_contains_paid_content":false,"footnotes":""},"categories":[12],"tags":[],"class_list":["post-7610","post","type-post","status-publish","format-standard","hentry","category-deportes"],"jetpack_featured_media_url":"","jetpack_shortlink":"https:\/\/wp.me\/p2JWE0-1YK","jetpack-related-posts":[{"id":19233,"url":"https:\/\/www.24baires.com\/?p=19233","url_meta":{"origin":7610,"position":0},"title":"TC: Mariano Werner se impuso en Jun\u00edn","author":"Grupo Sierra","date":"24\/03\/2013","format":false,"excerpt":"El entrerriano Mariano Werner, con Ford, se impuso hoy de punta a punta en la final de Turismo Carretera, por la tercera fecha del campeonato de la categor\u00eda, que se realiz\u00f3 en el aut\u00f3dromo Eusebio Marcilla de Jun\u00edn. Tras las 25 vueltas de la final al trazado de 4.200 metros\u2026","rel":"","context":"En \u00abDeportes\u00bb","block_context":{"text":"Deportes","link":"https:\/\/www.24baires.com\/?cat=12"},"img":{"alt_text":"tc_junin_werner_230313_2_ef_97629","src":"https:\/\/i0.wp.com\/www.24baires.com\/wp-content\/uploads\/2013\/03\/tc_junin_werner_230313_2_ef_97629.jpg?resize=350%2C200","width":350,"height":200,"srcset":"https:\/\/i0.wp.com\/www.24baires.com\/wp-content\/uploads\/2013\/03\/tc_junin_werner_230313_2_ef_97629.jpg?resize=350%2C200 1x, https:\/\/i0.wp.com\/www.24baires.com\/wp-content\/uploads\/2013\/03\/tc_junin_werner_230313_2_ef_97629.jpg?resize=525%2C300 1.5x"},"classes":[]},{"id":28672,"url":"https:\/\/www.24baires.com\/?p=28672","url_meta":{"origin":7610,"position":1},"title":"El marplatense Christian Ledesma gan\u00f3 en el aut\u00f3dromo porte\u00f1o","author":"Grupo Sierra","date":"21\/07\/2013","format":false,"excerpt":"El piloto de Chevrolet gan\u00f3 en el aut\u00f3dromo porte\u00f1o \"Juan y Oscar G\u00e1lvez\" y Mariano Werner le arrebat\u00f3 la punta de la clasificaci\u00f3n general al actual campe\u00f3n, Mauro Giallombardo, tras correrse la novena fecha fecha. Christian Ledesma, con Chevrolet, gan\u00f3 de punta a punta la final de Turismo Carretera (TC),\u2026","rel":"","context":"En \u00abDeportes\u00bb","block_context":{"text":"Deportes","link":"https:\/\/www.24baires.com\/?cat=12"},"img":{"alt_text":"ledesma tc","src":"https:\/\/i0.wp.com\/www.24baires.com\/wp-content\/uploads\/2013\/07\/ledesma-tc.jpg?resize=350%2C200","width":350,"height":200,"srcset":"https:\/\/i0.wp.com\/www.24baires.com\/wp-content\/uploads\/2013\/07\/ledesma-tc.jpg?resize=350%2C200 1x, https:\/\/i0.wp.com\/www.24baires.com\/wp-content\/uploads\/2013\/07\/ledesma-tc.jpg?resize=525%2C300 1.5x"},"classes":[]},{"id":19182,"url":"https:\/\/www.24baires.com\/?p=19182","url_meta":{"origin":7610,"position":2},"title":"TC en Jun\u00edn: Werner con su Ford se llev\u00f3 la &#8216;pole&#8217;","author":"Grupo Sierra","date":"23\/03\/2013","format":false,"excerpt":"El autor del mejor tiempo de clasificaci\u00f3n de hoy en Jun\u00edn, el entrerriano Mariano Werner (Ford), dijo que su auto sigue \"creciendo\" y que le \"preocupa\" para ma\u00f1ana el \"ritmo\" para la final. El paranaense, autor de la sexta pole position en el TC, se\u00f1al\u00f3 que no pudo mejorar el\u2026","rel":"","context":"En \u00abDeportes\u00bb","block_context":{"text":"Deportes","link":"https:\/\/www.24baires.com\/?cat=12"},"img":{"alt_text":"tc_junin_werner_230313_2_ef_97629","src":"https:\/\/i0.wp.com\/www.24baires.com\/wp-content\/uploads\/2013\/03\/tc_junin_werner_230313_2_ef_97629.jpg?resize=350%2C200","width":350,"height":200,"srcset":"https:\/\/i0.wp.com\/www.24baires.com\/wp-content\/uploads\/2013\/03\/tc_junin_werner_230313_2_ef_97629.jpg?resize=350%2C200 1x, https:\/\/i0.wp.com\/www.24baires.com\/wp-content\/uploads\/2013\/03\/tc_junin_werner_230313_2_ef_97629.jpg?resize=525%2C300 1.5x"},"classes":[]},{"id":17375,"url":"https:\/\/www.24baires.com\/?p=17375","url_meta":{"origin":7610,"position":3},"title":"El Ford de Ponce de Le\u00f3n gan\u00f3 de punta a punta en Neuqu\u00e9n","author":"Grupo Sierra","date":"03\/03\/2013","format":false,"excerpt":"El juninense, con Ford, gan\u00f3 la final del Turismo Carretera que por la segunda fecha de la categor\u00eda se disput\u00f3 en el aut\u00f3dromo Parque Provincia del Neuqu\u00e9n, escoltado por Juan Mart\u00edn Trucco (Dodge) y N\u00e9stor Girolami (Torino). Las tres series clasificatorias, a 6 giros al trazado de 4.380 metros, se\u2026","rel":"","context":"En \u00abDeportes\u00bb","block_context":{"text":"Deportes","link":"https:\/\/www.24baires.com\/?cat=12"},"img":{"alt_text":"ponce de leon ford","src":"https:\/\/i0.wp.com\/www.24baires.com\/wp-content\/uploads\/2013\/03\/ponce-de-leon-ford.jpg?resize=350%2C200","width":350,"height":200,"srcset":"https:\/\/i0.wp.com\/www.24baires.com\/wp-content\/uploads\/2013\/03\/ponce-de-leon-ford.jpg?resize=350%2C200 1x, https:\/\/i0.wp.com\/www.24baires.com\/wp-content\/uploads\/2013\/03\/ponce-de-leon-ford.jpg?resize=525%2C300 1.5x"},"classes":[]},{"id":30777,"url":"https:\/\/www.24baires.com\/?p=30777","url_meta":{"origin":7610,"position":4},"title":"\u00abGur\u00ed\u00bb Mart\u00ednez con su Ford logr\u00f3 un rotundo triunfo en Olavarr\u00eda","author":"Grupo Sierra","date":"25\/08\/2013","format":false,"excerpt":"El entrerriano Omar \"Gur\u00ed\" Mart\u00ednez, con Ford, gan\u00f3 la final de Turismo Carretera en el aut\u00f3dromo Hermanos Emiliozzi de la ciudad bonaerense de Olavarr\u00eda, donde se disput\u00f3 la d\u00e9cima fecha de la categor\u00eda. Mart\u00ednez, de 47 a\u00f1os, emple\u00f3 un tiempo de 43m.13s.128\/1000 para recorrer las 30 vueltas al circuito de\u2026","rel":"","context":"En \u00abDeportes\u00bb","block_context":{"text":"Deportes","link":"https:\/\/www.24baires.com\/?cat=12"},"img":{"alt_text":"guri martinez","src":"https:\/\/i0.wp.com\/www.24baires.com\/wp-content\/uploads\/2013\/08\/guri-martinez.jpg?resize=350%2C200","width":350,"height":200,"srcset":"https:\/\/i0.wp.com\/www.24baires.com\/wp-content\/uploads\/2013\/08\/guri-martinez.jpg?resize=350%2C200 1x, https:\/\/i0.wp.com\/www.24baires.com\/wp-content\/uploads\/2013\/08\/guri-martinez.jpg?resize=525%2C300 1.5x"},"classes":[]},{"id":15275,"url":"https:\/\/www.24baires.com\/?p=15275","url_meta":{"origin":7610,"position":5},"title":"Canapino impuso su &#8216;Chivo&#8217; en Mar de Aj\u00f3","author":"Grupo Sierra","date":"10\/02\/2013","format":false,"excerpt":"El piloto Agust\u00edn Canapino, con Chevrolet, gan\u00f3 de punta a punta la primera carrera de la temporada 2013 de Turismo Carretera, que se corri\u00f3 en el aut\u00f3dromo \"Rub\u00e9n Luis Di Palma\" de Mar de Aj\u00f3. Detr\u00e1s del ganador, completaron el podio los Ford de Mauro Giallombardo, actual campe\u00f3n de la\u2026","rel":"","context":"En \u00abDeportes\u00bb","block_context":{"text":"Deportes","link":"https:\/\/www.24baires.com\/?cat=12"},"img":{"alt_text":"canapino","src":"https:\/\/i0.wp.com\/www.24baires.com\/wp-content\/uploads\/2013\/02\/canapino.jpg?resize=350%2C200","width":350,"height":200},"classes":[]}],"jetpack_sharing_enabled":true,"jetpack_likes_enabled":true,"_links":{"self":[{"href":"https:\/\/www.24baires.com\/index.php?rest_route=\/wp\/v2\/posts\/7610","targetHints":{"allow":["GET"]}}],"collection":[{"href":"https:\/\/www.24baires.com\/index.php?rest_route=\/wp\/v2\/posts"}],"about":[{"href":"https:\/\/www.24baires.com\/index.php?rest_route=\/wp\/v2\/types\/post"}],"author":[{"embeddable":true,"href":"https:\/\/www.24baires.com\/index.php?rest_route=\/wp\/v2\/users\/11"}],"replies":[{"embeddable":true,"href":"https:\/\/www.24baires.com\/index.php?rest_route=%2Fwp%2Fv2%2Fcomments&post=7610"}],"version-history":[{"count":3,"href":"https:\/\/www.24baires.com\/index.php?rest_route=\/wp\/v2\/posts\/7610\/revisions"}],"predecessor-version":[{"id":7614,"href":"https:\/\/www.24baires.com\/index.php?rest_route=\/wp\/v2\/posts\/7610\/revisions\/7614"}],"wp:attachment":[{"href":"https:\/\/www.24baires.com\/index.php?rest_route=%2Fwp%2Fv2%2Fmedia&parent=7610"}],"wp:term":[{"taxonomy":"category","embeddable":true,"href":"https:\/\/www.24baires.com\/index.php?rest_route=%2Fwp%2Fv2%2Fcategories&post=7610"},{"taxonomy":"post_tag","embeddable":true,"href":"https:\/\/www.24baires.com\/index.php?rest_route=%2Fwp%2Fv2%2Ftags&post=7610"}],"curies":[{"name":"wp","href":"https:\/\/api.w.org\/{rel}","templated":true}]}}