{"id":7598,"date":"2012-12-02T13:19:08","date_gmt":"2012-12-02T16:19:08","guid":{"rendered":"http:\/\/www.24baires.com\/?p=7598"},"modified":"2012-12-02T13:19:08","modified_gmt":"2012-12-02T16:19:08","slug":"que-pasara-a-partir-del-7d-con-las-licencias-que-excedan-las-fijadas-por-la-ley","status":"publish","type":"post","link":"https:\/\/www.24baires.com\/?p=7598","title":{"rendered":"Qu\u00e9 pasar\u00e1 a partir del 7D con las licencias que excedan las fijadas por la Ley"},"content":{"rendered":"<p>A menos de una semana del 7D, el titular de AFSCA, Mart\u00edn Sabbatella, explic\u00f3 el criterio que se aplicar\u00e1 ante eventuales licitaciones, el jefe de Gabinete, Juan Manuel Abal Medina, aclar\u00f3 que la gente podr\u00e1 seguir comprando Clar\u00edn, viendo canal 13 y escuchando radio Mitre y el Ministro de Trabajo, Carlos Tomada, insisti\u00f3 en que las fuentes de trabajo est\u00e1n garantizadas.<!--more--><br \/>\nEl titular de la Autoridad Federal de Servicios de Comunicaci\u00f3n Audiovisual (AFSCA), Mart\u00edn Sabbatella, explic\u00f3 qu\u00e9 suceder\u00e1 a partir del 7D con los grupos excedidos en la cantidad de licencias de medios audiovisuales que marca la ley que no presenten voluntariamente un plan de adecuaci\u00f3n, c\u00f3mo se seleccionar\u00e1n las licencias a transferir y c\u00f3mo ser\u00e1 el proceso de transferencia de activos y se garantizar\u00e1 la preservaci\u00f3n de las fuentes de trabajo.<\/p>\n<p>En una entrevista realizada por Fernando Cibeiras en el programa Colores Primarios, que se emite por el canal de cable Metro, Sabbatella record\u00f3 que \u00abtodos los grupos econ\u00f3micos tienen que presentar su plan de adecuaci\u00f3n antes del 7 de diciembre, por ah\u00ed se dijeron muchas cosas falsas, por ejemplo que el plazo rige s\u00f3lo para el grupo Clar\u00edn, pero la ley de aplica para todos por igual\u00bb.<\/p>\n<p>Aclar\u00f3 que si se habla del grupo Clar\u00edn es \u00abporque es el \u00fanico que dice que no va a cumplir la ley. Sino tendr\u00edamos que estar hablando de 20 grupos, pero hay uno solo que dijo que no se va a presentar. A partir de esa fecha todos los plazos de presentaci\u00f3n voluntaria quedan vencidos. Y se inicia el proceso de la transferencia de oficio\u00bb.<\/p>\n<p>Al respecto, durante un di\u00e1logo con los medios que cubrieron la \u00faltima clase del programa de formaci\u00f3n lanzado por el espacio pol\u00edtico Unidos y Organizados, el jefe de Gabinete, Juan Manuel Abal Medina, enfatiz\u00f3 tambi\u00e9n que \u201cla nueva ley busca que est\u00e9n todas las voces, todas las miradas, todas las perspectivas. Clar\u00edn va a seguir existiendo. La ley no toca los diarios. La gente va a poder seguir eligiendo si quiere comprar Clar\u00edn, ver Canal 13 y poner radio Mitre\u201d.<\/p>\n<p>Ante m\u00e1s de trescientos j\u00f3venes y en el marco del Encuentro Nacional de Cultura y Comunicaci\u00f3n organizado por la agrupaci\u00f3n Peronismo Militante, el titular de la cartera laboral, Carlos Tomada, manifest\u00f3 su \u201cm\u00e1s absoluto repudio a la campa\u00f1a del miedo del Grupo Clar\u00edn\u201d, en referencia a los intentos del multimedios por generar la idea de que se perder\u00e1n puestos de trabajo.<\/p>\n<p>En ese sentido asegur\u00f3: \u201cCristina (Fern\u00e1ndez de Kirchner) ya nos dio la orden a Mart\u00edn Sabbatella (titular del AFSCA) y a m\u00ed de que con el trabajo no se juega\u00bb.<\/p>\n<p>En tal sentido, el titular de AFSCA afirm\u00f3 que \u00abla aplicaci\u00f3n integral de la ley no s\u00f3lo va a proteger las fuentes de trabajo actuales, como lo firmamos con la cartera laboral en estos d\u00edas, sino que va a generar m\u00e1s inversi\u00f3n y m\u00e1s trabajo, porque la readecuaci\u00f3n implica que haya m\u00e1s radios, m\u00e1s canales de televisi\u00f3n, m\u00e1s productoras. Por lo tanto va a haber m\u00e1s actividad comunicacional y m\u00e1s trabajo tambi\u00e9n\u00bb.<\/p>\n<p>Aclar\u00f3 que inclusive se puso como requisito en los pliegos licitatorios que tanto el anterior propietario de la liciencia como el nuevo titular tienen que mantener el conjunto de las fuentes de trabajo actuales.<\/p>\n<p>Consultado sobre los contratados o tercerizados, respondi\u00f3 que \u00abla aplicaci\u00f3n de la ley tiene que preservar al conjunto de las fuentes de trabajo\u00bb.<\/p>\n<p>El Estado estar\u00e1 haciendo \u00e9sto si es que el titular no se present\u00f3, reiter\u00f3, y ratific\u00f3 que \u00abdesde ya vamos a estar informando de cada presentaci\u00f3n que se reciba\u00bb.<\/p>\n<p>Puntualiz\u00f3 que en este caso, ser\u00e1 el propio titular del grupo el que organiza su adecuaci\u00f3n. \u00abPuede decir nos vamos a dividir, vamos a armar empresas sep\u00e1radas, distintas, nos vamos a desvincular, ten\u00eda un socio y nos separaremos, achicaremos, vamos a transferir, a vender, estas licencias las quiero, estas no, siempre que no pase de esta semana\u00bb, explic\u00f3.<\/p>\n<p>Para los grupos que no se presenten voluntariamente, Sabbatella se\u00f1ala que \u00abel AFSCA ser\u00e1 el garante de oficio del cumplimiento de la ley\u00bb y que transferencia tendr\u00e1 varios pasos: abrir el registro de oferentes para convocar a todos los que quieran participar del proceso licitatorio de las licencias que salgan a la venta\u00bb.<\/p>\n<p>Puso como ejemplo si un grupo que qued\u00f3 afuera de la adecuaci\u00f3n voluntaria tiene 15 licencias de aire y s\u00f3lo puede tener 10, porque es lo que dice la ley. Entonces \u00abse abre el registro de oferentes, el Tribunal de Tasaci\u00f3n pone el precio de las 15 con los bienes afectados al uso de la misma, se seleccionan las cinco de menos valor econ\u00f3mico y simb\u00f3lico (para que las de m\u00e1s valor econ\u00f3mico y simb\u00f3lico les queden al grupo). De la licitaci\u00f3n surge un ganador al que se le adjudica la licencia y se hace el traspaso de los activos del titular anterior al nuevo\u00bb.<\/p>\n<p>Y subray\u00f3 que \u00abla condici\u00f3n al cumplirse este proceso es que quede garantizado el servicio, la totalidad de las fuentes de trabajo bajo las condiciones vigentes en los convenios colectivos y que tambi\u00e9n cuide los bienes, hasta que el nuevo titular tome posesi\u00f3n\u00bb.<br \/>\nPluralidad y pauta<\/p>\n<p>La ausencia de pluralidad de voces qued\u00f3 claramente identificada por las auditor\u00edas de medios que se realizaba en el \u00e1rea de servicios audiovisuales de la ex Secretar\u00eda de Medios. Ah\u00ed se demostraba la concentraci\u00f3n dentro del \u00e1rea metropolitana de la generaci\u00f3n de los contenidos que se difunden a todo el pa\u00eds, lo cual convert\u00eda a las emisoras provinciales en meras repetidoras de los principales canales de Buenos Aires y, asimismo, de la l\u00ednea editorial que iba incluida en el paquete de la programaci\u00f3n period\u00edstica.<\/p>\n<p>Tambi\u00e9n el sistema de medici\u00f3n de audiencias por parte de una \u00fanica calificadora determina la distribuci\u00f3n de la publicidad privada, cuyo volumen supera en m\u00e1s de 9 veces y media a la pauta oficial, seg\u00fan revel\u00f3 en Mar del Plata el secretario de Comunicaci\u00f3n P\u00fablica, Alfredo Scoccimarro. Y en este sentido, dada la influencia que los principales grupos de medios aliados tienen sobre esa medici\u00f3n, termina benefici\u00e1ndolos en el reparto econ\u00f3mico.<\/p>\n<p>Otro tanto hab\u00eda venido sucediendo con los privilegios en la asignaci\u00f3n de papel nacional para las ediciones de diarios entre las empresas controlantes de Papel Prensa, cuya creaci\u00f3n y mantenimiento posibilit\u00f3 el Estado con subsidios y regulaciones,lo cual les confer\u00eda una ventaja en los costos sobre las que ten\u00edan que importar el insumo que no le cubr\u00eda el exiguo cupo que le reconoc\u00edan.<\/p>\n<p>Sobre el particular, Scoccimarro inst\u00f3 en el segundo Encuentro Nacional de Comunicaci\u00f3n Audiovisual a analizar la pauta privada de publicidad, lo cual demuestra \u00abque es \u00e9sta la que condiciona a los medios\u00bb.<\/p>\n<p>Dio datos: \u00abEn 2003 la inversi\u00f3n de pauta privada era de 2.620 millones de pesos y en 2011 superaba los 18.000 millones\u00bb. Y se\u00f1al\u00f3: \u00abLa pauta del Estado es menos del 5 por ciento de eso\u00bb y sobre el empleo agreg\u00f3 que hay 98.900 CUIT vinculados a los medios, que en 2003 la cantidad de personal era de 28.698 y en la actualidad 52.000.<\/p>\n","protected":false},"excerpt":{"rendered":"<p>A menos de una semana del 7D, el titular de AFSCA, Mart\u00edn Sabbatella, explic\u00f3 el criterio que se aplicar\u00e1 ante eventuales licitaciones, el jefe de Gabinete, Juan Manuel Abal Medina, aclar\u00f3 que la gente podr\u00e1 seguir comprando Clar\u00edn, viendo canal 13 y escuchando radio Mitre y el Ministro de Trabajo, Carlos Tomada, insisti\u00f3 en que las fuentes de trabajo est\u00e1n [&#8230;]<\/p>\n","protected":false},"author":4,"featured_media":0,"comment_status":"open","ping_status":"open","sticky":false,"template":"","format":"standard","meta":{"_jetpack_newsletter_access":"","_jetpack_dont_email_post_to_subs":false,"_jetpack_newsletter_tier_id":0,"_jetpack_memberships_contains_paywalled_content":false,"_jetpack_memberships_contains_paid_content":false,"footnotes":""},"categories":[54],"tags":[],"class_list":["post-7598","post","type-post","status-publish","format-standard","hentry","category-medios"],"jetpack_featured_media_url":"","jetpack_shortlink":"https:\/\/wp.me\/p2JWE0-1Yy","jetpack-related-posts":[{"id":5008,"url":"https:\/\/www.24baires.com\/?p=5008","url_meta":{"origin":7598,"position":0},"title":"El jueves Sabbattella dar\u00e1 a conocer el \u00abcuadro de situaci\u00f3n\u00bb de los grupos de medios con vistas al 7D","author":"Grupo Sierra","date":"11\/11\/2012","format":false,"excerpt":"El titular de la (AFSCA), Mart\u00edn Sabbatella, brindar\u00e1 el pr\u00f3ximo jueves 15 una conferencia de prensa donde presentar\u00e1 el \"cuadro de situaci\u00f3n\" de los grupos de medios que exceden lo establecido por la ley de Servicios de Comunicaci\u00f3n Audiovisual (SCA), tanto en porcentaje de mercado como en cantidad de licencias.\u2026","rel":"","context":"En \u00abMedios\u00bb","block_context":{"text":"Medios","link":"https:\/\/www.24baires.com\/?cat=54"},"img":{"alt_text":"","src":"","width":0,"height":0},"classes":[]},{"id":4058,"url":"https:\/\/www.24baires.com\/?p=4058","url_meta":{"origin":7598,"position":1},"title":"Debate sobre la Ley de Medios en Necochea","author":"AF","date":"01\/11\/2012","format":false,"excerpt":"La ley de medios y el 7D ser\u00e1n temas de una charla abierta que se brindar\u00e1 en el Sal\u00f3n de Actos de la Municipalidad de Necochea el jueves a las 19, invit\u00e1ndose a toda la comunidad. La charla estar\u00e1 a cargo del diputado nacional Carlos Raimundi, y el actor y\u2026","rel":"","context":"En \u00abMedios\u00bb","block_context":{"text":"Medios","link":"https:\/\/www.24baires.com\/?cat=54"},"img":{"alt_text":"","src":"","width":0,"height":0},"classes":[]},{"id":4632,"url":"https:\/\/www.24baires.com\/?p=4632","url_meta":{"origin":7598,"position":2},"title":"Se realizar\u00e1 un ciclo de charlas sobre el 7D en la Facultad de Periodismo de la UNLP","author":"AF","date":"06\/11\/2012","format":false,"excerpt":"Este martes, a partir de las 19, se llevar\u00e1 a cabo en el Edificio N\u00e9stor Kirchner de la Facultad de Periodismo y Comunicaci\u00f3n Social de la Universidad Nacional de La Plata (UNLP), la charla \u201cHacia un escenario democr\u00e1tico de la comunicaci\u00f3n: batallas y hegemon\u00edas\u201d. El presidente de la Autoridad Federal\u2026","rel":"","context":"En \u00abMedios\u00bb","block_context":{"text":"Medios","link":"https:\/\/www.24baires.com\/?cat=54"},"img":{"alt_text":"","src":"","width":0,"height":0},"classes":[]},{"id":5405,"url":"https:\/\/www.24baires.com\/?p=5405","url_meta":{"origin":7598,"position":3},"title":"Sabbatella: \u00abNadie puede tener en una ciudad m\u00e1s de 3 licencias de radio\u00bb","author":"Grupo Sierra","date":"14\/11\/2012","format":false,"excerpt":"El titular de la Afsca, Mart\u00edn Sabbatella, confirm\u00f3 que \"despu\u00e9s del 7 de diciembre comienza el proceso de oficio\". Y detall\u00f3 que el grupo Clar\u00edn \"puede tener 24 y hoy tiene 237 licencias\" de cable.\u00a0\"De esta manera, despu\u00e9s del 7 de diciembre la AFSCA inicia el proceso de transferencia de\u2026","rel":"","context":"En \u00abMedios\u00bb","block_context":{"text":"Medios","link":"https:\/\/www.24baires.com\/?cat=54"},"img":{"alt_text":"","src":"","width":0,"height":0},"classes":[]},{"id":3951,"url":"https:\/\/www.24baires.com\/?p=3951","url_meta":{"origin":7598,"position":4},"title":"Sabbatella asegur\u00f3 que \u00abClar\u00edn est\u00e1 desafiando a la democracia\u00bb","author":"Grupo Sierra","date":"31\/10\/2012","format":false,"excerpt":"El titular de la Autoridad Federal de Servicios de Comunicaci\u00f3n Audiovisual, Mart\u00edn Sabbatella, se refiri\u00f3 a la negativa de Clar\u00edn a presentar un plan de adecuaci\u00f3n a la ley. Adem\u00e1s reiter\u00f3 que despu\u00e9s del 7 de diciembre el organismo \"actuar\u00e1 de oficio\". \"Es un desaf\u00edo a la democracia, al estado\u2026","rel":"","context":"En \u00abMedios\u00bb","block_context":{"text":"Medios","link":"https:\/\/www.24baires.com\/?cat=54"},"img":{"alt_text":"","src":"https:\/\/i0.wp.com\/www.24baires.com\/wp-content\/uploads\/2012\/10\/sabbatella-desafio.jpg?resize=350%2C200","width":350,"height":200,"srcset":"https:\/\/i0.wp.com\/www.24baires.com\/wp-content\/uploads\/2012\/10\/sabbatella-desafio.jpg?resize=350%2C200 1x, https:\/\/i0.wp.com\/www.24baires.com\/wp-content\/uploads\/2012\/10\/sabbatella-desafio.jpg?resize=525%2C300 1.5x"},"classes":[]},{"id":5148,"url":"https:\/\/www.24baires.com\/?p=5148","url_meta":{"origin":7598,"position":5},"title":"\u00abEl Estado no viene ni a estatizar ni a expropiar a nadie, lo que viene a hacer es cumplir la ley\u00bb","author":"Grupo Sierra","date":"12\/11\/2012","format":false,"excerpt":"El presidente de la Afsca, Mart\u00edn Sabbatella, asegur\u00f3 que el Estado \"viene a cumplir con la ley\" y \"garantizar el servicio y las fuentes de trabajo del conjunto de los trabajadores\", as\u00ed como tambi\u00e9n \"la libertad de expresi\u00f3n y el derecho a estar informados\". \"El Estado no viene ni a\u2026","rel":"","context":"En \u00abMedios\u00bb","block_context":{"text":"Medios","link":"https:\/\/www.24baires.com\/?cat=54"},"img":{"alt_text":"","src":"","width":0,"height":0},"classes":[]}],"jetpack_sharing_enabled":true,"jetpack_likes_enabled":true,"_links":{"self":[{"href":"https:\/\/www.24baires.com\/index.php?rest_route=\/wp\/v2\/posts\/7598","targetHints":{"allow":["GET"]}}],"collection":[{"href":"https:\/\/www.24baires.com\/index.php?rest_route=\/wp\/v2\/posts"}],"about":[{"href":"https:\/\/www.24baires.com\/index.php?rest_route=\/wp\/v2\/types\/post"}],"author":[{"embeddable":true,"href":"https:\/\/www.24baires.com\/index.php?rest_route=\/wp\/v2\/users\/4"}],"replies":[{"embeddable":true,"href":"https:\/\/www.24baires.com\/index.php?rest_route=%2Fwp%2Fv2%2Fcomments&post=7598"}],"version-history":[{"count":1,"href":"https:\/\/www.24baires.com\/index.php?rest_route=\/wp\/v2\/posts\/7598\/revisions"}],"predecessor-version":[{"id":7599,"href":"https:\/\/www.24baires.com\/index.php?rest_route=\/wp\/v2\/posts\/7598\/revisions\/7599"}],"wp:attachment":[{"href":"https:\/\/www.24baires.com\/index.php?rest_route=%2Fwp%2Fv2%2Fmedia&parent=7598"}],"wp:term":[{"taxonomy":"category","embeddable":true,"href":"https:\/\/www.24baires.com\/index.php?rest_route=%2Fwp%2Fv2%2Fcategories&post=7598"},{"taxonomy":"post_tag","embeddable":true,"href":"https:\/\/www.24baires.com\/index.php?rest_route=%2Fwp%2Fv2%2Ftags&post=7598"}],"curies":[{"name":"wp","href":"https:\/\/api.w.org\/{rel}","templated":true}]}}