{"id":7596,"date":"2012-12-02T13:36:25","date_gmt":"2012-12-02T16:36:25","guid":{"rendered":"http:\/\/www.24baires.com\/?p=7596"},"modified":"2012-12-03T14:29:34","modified_gmt":"2012-12-03T17:29:34","slug":"bomberos-voluntarios-de-toda-la-provincia-se-movilizaran-a-la-plata-por-una-deuda-de-scioli","status":"publish","type":"post","link":"https:\/\/www.24baires.com\/?p=7596","title":{"rendered":"Bomberos Voluntarios de toda la Provincia se movilizar\u00e1n a La Plata por una deuda de Scioli"},"content":{"rendered":"<p><img data-recalc-dims=\"1\" loading=\"lazy\" decoding=\"async\" class=\"aligncenter size-full wp-image-7603\" title=\"bomberos movilizaci\u00f3n\" src=\"https:\/\/i0.wp.com\/www.24baires.com\/wp-content\/uploads\/2012\/12\/bomberos-movilizaci%C3%B3n.jpg?resize=560%2C369\" alt=\"\" width=\"560\" height=\"369\" srcset=\"https:\/\/i0.wp.com\/www.24baires.com\/wp-content\/uploads\/2012\/12\/bomberos-movilizaci%C3%B3n.jpg?w=560&amp;ssl=1 560w, https:\/\/i0.wp.com\/www.24baires.com\/wp-content\/uploads\/2012\/12\/bomberos-movilizaci%C3%B3n.jpg?resize=300%2C197&amp;ssl=1 300w\" sizes=\"auto, (max-width: 560px) 100vw, 560px\" \/><\/p>\n<p>La totalidad de las Federaciones de Bomberos Voluntarios de la Provincia de Buenos Aires, se movilizar\u00e1n el pr\u00f3ximo mi\u00e9rcoles 5 de diciembre a las 10 hs con sus autobombas a la Gobernaci\u00f3n. <strong>Reclaman una deuda con esas reconocidas instituciones del a\u00f1o 2011 que el gobierno de Daniel Scioli mantiene hasta el presente.<\/strong><!--more--><\/p>\n<p>\u201cYa pasaron m\u00e1s de 2 meses desde que el gobierno provincial por medio del Ministro de Seguridad, Dr. Casal, nos anunciara la cancelaci\u00f3n de la deuda que el estado mantiene con nuestras instituciones desde el a\u00f1o 2011 y luego de haber recibido varias promesas de pago y no habi\u00e9ndose concretado ninguna hasta la fecha, las autoridades de las Federaciones Provinciales han resuelto realizar una movilizaci\u00f3n a la ciudad de La Plata\u201d comunicaron desde una de ellas.<\/p>\n<p>Se calcula que participar\u00e1n cerca de 250 cuarteles de voluntarios de todos los rincones de la Provincia con sus autobombas y veh\u00edculos.<\/p>\n","protected":false},"excerpt":{"rendered":"<p>La totalidad de las Federaciones de Bomberos Voluntarios de la Provincia de Buenos Aires, se movilizar\u00e1n el pr\u00f3ximo mi\u00e9rcoles 5 de diciembre a las 10 hs con sus autobombas a la Gobernaci\u00f3n. Reclaman una deuda con esas reconocidas instituciones del a\u00f1o 2011 que el gobierno de Daniel Scioli mantiene hasta el presente.<\/p>\n","protected":false},"author":11,"featured_media":0,"comment_status":"open","ping_status":"open","sticky":false,"template":"","format":"standard","meta":{"_jetpack_newsletter_access":"","_jetpack_dont_email_post_to_subs":false,"_jetpack_newsletter_tier_id":0,"_jetpack_memberships_contains_paywalled_content":false,"_jetpack_memberships_contains_paid_content":false,"footnotes":""},"categories":[40],"tags":[],"class_list":["post-7596","post","type-post","status-publish","format-standard","hentry","category-provincia"],"jetpack_featured_media_url":"","jetpack_shortlink":"https:\/\/wp.me\/p2JWE0-1Yw","jetpack-related-posts":[{"id":103359,"url":"https:\/\/www.24baires.com\/?p=103359","url_meta":{"origin":7596,"position":0},"title":"Bomberos Voluntarios protestaron por el recorte de subsidios y atraso en los pagos","author":"Grupo Sierra","date":"16\/07\/2018","format":false,"excerpt":"Bomberos voluntarios de todo el pa\u00eds y principalmente de la Provincia de Buenos Aires, protestaron ayer con un toque de sirena por el recorte de subsidios y los atrasos en los pagos, y se declararon en \"alerta\". El Gobierno Nacional y el Provincial les deben millones a las asociaciones de\u2026","rel":"","context":"En \u00abSociedad\u00bb","block_context":{"text":"Sociedad","link":"https:\/\/www.24baires.com\/?cat=1"},"img":{"alt_text":"","src":"https:\/\/i0.wp.com\/www.24baires.com\/wp-content\/uploads\/2018\/07\/bomberos.jpg?resize=350%2C200","width":350,"height":200,"srcset":"https:\/\/i0.wp.com\/www.24baires.com\/wp-content\/uploads\/2018\/07\/bomberos.jpg?resize=350%2C200 1x, https:\/\/i0.wp.com\/www.24baires.com\/wp-content\/uploads\/2018\/07\/bomberos.jpg?resize=525%2C300 1.5x"},"classes":[]},{"id":58655,"url":"https:\/\/www.24baires.com\/?p=58655","url_meta":{"origin":7596,"position":1},"title":"Bomberos Voluntarios reclaman a Scioli una deuda de 150 millones de pesos y se movilizan","author":"GB","date":"15\/12\/2014","format":false,"excerpt":"Bomberos Voluntarios de los 250 cuarteles que funcionan en la provincia de Buenos Aires marchar\u00e1n el mi\u00e9rcoles a la Casa de Gobierno bonaerense, en La Plata, a fin de reclamar fondos adeudados por el gobierno provincial. \"El pr\u00f3ximo 17 de diciembre nuestras autobombas marchar\u00e1n desde toda la Provincia hacia la\u2026","rel":"","context":"En \u00abSociedad\u00bb","block_context":{"text":"Sociedad","link":"https:\/\/www.24baires.com\/?cat=1"},"img":{"alt_text":"bomberos movilizaci\u00f3n","src":"https:\/\/i0.wp.com\/www.24baires.com\/wp-content\/uploads\/2012\/12\/bomberos-movilizaci%C3%B3n.jpg?resize=350%2C200","width":350,"height":200,"srcset":"https:\/\/i0.wp.com\/www.24baires.com\/wp-content\/uploads\/2012\/12\/bomberos-movilizaci%C3%B3n.jpg?resize=350%2C200 1x, https:\/\/i0.wp.com\/www.24baires.com\/wp-content\/uploads\/2012\/12\/bomberos-movilizaci%C3%B3n.jpg?resize=525%2C300 1.5x"},"classes":[]},{"id":47837,"url":"https:\/\/www.24baires.com\/?p=47837","url_meta":{"origin":7596,"position":2},"title":"Bomberos voluntarios se movilizan para reclamar pago de fondo para el sector","author":"GB","date":"11\/06\/2014","format":false,"excerpt":"Los bomberos voluntarios de la provincia de Buenos Aires movilizar\u00e1n este mi\u00e9rcoles sus autobombas hasta La Plata para reclamar al Gobierno el pago de un fondo creado en 2011 para mejorar el funcionamiento del sector, deuda que asciende a 139 millones de pesos. La protesta se realizar\u00e1 a las 10\u2026","rel":"","context":"En \u00abSociedad\u00bb","block_context":{"text":"Sociedad","link":"https:\/\/www.24baires.com\/?cat=1"},"img":{"alt_text":"autobombas","src":"https:\/\/i0.wp.com\/www.24baires.com\/wp-content\/uploads\/2013\/09\/autobombas.png?resize=350%2C200","width":350,"height":200},"classes":[]},{"id":5003,"url":"https:\/\/www.24baires.com\/?p=5003","url_meta":{"origin":7596,"position":3},"title":"Bomberos Voluntarios de toda la Provincia marchar\u00e1n a La Plata por deuda de Scioli","author":"Grupo Sierra","date":"11\/11\/2012","format":false,"excerpt":"Los bomberos voluntarios de la Provincia advirtieron que el pr\u00f3ximo 15 de noviembre movilizar\u00e1n sus autobombas a la capital bonaerense con el fin de reclamarle a la administraci\u00f3n de Daniel Scioli el pago del fondo de 35 millones, creado a principios del 2011 para mejorar el funcionamiento y equipamiento del\u2026","rel":"","context":"En \u00abProvincia\u00bb","block_context":{"text":"Provincia","link":"https:\/\/www.24baires.com\/?cat=40"},"img":{"alt_text":"","src":"https:\/\/i0.wp.com\/www.24baires.com\/wp-content\/uploads\/2012\/11\/bomberos-white-615x426.jpg?resize=350%2C200","width":350,"height":200,"srcset":"https:\/\/i0.wp.com\/www.24baires.com\/wp-content\/uploads\/2012\/11\/bomberos-white-615x426.jpg?resize=350%2C200 1x, https:\/\/i0.wp.com\/www.24baires.com\/wp-content\/uploads\/2012\/11\/bomberos-white-615x426.jpg?resize=525%2C300 1.5x"},"classes":[]},{"id":47709,"url":"https:\/\/www.24baires.com\/?p=47709","url_meta":{"origin":7596,"position":4},"title":"Duro reclamo de los Bomberos Voluntarios a Scioli, \u00abUsted firm\u00f3, prometi\u00f3 y no cumpli\u00f3\u00bb","author":"Grupo Sierra","date":"09\/06\/2014","format":false,"excerpt":"A trav\u00e9s de una solicitada publicada en un diario platense, las Federaciones de Asociaciones de Bomberos Voluntarios reclamaron duramente al gobernador Daniel Scioli el pago de un subsidio prometido por el mandam\u00e1s provincial hace tres a\u00f1os. En la misma aseguraron que este tipo de organizaciones sin \u00e1nimo de lucro cubren\u2026","rel":"","context":"En \u00abProvincia\u00bb","block_context":{"text":"Provincia","link":"https:\/\/www.24baires.com\/?cat=40"},"img":{"alt_text":"bomberos movilizaci\u00f3n","src":"https:\/\/i0.wp.com\/www.24baires.com\/wp-content\/uploads\/2012\/12\/bomberos-movilizaci%C3%B3n.jpg?resize=350%2C200","width":350,"height":200,"srcset":"https:\/\/i0.wp.com\/www.24baires.com\/wp-content\/uploads\/2012\/12\/bomberos-movilizaci%C3%B3n.jpg?resize=350%2C200 1x, https:\/\/i0.wp.com\/www.24baires.com\/wp-content\/uploads\/2012\/12\/bomberos-movilizaci%C3%B3n.jpg?resize=525%2C300 1.5x"},"classes":[]},{"id":83770,"url":"https:\/\/www.24baires.com\/?p=83770","url_meta":{"origin":7596,"position":5},"title":"La Provincia anunci\u00f3 el pago de una deuda hist\u00f3rica a Bomberos Voluntarios","author":"AF","date":"14\/06\/2016","format":false,"excerpt":"En el marco del mejoramiento del sistema provincial de atenci\u00f3n de emergencias y tal como se comprometi\u00f3 a principio de a\u00f1o la gobernadora Mar\u00eda Eugenia Vidal, la provincia avanza en saldar la deuda con las 4 Federaciones de Bomberos. El anuncio del primer pago de 24 millones, como inicio de\u2026","rel":"","context":"En \u00abSociedad\u00bb","block_context":{"text":"Sociedad","link":"https:\/\/www.24baires.com\/?cat=1"},"img":{"alt_text":"bomberos","src":"https:\/\/i0.wp.com\/www.24baires.com\/wp-content\/uploads\/2016\/06\/bomberos.jpg?resize=350%2C200","width":350,"height":200,"srcset":"https:\/\/i0.wp.com\/www.24baires.com\/wp-content\/uploads\/2016\/06\/bomberos.jpg?resize=350%2C200 1x, https:\/\/i0.wp.com\/www.24baires.com\/wp-content\/uploads\/2016\/06\/bomberos.jpg?resize=525%2C300 1.5x"},"classes":[]}],"jetpack_sharing_enabled":true,"jetpack_likes_enabled":true,"_links":{"self":[{"href":"https:\/\/www.24baires.com\/index.php?rest_route=\/wp\/v2\/posts\/7596","targetHints":{"allow":["GET"]}}],"collection":[{"href":"https:\/\/www.24baires.com\/index.php?rest_route=\/wp\/v2\/posts"}],"about":[{"href":"https:\/\/www.24baires.com\/index.php?rest_route=\/wp\/v2\/types\/post"}],"author":[{"embeddable":true,"href":"https:\/\/www.24baires.com\/index.php?rest_route=\/wp\/v2\/users\/11"}],"replies":[{"embeddable":true,"href":"https:\/\/www.24baires.com\/index.php?rest_route=%2Fwp%2Fv2%2Fcomments&post=7596"}],"version-history":[{"count":3,"href":"https:\/\/www.24baires.com\/index.php?rest_route=\/wp\/v2\/posts\/7596\/revisions"}],"predecessor-version":[{"id":7703,"href":"https:\/\/www.24baires.com\/index.php?rest_route=\/wp\/v2\/posts\/7596\/revisions\/7703"}],"wp:attachment":[{"href":"https:\/\/www.24baires.com\/index.php?rest_route=%2Fwp%2Fv2%2Fmedia&parent=7596"}],"wp:term":[{"taxonomy":"category","embeddable":true,"href":"https:\/\/www.24baires.com\/index.php?rest_route=%2Fwp%2Fv2%2Fcategories&post=7596"},{"taxonomy":"post_tag","embeddable":true,"href":"https:\/\/www.24baires.com\/index.php?rest_route=%2Fwp%2Fv2%2Ftags&post=7596"}],"curies":[{"name":"wp","href":"https:\/\/api.w.org\/{rel}","templated":true}]}}