{"id":7589,"date":"2012-12-02T13:05:23","date_gmt":"2012-12-02T16:05:23","guid":{"rendered":"http:\/\/www.24baires.com\/?p=7589"},"modified":"2012-12-02T13:05:23","modified_gmt":"2012-12-02T16:05:23","slug":"transmitiran-en-vivo-la-premiacion-con-el-walsh-a-rafael-correa","status":"publish","type":"post","link":"https:\/\/www.24baires.com\/?p=7589","title":{"rendered":"Transmitir\u00e1n en vivo la premiaci\u00f3n con \u00abel Walsh\u00bb a Rafael Correa"},"content":{"rendered":"<p><img data-recalc-dims=\"1\" loading=\"lazy\" decoding=\"async\" class=\"alignleft size-medium wp-image-7594\" title=\"correa\" src=\"https:\/\/i0.wp.com\/www.24baires.com\/wp-content\/uploads\/2012\/12\/correa.jpg?resize=300%2C224\" alt=\"\" width=\"300\" height=\"224\" srcset=\"https:\/\/i0.wp.com\/www.24baires.com\/wp-content\/uploads\/2012\/12\/correa.jpg?resize=300%2C224&amp;ssl=1 300w, https:\/\/i0.wp.com\/www.24baires.com\/wp-content\/uploads\/2012\/12\/correa.jpg?w=560&amp;ssl=1 560w\" sizes=\"auto, (max-width: 300px) 100vw, 300px\" \/>El acto completo se podr\u00e1 seguir por Internet. Adem\u00e1s. La TV Universidad, la TV P\u00fablica y Telesur emitir\u00e1n flashes en directo durante toda la jornada. La emisi\u00f3n comenzar\u00e1 a las 14 y tendr\u00e1 una previa de dos horas, que ser\u00e1 conducida por los periodistas Gabriel Morini y Leandro De Martinelli.<!--more--><br \/>\nLa entrega del Premio Rodolfo Walsh al presidente de la Rep\u00fablica de Ecuador, Rafael Correa, que se realizar\u00e1 en esta Facultad de Periodismo y Comunicaci\u00f3n Social el pr\u00f3ximo martes 4 de diciembre, ser\u00e1 transmitida en vivo a trav\u00e9s de la Web de la Facultad <a href=\"http:\/\/perio.unlp.edu.ar\/\" target=\"_blank\">www.perio.unlp.edu.ar<\/a> y tambi\u00e9n por la p\u00e1gina de la presidencia de ese pa\u00eds sudamericano <a href=\"http:\/\/www.presidencia.gob.ec\/\" target=\"_blank\">www.presidencia.gob.ec<\/a>.<\/p>\n<p>La emisi\u00f3n comenzar\u00e1 a las 14 y tendr\u00e1 una previa de dos horas, que ser\u00e1 conducida por los periodistas Gabriel Morini y Leandro De Martinelli. Durante este lapso, habr\u00e1 entrevistas en vivo con los invitados especiales a este evento: legisladores y ministros nacionales, autoridades de organismos de Derechos Humanos y personalidades de la cultura, entre otros.<\/p>\n<p>Adem\u00e1s, se prev\u00e9n varios bloques de producciones realizadas \u00edntegramente por esta unidad acad\u00e9mica sobre la Ley de Servicios de Comunicaci\u00f3n Audiovisual, el 7D, y se presentar\u00e1 un video ilustrativo que da cuenta de la historia del premio y los motivos por los cuales el presidente ecuatoriano ser\u00e1 reconocido.<\/p>\n<p>Tambi\u00e9n, se podr\u00e1 observar im\u00e1genes de otros eventos y actividades realizadas en esta Facultad de Periodismo.<\/p>\n<p>Las im\u00e1genes generadas desde la Facultad podr\u00e1n ser observadas en flashes antes, durante y despu\u00e9s del acto que ser\u00e1n emitidos por el canal de noticias internacional Telesur, la TV P\u00fablica de nuestro pa\u00eds y el canal 56 de la Televisi\u00f3n Digital Argentina (TDA), se\u00f1al perteneciente a la Universidad Nacional de La Plata, para que todos puedan disfrutar de esta hist\u00f3rica visita.<\/p>\n<p>&nbsp;<\/p>\n","protected":false},"excerpt":{"rendered":"<p>El acto completo se podr\u00e1 seguir por Internet. Adem\u00e1s. La TV Universidad, la TV P\u00fablica y Telesur emitir\u00e1n flashes en directo durante toda la jornada. La emisi\u00f3n comenzar\u00e1 a las 14 y tendr\u00e1 una previa de dos horas, que ser\u00e1 conducida por los periodistas Gabriel Morini y Leandro De Martinelli.<\/p>\n","protected":false},"author":4,"featured_media":0,"comment_status":"open","ping_status":"open","sticky":false,"template":"","format":"standard","meta":{"_jetpack_newsletter_access":"","_jetpack_dont_email_post_to_subs":false,"_jetpack_newsletter_tier_id":0,"_jetpack_memberships_contains_paywalled_content":false,"_jetpack_memberships_contains_paid_content":false,"footnotes":""},"categories":[1],"tags":[],"class_list":["post-7589","post","type-post","status-publish","format-standard","hentry","category-sociedad"],"jetpack_featured_media_url":"","jetpack_shortlink":"https:\/\/wp.me\/p2JWE0-1Yp","jetpack-related-posts":[{"id":6135,"url":"https:\/\/www.24baires.com\/?p=6135","url_meta":{"origin":7589,"position":0},"title":"Correa recibir\u00e1 de la Facultad de Periodismo en la UNLP el Premio Rodolfo Walsh","author":"Grupo Sierra","date":"20\/11\/2012","format":false,"excerpt":"\u201cEl 4 de diciembre pr\u00f3ximo a las 16 horas tendremos el honor de recibir al Presidente Rafael Correa en la FPyCS para hacer entrega del Premio Rodolfo Walsh\u201d, inform\u00f3 desde su cuenta en Twitter la decana de Periodismo y Comunicaci\u00f3n Social de la Universidad Nacional de La Plata. Conforme fue\u2026","rel":"","context":"En \u00abPol\u00edtica\u00bb","block_context":{"text":"Pol\u00edtica","link":"https:\/\/www.24baires.com\/?cat=51"},"img":{"alt_text":"","src":"https:\/\/i0.wp.com\/www.24baires.com\/wp-content\/uploads\/2012\/11\/Correa.jpg?resize=350%2C200","width":350,"height":200,"srcset":"https:\/\/i0.wp.com\/www.24baires.com\/wp-content\/uploads\/2012\/11\/Correa.jpg?resize=350%2C200 1x, https:\/\/i0.wp.com\/www.24baires.com\/wp-content\/uploads\/2012\/11\/Correa.jpg?resize=525%2C300 1.5x"},"classes":[]},{"id":7906,"url":"https:\/\/www.24baires.com\/?p=7906","url_meta":{"origin":7589,"position":1},"title":"Rafael Correa en La Plata: \u201cLa pluma de Walsh sigue escribiendo\u201d","author":"Grupo Sierra","date":"04\/12\/2012","format":false,"excerpt":"El presidente de Ecuador recibi\u00f3 la distinci\u00f3n \u201cRodolfo Walsh, Presidente Latinoamericano por la Comunicaci\u00f3n Popular\u201d, otorgada por la Facultad de Periodismo de la Universidad Nacional de La Plata. Durante el discurso critic\u00f3 a las corporaciones que en su pa\u00eds son due\u00f1os de los medios de comunicaci\u00f3n. Destac\u00f3 la importancia de\u2026","rel":"","context":"En \u00abPol\u00edtica\u00bb","block_context":{"text":"Pol\u00edtica","link":"https:\/\/www.24baires.com\/?cat=51"},"img":{"alt_text":"","src":"https:\/\/i0.wp.com\/www.24baires.com\/wp-content\/uploads\/2012\/12\/Correa_en_La_Plata.jpg?resize=350%2C200","width":350,"height":200,"srcset":"https:\/\/i0.wp.com\/www.24baires.com\/wp-content\/uploads\/2012\/12\/Correa_en_La_Plata.jpg?resize=350%2C200 1x, https:\/\/i0.wp.com\/www.24baires.com\/wp-content\/uploads\/2012\/12\/Correa_en_La_Plata.jpg?resize=525%2C300 1.5x"},"classes":[]},{"id":47612,"url":"https:\/\/www.24baires.com\/?p=47612","url_meta":{"origin":7589,"position":2},"title":"En el D\u00eda del Periodista, homenajearon a Rodolfo Walsh","author":"Grupo Sierra","date":"08\/06\/2014","format":false,"excerpt":"El vicegobernador bonaerense, Gabriel Mariotto, y la titular de Madres de Plaza de Mayo, Hebe de Bonafini, destacaron la figura del escritor y periodista, asesinado por la \u00faltima dictadura c\u00edvico militar, y reconocieron a \"los trabajadores de prensa comprometidos que siguen resistiendo y opinando\". En un acto conmemorativo del \"D\u00eda\u2026","rel":"","context":"En \u00abSociedad\u00bb","block_context":{"text":"Sociedad","link":"https:\/\/www.24baires.com\/?cat=1"},"img":{"alt_text":"mariotto bonafini","src":"https:\/\/i0.wp.com\/www.24baires.com\/wp-content\/uploads\/2014\/06\/mariotto-bonafini.jpg?resize=350%2C200","width":350,"height":200,"srcset":"https:\/\/i0.wp.com\/www.24baires.com\/wp-content\/uploads\/2014\/06\/mariotto-bonafini.jpg?resize=350%2C200 1x, https:\/\/i0.wp.com\/www.24baires.com\/wp-content\/uploads\/2014\/06\/mariotto-bonafini.jpg?resize=525%2C300 1.5x"},"classes":[]},{"id":52584,"url":"https:\/\/www.24baires.com\/?p=52584","url_meta":{"origin":7589,"position":3},"title":"Realizar\u00e1n una charla sobre Comunicaci\u00f3n Popular en Ensenada","author":"GB","date":"27\/08\/2014","format":false,"excerpt":"Una charla sobre Comunicaci\u00f3n Popular se realizar\u00e1 este mi\u00e9rcoles a las 18.30 horas en la sede de la C\u00e1mara de Comercio e Industria de Ensenada, ubicada en calle La Merced entre Don Bosco y Presidente Per\u00f3n. Cabe destacar que la charla ser\u00e1 abierta a todo p\u00fablico y estar\u00e1 enmarcada dentro\u2026","rel":"","context":"En \u00abLocales\u00bb","block_context":{"text":"Locales","link":"https:\/\/www.24baires.com\/?cat=38"},"img":{"alt_text":"walsh","src":"https:\/\/i0.wp.com\/www.24baires.com\/wp-content\/uploads\/2014\/08\/walsh.jpg?resize=350%2C200","width":350,"height":200,"srcset":"https:\/\/i0.wp.com\/www.24baires.com\/wp-content\/uploads\/2014\/08\/walsh.jpg?resize=350%2C200 1x, https:\/\/i0.wp.com\/www.24baires.com\/wp-content\/uploads\/2014\/08\/walsh.jpg?resize=525%2C300 1.5x"},"classes":[]},{"id":30686,"url":"https:\/\/www.24baires.com\/?p=30686","url_meta":{"origin":7589,"position":4},"title":"Le\u00f3n Gieco fue galardonado con el premio Rodolfo Walsh","author":"GB","date":"23\/08\/2013","format":false,"excerpt":"LA PLATA-La Facultad de Periodismo y Comunicaci\u00f3n Social entreg\u00f3 el premio Rodolfo Walsh a la Comunicaci\u00f3n Popular al destacado canta autor y padrino de la Asociaci\u00f3n Miguel Bru, por su obra art\u00edstica al servicio de una militancia permanente en defensa de los derechos humanos y su compromiso con las causas\u2026","rel":"","context":"En \u00abSociedad\u00bb","block_context":{"text":"Sociedad","link":"https:\/\/www.24baires.com\/?cat=1"},"img":{"alt_text":"Le\u00f3n Gieco-premio Rodolfo Walsh","src":"https:\/\/i0.wp.com\/www.24baires.com\/wp-content\/uploads\/2013\/08\/Le%C3%B3n-Gieco-premio-Rodolfo-Walsh-300x203.jpg?resize=350%2C200","width":350,"height":200},"classes":[]},{"id":31666,"url":"https:\/\/www.24baires.com\/?p=31666","url_meta":{"origin":7589,"position":5},"title":"Entregaron el premio Rodolfo Walsh a Susana Trimarco","author":"AF","date":"11\/09\/2013","format":false,"excerpt":"Susana Trimarco, la madre de Marita Ver\u00f3n, recibi\u00f3 el premio Rodolfo Walsh por su labor en pos de la Comunicaci\u00f3n Popular. Acompa\u00f1ada por la decana de la Casa de Estudios, Florencia Saintout, y por la titular de Madres de Plaza de Mayo, Hebe de Bonafini, agradeci\u00f3 la ayuda de N\u00e9stor\u2026","rel":"","context":"En \u00abSociedad\u00bb","block_context":{"text":"Sociedad","link":"https:\/\/www.24baires.com\/?cat=1"},"img":{"alt_text":"trimarco saintout","src":"https:\/\/i0.wp.com\/www.24baires.com\/wp-content\/uploads\/2013\/09\/trimarco-saintout-300x176.jpg?resize=350%2C200","width":350,"height":200},"classes":[]}],"jetpack_sharing_enabled":true,"jetpack_likes_enabled":true,"_links":{"self":[{"href":"https:\/\/www.24baires.com\/index.php?rest_route=\/wp\/v2\/posts\/7589","targetHints":{"allow":["GET"]}}],"collection":[{"href":"https:\/\/www.24baires.com\/index.php?rest_route=\/wp\/v2\/posts"}],"about":[{"href":"https:\/\/www.24baires.com\/index.php?rest_route=\/wp\/v2\/types\/post"}],"author":[{"embeddable":true,"href":"https:\/\/www.24baires.com\/index.php?rest_route=\/wp\/v2\/users\/4"}],"replies":[{"embeddable":true,"href":"https:\/\/www.24baires.com\/index.php?rest_route=%2Fwp%2Fv2%2Fcomments&post=7589"}],"version-history":[{"count":2,"href":"https:\/\/www.24baires.com\/index.php?rest_route=\/wp\/v2\/posts\/7589\/revisions"}],"predecessor-version":[{"id":7597,"href":"https:\/\/www.24baires.com\/index.php?rest_route=\/wp\/v2\/posts\/7589\/revisions\/7597"}],"wp:attachment":[{"href":"https:\/\/www.24baires.com\/index.php?rest_route=%2Fwp%2Fv2%2Fmedia&parent=7589"}],"wp:term":[{"taxonomy":"category","embeddable":true,"href":"https:\/\/www.24baires.com\/index.php?rest_route=%2Fwp%2Fv2%2Fcategories&post=7589"},{"taxonomy":"post_tag","embeddable":true,"href":"https:\/\/www.24baires.com\/index.php?rest_route=%2Fwp%2Fv2%2Ftags&post=7589"}],"curies":[{"name":"wp","href":"https:\/\/api.w.org\/{rel}","templated":true}]}}