{"id":7586,"date":"2012-12-02T11:00:53","date_gmt":"2012-12-02T14:00:53","guid":{"rendered":"http:\/\/www.24baires.com\/?p=7586"},"modified":"2012-12-02T12:36:41","modified_gmt":"2012-12-02T15:36:41","slug":"siguen-los-conflictos-en-avellaneda-por-la-aprobacion-del-presupuesto-2013","status":"publish","type":"post","link":"https:\/\/www.24baires.com\/?p=7586","title":{"rendered":"Siguen los conflictos en Avellaneda por la aprobaci\u00f3n del Presupuesto 2013"},"content":{"rendered":"<p>Pese a que el C\u00e1lculos de Recursos ya se aprob\u00f3, la oposici\u00f3n sostiene que el Presupuesto est\u00e1 \u00abdesbalanceado\u00bb y desde el oficialismo responden que \u00abes el mejor de los \u00faltimos tiempos\u00bb. \u201cEn el caso del \u00e1rea de medios audiovisuales hay destinado m\u00e1s de 10 millones y la verdad es que es muy alto en comparaci\u00f3n con seguridad que tiene 23 millones de pesos\u201d, se quej\u00f3 la Coalici\u00f3n.<!--more--><\/p>\n<p>A d\u00edas de haberse aprobado el C\u00e1lculo de Recursos en Avellaneda, la pol\u00e9mica entre oficialismo y oposici\u00f3n sigue en el distrito: mientras desde el primer arco sostienen que el Presupuesto \u201cest\u00e1 bien balanceado\u201d, desde el otro reclaman que no contempla la situaci\u00f3n de \u201c\u00e1reas sensibles\u201d.<\/p>\n<p>El concejal por el PJ Alfredo Marchesi, consider\u00f3 que las partidas \u201cest\u00e1n bien distribuidas\u201d y asegur\u00f3 que es \u201cuno de los mejores presupuestos de los \u00faltimos a\u00f1os\u201d.<\/p>\n<p>En contraposici\u00f3n, la edil de la Coalici\u00f3n C\u00edvica Isabel Rodr\u00edguez se mostr\u00f3 en desacuerdo con la administraci\u00f3n de los recursos \u201cEn el caso del \u00e1rea de medios audiovisuales hay destinado un monto de m\u00e1s de 10 millones de pesos y la verdad es que es muy alto en comparaci\u00f3n con un \u00e1rea a la que deber\u00edamos darle m\u00e1s cantidad, como seguridad que tiene 23 millones de pesos\u201d, se quej\u00f3.<\/p>\n<p>En este marco, mientras desde el bloque Unidos por Avellaneda Jos\u00e9 Alessi consider\u00f3 que el Presupuesto \u201cest\u00e1 dentro de una l\u00f3gica\u201d, el concejal del PJ Benicio Guti\u00e9rrez tambi\u00e9n manifest\u00f3 su apoyo: \u201cEstamos de acuerdo en no poner ning\u00fan tipo de obst\u00e1culos a la gesti\u00f3n\u201d, argument\u00f3.<\/p>\n","protected":false},"excerpt":{"rendered":"<p>Pese a que el C\u00e1lculos de Recursos ya se aprob\u00f3, la oposici\u00f3n sostiene que el Presupuesto est\u00e1 \u00abdesbalanceado\u00bb y desde el oficialismo responden que \u00abes el mejor de los \u00faltimos tiempos\u00bb. \u201cEn el caso del \u00e1rea de medios audiovisuales hay destinado m\u00e1s de 10 millones y la verdad es que es muy alto en comparaci\u00f3n con seguridad que tiene 23 [&#8230;]<\/p>\n","protected":false},"author":4,"featured_media":0,"comment_status":"open","ping_status":"open","sticky":false,"template":"","format":"standard","meta":{"_jetpack_newsletter_access":"","_jetpack_dont_email_post_to_subs":false,"_jetpack_newsletter_tier_id":0,"_jetpack_memberships_contains_paywalled_content":false,"_jetpack_memberships_contains_paid_content":false,"footnotes":""},"categories":[38],"tags":[],"class_list":["post-7586","post","type-post","status-publish","format-standard","hentry","category-locales"],"jetpack_featured_media_url":"","jetpack_shortlink":"https:\/\/wp.me\/p2JWE0-1Ym","jetpack-related-posts":[{"id":58304,"url":"https:\/\/www.24baires.com\/?p=58304","url_meta":{"origin":7586,"position":0},"title":"Echeverr\u00eda: aumento de tasas del 25% y Presupuesto de 784 millones","author":"Grupo Sierra","date":"08\/12\/2014","format":false,"excerpt":"Lo confirm\u00f3 el concejal del FpV Antonio Cariati, integrante de la comisi\u00f3n de Hacienda y Presupuesto. El edil kirchnerista evalu\u00f3 el c\u00e1lculo de recursos y destac\u00f3 el trabajo que se realiz\u00f3 en la comisi\u00f3n de Hacienda y Presupuesto. \u201cEl c\u00e1lculo va salir con un dictamen de cada bloque, se le\u2026","rel":"","context":"En \u00abMunicipios\u00bb","block_context":{"text":"Municipios","link":"https:\/\/www.24baires.com\/?cat=44"},"img":{"alt_text":"cd echeverria","src":"https:\/\/i0.wp.com\/www.24baires.com\/wp-content\/uploads\/2014\/04\/cd-echeverria-300x187.jpg?resize=350%2C200","width":350,"height":200},"classes":[]},{"id":113153,"url":"https:\/\/www.24baires.com\/?p=113153","url_meta":{"origin":7586,"position":1},"title":"El presupuesto educativo cay\u00f3 un 35% desde que asumi\u00f3 Macri","author":"AF","date":"26\/11\/2019","format":false,"excerpt":"Un informe elaborado por equipos de investigadores de siete universidades analiza el recorte de fondos que sufri\u00f3 el sistema educativo en el per\u00edodo 2016-2019 y destaca c\u00f3mo se desfinanciaron especialmente las pol\u00edticas dirigidas a enfrentar las desigualdades socioeducativas. El presupuesto que el gobierno nacional destina a la educaci\u00f3n disminuy\u00f3 un\u2026","rel":"","context":"En \u00abPol\u00edtica\u00bb","block_context":{"text":"Pol\u00edtica","link":"https:\/\/www.24baires.com\/?cat=51"},"img":{"alt_text":"","src":"https:\/\/i0.wp.com\/www.24baires.com\/wp-content\/uploads\/2018\/12\/escuela-tomada.jpg?resize=350%2C200","width":350,"height":200,"srcset":"https:\/\/i0.wp.com\/www.24baires.com\/wp-content\/uploads\/2018\/12\/escuela-tomada.jpg?resize=350%2C200 1x, https:\/\/i0.wp.com\/www.24baires.com\/wp-content\/uploads\/2018\/12\/escuela-tomada.jpg?resize=525%2C300 1.5x"},"classes":[]},{"id":90935,"url":"https:\/\/www.24baires.com\/?p=90935","url_meta":{"origin":7586,"position":2},"title":"El oficialismo busca aprobar el presupuesto bonaerense","author":"AF","date":"21\/12\/2016","format":false,"excerpt":"Cambiemos negocia para que la Legislatura sancione este mi\u00e9rcoles la propuesta de gastos y de endeudamiento para la provincia en 2017. El oficialismo bonaerense intentar\u00e1 que la Legislatura provincial sancione el proyecto de ley de Presupuesto del a\u00f1o pr\u00f3ximo para la provincia de Buenos Aires, en las sesiones a las\u2026","rel":"","context":"En \u00abEconom\u00eda\u00bb","block_context":{"text":"Econom\u00eda","link":"https:\/\/www.24baires.com\/?cat=45"},"img":{"alt_text":"","src":"https:\/\/i0.wp.com\/www.24baires.com\/wp-content\/uploads\/2016\/10\/legislatura-bonaerense.jpg?resize=350%2C200","width":350,"height":200,"srcset":"https:\/\/i0.wp.com\/www.24baires.com\/wp-content\/uploads\/2016\/10\/legislatura-bonaerense.jpg?resize=350%2C200 1x, https:\/\/i0.wp.com\/www.24baires.com\/wp-content\/uploads\/2016\/10\/legislatura-bonaerense.jpg?resize=525%2C300 1.5x"},"classes":[]},{"id":119459,"url":"https:\/\/www.24baires.com\/?p=119459","url_meta":{"origin":7586,"position":3},"title":"\u00abQue los jueces no paguen Ganancias es un privilegio inaceptable\u00bb","author":"AF","date":"21\/10\/2022","format":false,"excerpt":"Luego de que el Frente de Todos consiguiera emitir dictamen de mayor\u00eda para tratar la ley de leyes en la C\u00e1mara Baja, el legislador nacional Marcelo Casaretto se refiri\u00f3 en AM750 a la inclusi\u00f3n del art\u00edculo que busca eliminar la exenci\u00f3n al impuesto a las Ganancias para miembros del Poder\u2026","rel":"","context":"En \u00abJUDICIALES\u00bb","block_context":{"text":"JUDICIALES","link":"https:\/\/www.24baires.com\/?cat=68"},"img":{"alt_text":"","src":"https:\/\/i0.wp.com\/www.24baires.com\/wp-content\/uploads\/2022\/10\/662157-justicia-0.jpg?resize=350%2C200","width":350,"height":200,"srcset":"https:\/\/i0.wp.com\/www.24baires.com\/wp-content\/uploads\/2022\/10\/662157-justicia-0.jpg?resize=350%2C200 1x, https:\/\/i0.wp.com\/www.24baires.com\/wp-content\/uploads\/2022\/10\/662157-justicia-0.jpg?resize=525%2C300 1.5x, https:\/\/i0.wp.com\/www.24baires.com\/wp-content\/uploads\/2022\/10\/662157-justicia-0.jpg?resize=700%2C400 2x"},"classes":[]},{"id":77547,"url":"https:\/\/www.24baires.com\/?p=77547","url_meta":{"origin":7586,"position":4},"title":"Avellaneda: Ferraresi indic\u00f3 que \u201cel endeudamiento baj\u00f3 a 55 mil millones\u201d","author":"AF","date":"13\/01\/2016","format":false,"excerpt":"El intendente de Avellaneda dialog\u00f3 sobre el avance en las negociaciones para tratar el Presupuesto bonaerense. \u201cEl Ejecutivo y oficialismo (en la Legislatura provincial, Cambiemos) pretenden aprobar el Presupuesto el jueves\u201d, remarc\u00f3 el jefe comunal, tras la reuni\u00f3n que mantuvieron intendentes y legisladores del PJ con el ministro de Gobierno,\u2026","rel":"","context":"En \u00abLocales\u00bb","block_context":{"text":"Locales","link":"https:\/\/www.24baires.com\/?cat=38"},"img":{"alt_text":"ferraresi","src":"https:\/\/i0.wp.com\/www.24baires.com\/wp-content\/uploads\/2014\/06\/ferraresi.jpg?resize=350%2C200","width":350,"height":200,"srcset":"https:\/\/i0.wp.com\/www.24baires.com\/wp-content\/uploads\/2014\/06\/ferraresi.jpg?resize=350%2C200 1x, https:\/\/i0.wp.com\/www.24baires.com\/wp-content\/uploads\/2014\/06\/ferraresi.jpg?resize=525%2C300 1.5x"},"classes":[]},{"id":35893,"url":"https:\/\/www.24baires.com\/?p=35893","url_meta":{"origin":7586,"position":5},"title":"El Senado bonaerense aprob\u00f3 el Presupuesto 2014","author":"GB","date":"28\/11\/2013","format":false,"excerpt":"La C\u00e1mara Alta aprob\u00f3 el proyecto que prev\u00e9 gastos por m\u00e1s de 180.000 millones para el pr\u00f3ximo a\u00f1os, tras lograr un acuerdo entre el oficialismo y el Frente Renovador. Ahora, la iniciativa fue girada a Diputados, que tiene previsto sancionarla esta noche. La C\u00e1mara de Senadores bonaerense aprob\u00f3 esta tarde\u2026","rel":"","context":"En \u00abPol\u00edtica\u00bb","block_context":{"text":"Pol\u00edtica","link":"https:\/\/www.24baires.com\/?cat=51"},"img":{"alt_text":"","src":"","width":0,"height":0},"classes":[]}],"jetpack_sharing_enabled":true,"jetpack_likes_enabled":true,"_links":{"self":[{"href":"https:\/\/www.24baires.com\/index.php?rest_route=\/wp\/v2\/posts\/7586","targetHints":{"allow":["GET"]}}],"collection":[{"href":"https:\/\/www.24baires.com\/index.php?rest_route=\/wp\/v2\/posts"}],"about":[{"href":"https:\/\/www.24baires.com\/index.php?rest_route=\/wp\/v2\/types\/post"}],"author":[{"embeddable":true,"href":"https:\/\/www.24baires.com\/index.php?rest_route=\/wp\/v2\/users\/4"}],"replies":[{"embeddable":true,"href":"https:\/\/www.24baires.com\/index.php?rest_route=%2Fwp%2Fv2%2Fcomments&post=7586"}],"version-history":[{"count":2,"href":"https:\/\/www.24baires.com\/index.php?rest_route=\/wp\/v2\/posts\/7586\/revisions"}],"predecessor-version":[{"id":7588,"href":"https:\/\/www.24baires.com\/index.php?rest_route=\/wp\/v2\/posts\/7586\/revisions\/7588"}],"wp:attachment":[{"href":"https:\/\/www.24baires.com\/index.php?rest_route=%2Fwp%2Fv2%2Fmedia&parent=7586"}],"wp:term":[{"taxonomy":"category","embeddable":true,"href":"https:\/\/www.24baires.com\/index.php?rest_route=%2Fwp%2Fv2%2Fcategories&post=7586"},{"taxonomy":"post_tag","embeddable":true,"href":"https:\/\/www.24baires.com\/index.php?rest_route=%2Fwp%2Fv2%2Ftags&post=7586"}],"curies":[{"name":"wp","href":"https:\/\/api.w.org\/{rel}","templated":true}]}}