{"id":7585,"date":"2012-12-02T12:49:56","date_gmt":"2012-12-02T15:49:56","guid":{"rendered":"http:\/\/www.24baires.com\/?p=7585"},"modified":"2013-04-18T18:25:39","modified_gmt":"2013-04-18T21:25:39","slug":"la-provincia-de-buenos-aires-vive-profundas-contradicciones","status":"publish","type":"post","link":"https:\/\/www.24baires.com\/?p=7585","title":{"rendered":"La Provincia de Buenos Aires vive profundas contradicciones"},"content":{"rendered":"<p><img data-recalc-dims=\"1\" loading=\"lazy\" decoding=\"async\" class=\"aligncenter size-full wp-image-6075\" title=\"calamante1\" src=\"https:\/\/i0.wp.com\/www.24baires.com\/wp-content\/uploads\/2012\/11\/calamante11.jpg?resize=560%2C289\" alt=\"\" width=\"560\" height=\"289\" srcset=\"https:\/\/i0.wp.com\/www.24baires.com\/wp-content\/uploads\/2012\/11\/calamante11.jpg?w=560&amp;ssl=1 560w, https:\/\/i0.wp.com\/www.24baires.com\/wp-content\/uploads\/2012\/11\/calamante11.jpg?resize=300%2C154&amp;ssl=1 300w\" sizes=\"auto, (max-width: 560px) 100vw, 560px\" \/><\/p>\n<p><em>(Por Ra\u00fal Calamante*)<\/em> Los trabajadores de la educaci\u00f3n siempre hemos resistido los golpes del neoliberalismo de los 90 en las calles y en las aulas. Hoy, a pesar de que el contexto nacional e internacional es muy diferente, volvemos a padecer medidas de ajuste porque en el gobierno provincial hay alguien que piensa en clave neoliberal, ya que la primera ocurrencia ante una crisis financiera es recortar la salud o la educaci\u00f3n.<!--more--><\/p>\n<p>Ante nuestros ojos vemos que se profundiza la crisis financiera internacional y que se acrecienta su impacto en lo econ\u00f3mico y social mientras los organismos internacionales insisten en la aplicaci\u00f3n de sus cl\u00e1sicos manuales de ajuste.<\/p>\n<p>En nuestro pa\u00eds, ya hemos rechazado estas viejas recetas y se avanza con un modelo econ\u00f3mico y social que produce bienestar y tambi\u00e9n vemos que se puede construir una agenda pol\u00edtica con iniciativas de los trabajadores, para consolidar las conquistas y lograr las reformas estructurales a\u00fan pendientes.<\/p>\n<p>Mientras tanto, en la Provincia de Buenos Aires, vivimos profundas contradicciones. El gobierno de Scioli intenta desarrollar pol\u00edticas de ajustes tomando como variable el salario de los trabajadores estatales. Ante esto, la acci\u00f3n unificada de todos los trabajadores de la educaci\u00f3n y de todos los sectores del estado, se expres\u00f3 en una lucha con paros, multitudinarias movilizaciones, actividades distritales, tomas de las SAD y DGCyE, que logr\u00f3 la vuelta atr\u00e1s de decisiones del gobierno provincial, tales como el desdoblamiento del aguinaldo o el pago diferido o la reducci\u00f3n de los salarios.<\/p>\n<p>Sin embargo, el gobierno provincial insiste en avanzar con recortes afectando el transporte, comedores y obras de infraestructura escolares, el salario de miles de trabajadores de la educaci\u00f3n y de los trabajadores de la administraci\u00f3n central, adem\u00e1s de las pol\u00edticas destinadas a la ni\u00f1ez y a poblaciones vulnerables, entre otras. Y recientemente, esta gesti\u00f3n realiza listas negras obligando a los Directivos de las escuelas a decir qui\u00e9nes fueron los docentes que pararon, en una clara intimidaci\u00f3n, pr\u00e1ctica desleal y persecutoria a lo que se agrega la falta de respuestas.<\/p>\n<p>La ra\u00edz de esto, es tambi\u00e9n la grave situaci\u00f3n presupuestaria Pcia. De Buenos Aires desde el 2006 viene arrojando un d\u00e9ficit primario que condiciona fuertemente la realizaci\u00f3n de las pol\u00edticas p\u00fablicas presupuestadas para el 2012 y generan interrogantes sobre la proyecci\u00f3n del presupuesto 2013 \u2013se calcula que habr\u00eda un d\u00e9ficit de mas de 12 mil millones-\u00ad. Todo, producto de una muy mala administraci\u00f3n en una provincia con mucha riqueza, pero que esta mal distribuida y donde los que mas tienen, menos pagan.<\/p>\n<p>\u00c9sta crisis est\u00e1 produciendo reiteradas violaciones a los derechos de los Trabajadores de la Educaci\u00f3n, cuando el Estado provincial deber\u00eda garantizar que se pueda ense\u00f1ar en condiciones adecuadas, con los recursos materiales suficientes y con las formas organizativas que el trabajo docente requiere. Es nuestra obligaci\u00f3n exigir al Estado el cumplimiento de su responsabilidad como garante del ejercicio estos derechos, porque tambi\u00e9n, se est\u00e1 violando el derecho de los pibes a acceder a una educaci\u00f3n digna.<\/p>\n<p>Por eso, seguiremos firmes luchando por el financiamiento y las pol\u00edticas p\u00fablicas que garanticen la aplicaci\u00f3n integral de las leyes de educaci\u00f3n provincial y nacional, y por condiciones de vida digna en Buenos Aires. Nuestra lucha es para terminar con la pobreza, la desigualdad, y las injusticias, para seguir construyendo derechos, en el marco de este proceso pol\u00edtico que vivimos en nuestro pa\u00eds, por nuestros pibes, por su futuro.<\/p>\n<p>&nbsp;<\/p>\n<p>*Ra\u00fal Calamante<br \/>\nSecretario de Interior de SUTEBA<br \/>\nSecretario de Rel. Institucionales de CTA<\/p>\n<p>&nbsp;<\/p>\n<p>&nbsp;<\/p>\n<p>&nbsp;<\/p>\n<p>&nbsp;<\/p>\n<p>&nbsp;<\/p>\n<p>&nbsp;<\/p>\n<p>&nbsp;<\/p>\n<p>&nbsp;<\/p>\n<p>&nbsp;<\/p>\n<p>&nbsp;<\/p>\n<p>&nbsp;<\/p>\n<p>&nbsp;<\/p>\n<p>&nbsp;<\/p>\n<p>&nbsp;<\/p>\n<p>&nbsp;<\/p>\n","protected":false},"excerpt":{"rendered":"<p>(Por Ra\u00fal Calamante*) Los trabajadores de la educaci\u00f3n siempre hemos resistido los golpes del neoliberalismo de los 90 en las calles y en las aulas. Hoy, a pesar de que el contexto nacional e internacional es muy diferente, volvemos a padecer medidas de ajuste porque en el gobierno provincial hay alguien que piensa en clave neoliberal, ya que la primera [&#8230;]<\/p>\n","protected":false},"author":11,"featured_media":0,"comment_status":"open","ping_status":"open","sticky":false,"template":"","format":"standard","meta":{"_jetpack_newsletter_access":"","_jetpack_dont_email_post_to_subs":false,"_jetpack_newsletter_tier_id":0,"_jetpack_memberships_contains_paywalled_content":false,"_jetpack_memberships_contains_paid_content":false,"footnotes":""},"categories":[64],"tags":[],"class_list":["post-7585","post","type-post","status-publish","format-standard","hentry","category-opinion"],"jetpack_featured_media_url":"","jetpack_shortlink":"https:\/\/wp.me\/p2JWE0-1Yl","jetpack-related-posts":[{"id":111697,"url":"https:\/\/www.24baires.com\/?p=111697","url_meta":{"origin":7585,"position":0},"title":"El New York Times responsabiliza a Macri por la crisis","author":"AF","date":"19\/08\/2019","format":false,"excerpt":"Mark Weisbrot, codirector del Centro de Investigaci\u00f3n Econ\u00f3mica y Pol\u00edtica en Washington y presidente de Just Foreign Policy, afirma que un triunfo de Alberto Fern\u00e1ndez en las pr\u00f3ximas elecciones presidenciales del 27 de octubre \u201cno es algo inherentemente negativo para la econom\u00eda\u201d. \u201cSi se observan los indicadores econ\u00f3micos y sociales\u2026","rel":"","context":"En \u00abPol\u00edtica\u00bb","block_context":{"text":"Pol\u00edtica","link":"https:\/\/www.24baires.com\/?cat=51"},"img":{"alt_text":"","src":"https:\/\/i0.wp.com\/www.24baires.com\/wp-content\/uploads\/2019\/08\/macri.png?resize=350%2C200","width":350,"height":200,"srcset":"https:\/\/i0.wp.com\/www.24baires.com\/wp-content\/uploads\/2019\/08\/macri.png?resize=350%2C200 1x, https:\/\/i0.wp.com\/www.24baires.com\/wp-content\/uploads\/2019\/08\/macri.png?resize=525%2C300 1.5x"},"classes":[]},{"id":111453,"url":"https:\/\/www.24baires.com\/?p=111453","url_meta":{"origin":7585,"position":1},"title":"\u201cMacri nos hizo una crisis financiera como la de 2001 y 2002\u201d","author":"AF","date":"04\/08\/2019","format":false,"excerpt":"A una semana de las PASO, el precandidato a presidente alert\u00f3 por la falta de vacunas, los tratamientos por HIV y se refiri\u00f3 al pol\u00e9mico sistema de recuento de Smartmatic. El precandidato presidencial del Frente de Todos, Alberto Fern\u00e1ndez, denunci\u00f3 que el gobierno nacional \u201cdej\u00f3 de darle vacunas a los\u2026","rel":"","context":"En \u00abPol\u00edtica\u00bb","block_context":{"text":"Pol\u00edtica","link":"https:\/\/www.24baires.com\/?cat=51"},"img":{"alt_text":"","src":"https:\/\/i0.wp.com\/www.24baires.com\/wp-content\/uploads\/2019\/06\/alberto-fernandez.jpg?resize=350%2C200","width":350,"height":200,"srcset":"https:\/\/i0.wp.com\/www.24baires.com\/wp-content\/uploads\/2019\/06\/alberto-fernandez.jpg?resize=350%2C200 1x, https:\/\/i0.wp.com\/www.24baires.com\/wp-content\/uploads\/2019\/06\/alberto-fernandez.jpg?resize=525%2C300 1.5x"},"classes":[]},{"id":102040,"url":"https:\/\/www.24baires.com\/?p=102040","url_meta":{"origin":7585,"position":2},"title":"El PJ Bonaerense acus\u00f3 a Macri de \u00abentregar el pa\u00eds al mejor postor\u00bb","author":"GB","date":"09\/05\/2018","format":false,"excerpt":"Denunci\u00f3 que el modelo econ\u00f3mico de Cambiemos es \"sin\u00f3nimo de fracaso, mentiras e inoperancia\" y le pidi\u00f3 al Gobierno que de marcha atr\u00e1s con el acuerdo con el FMI y convoque a la oposici\u00f3n para lograr \"una soluci\u00f3n superadora\". El Partido Justicialista de la provincia de Buenos Aires repudi\u00f3 el\u2026","rel":"","context":"En \u00abProvincia\u00bb","block_context":{"text":"Provincia","link":"https:\/\/www.24baires.com\/?cat=40"},"img":{"alt_text":"","src":"https:\/\/i0.wp.com\/www.24baires.com\/wp-content\/uploads\/2018\/05\/pj-bonaerense.jpg?resize=350%2C200","width":350,"height":200,"srcset":"https:\/\/i0.wp.com\/www.24baires.com\/wp-content\/uploads\/2018\/05\/pj-bonaerense.jpg?resize=350%2C200 1x, https:\/\/i0.wp.com\/www.24baires.com\/wp-content\/uploads\/2018\/05\/pj-bonaerense.jpg?resize=525%2C300 1.5x"},"classes":[]},{"id":104695,"url":"https:\/\/www.24baires.com\/?p=104695","url_meta":{"origin":7585,"position":3},"title":"El d\u00f3lar cerr\u00f3 el mes a $41,94","author":"AF","date":"28\/09\/2018","format":false,"excerpt":"La divisa estadounidense trep\u00f3 $1,45 para cerrar a $41,94, su valor nominal m\u00e1s alto. As\u00ed cerr\u00f3 en la semana del nuevo acuerdo con el FMI y salida de Caputo del Banco Central. En la jornada previa al debut del nuevo sistema de bandas de flotaci\u00f3n, el d\u00f3lar aceler\u00f3 su escalada\u2026","rel":"","context":"En \u00abEconom\u00eda\u00bb","block_context":{"text":"Econom\u00eda","link":"https:\/\/www.24baires.com\/?cat=45"},"img":{"alt_text":"","src":"https:\/\/i0.wp.com\/www.24baires.com\/wp-content\/uploads\/2018\/04\/d%C3%B3lar.jpg?resize=350%2C200","width":350,"height":200,"srcset":"https:\/\/i0.wp.com\/www.24baires.com\/wp-content\/uploads\/2018\/04\/d%C3%B3lar.jpg?resize=350%2C200 1x, https:\/\/i0.wp.com\/www.24baires.com\/wp-content\/uploads\/2018\/04\/d%C3%B3lar.jpg?resize=525%2C300 1.5x"},"classes":[]},{"id":107543,"url":"https:\/\/www.24baires.com\/?p=107543","url_meta":{"origin":7585,"position":4},"title":"El FMI aprob\u00f3 el nuevo desembolso","author":"AF","date":"05\/04\/2019","format":false,"excerpt":"De esta manera el organismo multilateral de cr\u00e9dito ya liber\u00f3 casi 40 mil millones del cr\u00e9dito stand by de casi 57 mil millones de d\u00f3lares que se iba a utilizar \"s\u00f3lo si es necesario\" seg\u00fan hab\u00edan explicado en su momento desde el gobierno de Mauricio Macri. Tal como se preve\u00eda\u2026","rel":"","context":"En \u00abEconom\u00eda\u00bb","block_context":{"text":"Econom\u00eda","link":"https:\/\/www.24baires.com\/?cat=45"},"img":{"alt_text":"","src":"https:\/\/i0.wp.com\/www.24baires.com\/wp-content\/uploads\/2016\/04\/fmi.jpg?resize=350%2C200","width":350,"height":200,"srcset":"https:\/\/i0.wp.com\/www.24baires.com\/wp-content\/uploads\/2016\/04\/fmi.jpg?resize=350%2C200 1x, https:\/\/i0.wp.com\/www.24baires.com\/wp-content\/uploads\/2016\/04\/fmi.jpg?resize=525%2C300 1.5x"},"classes":[]},{"id":115166,"url":"https:\/\/www.24baires.com\/?p=115166","url_meta":{"origin":7585,"position":5},"title":"La CGT reclam\u00f3 al FMI acompa\u00f1amiento","author":"AF","date":"28\/05\/2020","format":false,"excerpt":"Luego de una videollamada entre sindicalistas y autoridades del organismo, la central obrera sostuvo que \"la situaci\u00f3n de endeudamiento de la Argentina no es ajena al FMI\", por lo que le demand\u00f3 que \"se comprometa en la b\u00fasqueda de una soluci\u00f3n que garantice sustentabilidad\". La CGT se\u00f1al\u00f3 hoy al Fondo\u2026","rel":"","context":"En \u00abSociedad\u00bb","block_context":{"text":"Sociedad","link":"https:\/\/www.24baires.com\/?cat=1"},"img":{"alt_text":"","src":"https:\/\/i0.wp.com\/www.24baires.com\/wp-content\/uploads\/2020\/05\/5ebbce309c840_1004x565.jpg?resize=350%2C200","width":350,"height":200,"srcset":"https:\/\/i0.wp.com\/www.24baires.com\/wp-content\/uploads\/2020\/05\/5ebbce309c840_1004x565.jpg?resize=350%2C200 1x, https:\/\/i0.wp.com\/www.24baires.com\/wp-content\/uploads\/2020\/05\/5ebbce309c840_1004x565.jpg?resize=525%2C300 1.5x"},"classes":[]}],"jetpack_sharing_enabled":true,"jetpack_likes_enabled":true,"_links":{"self":[{"href":"https:\/\/www.24baires.com\/index.php?rest_route=\/wp\/v2\/posts\/7585","targetHints":{"allow":["GET"]}}],"collection":[{"href":"https:\/\/www.24baires.com\/index.php?rest_route=\/wp\/v2\/posts"}],"about":[{"href":"https:\/\/www.24baires.com\/index.php?rest_route=\/wp\/v2\/types\/post"}],"author":[{"embeddable":true,"href":"https:\/\/www.24baires.com\/index.php?rest_route=\/wp\/v2\/users\/11"}],"replies":[{"embeddable":true,"href":"https:\/\/www.24baires.com\/index.php?rest_route=%2Fwp%2Fv2%2Fcomments&post=7585"}],"version-history":[{"count":3,"href":"https:\/\/www.24baires.com\/index.php?rest_route=\/wp\/v2\/posts\/7585\/revisions"}],"predecessor-version":[{"id":7592,"href":"https:\/\/www.24baires.com\/index.php?rest_route=\/wp\/v2\/posts\/7585\/revisions\/7592"}],"wp:attachment":[{"href":"https:\/\/www.24baires.com\/index.php?rest_route=%2Fwp%2Fv2%2Fmedia&parent=7585"}],"wp:term":[{"taxonomy":"category","embeddable":true,"href":"https:\/\/www.24baires.com\/index.php?rest_route=%2Fwp%2Fv2%2Fcategories&post=7585"},{"taxonomy":"post_tag","embeddable":true,"href":"https:\/\/www.24baires.com\/index.php?rest_route=%2Fwp%2Fv2%2Ftags&post=7585"}],"curies":[{"name":"wp","href":"https:\/\/api.w.org\/{rel}","templated":true}]}}