{"id":7578,"date":"2012-12-02T12:22:56","date_gmt":"2012-12-02T15:22:56","guid":{"rendered":"http:\/\/www.24baires.com\/?p=7578"},"modified":"2012-12-02T12:22:56","modified_gmt":"2012-12-02T15:22:56","slug":"en-la-provincia-de-los-tres-chicos-que-desaparecen-por-dia-solo-dos-son-hallados","status":"publish","type":"post","link":"https:\/\/www.24baires.com\/?p=7578","title":{"rendered":"En la Provincia, de los tres chicos que desaparecen por d\u00eda, s\u00f3lo dos son hallados"},"content":{"rendered":"<p>En lo que va del a\u00f1o se denunciaron 948 casos de menores desaparecidos en la Provincia de Buenos Aires, de esa cifra fueron encontrados 678 y faltan hallar 270 chicos, es decir que en promedio desaparecen 3 chicos por d\u00eda y solo dos de ellos son hallados, seg\u00fan los datos del Registro Provincial de Personas Menores Extraviadas, dependiente de la Secretar\u00eda de Derechos Humanos bonaerense.<!--more--><\/p>\n<p>Del total de los 948 casos denunciados, 509 son ni\u00f1as y adolescentes mujeres, lo que implica que el 52 por ciento de los casos denunciados pertenecen al sexo femenino y el 48 al sexo masculino. El rango etario donde se producen m\u00e1s hechos es la franja que abarca de 13 a 17 a\u00f1os.<\/p>\n<p>Seg\u00fan fuentes del equipo t\u00e9cnico del Registro, la mayor\u00eda de las situaciones que receptan pertenecen a denuncias de comisar\u00edas, oficios judiciales, intervenciones de oficio y comunicaciones efectuadas por los familiares directamente, de las cuales se registra que las principales localidades donde hay denuncias son: La Matanza, Bah\u00eda Blanca, Lomas de Zamora, Florencio Varela, Berazategui, Mercedes, Malvinas argentinas, Tigre, San Fernando y Jos\u00e9 C. Paz.<\/p>\n<p>La mayor\u00eda de las situaciones de extrav\u00edos son enmarcadas en la clasificaci\u00f3n como \u201cabandono voluntario\u201d, es decir menores que deciden irse por su propia voluntad, ya sea por maltrato, abuso, pelea o por seguir a una pareja y eso incluye tambi\u00e9n a los que abandonan instituciones.<\/p>\n","protected":false},"excerpt":{"rendered":"<p>En lo que va del a\u00f1o se denunciaron 948 casos de menores desaparecidos en la Provincia de Buenos Aires, de esa cifra fueron encontrados 678 y faltan hallar 270 chicos, es decir que en promedio desaparecen 3 chicos por d\u00eda y solo dos de ellos son hallados, seg\u00fan los datos del Registro Provincial de Personas Menores Extraviadas, dependiente de la [&#8230;]<\/p>\n","protected":false},"author":4,"featured_media":0,"comment_status":"open","ping_status":"open","sticky":false,"template":"","format":"standard","meta":{"_jetpack_newsletter_access":"","_jetpack_dont_email_post_to_subs":false,"_jetpack_newsletter_tier_id":0,"_jetpack_memberships_contains_paywalled_content":false,"_jetpack_memberships_contains_paid_content":false,"footnotes":""},"categories":[40],"tags":[],"class_list":["post-7578","post","type-post","status-publish","format-standard","hentry","category-provincia"],"jetpack_featured_media_url":"","jetpack_shortlink":"https:\/\/wp.me\/p2JWE0-1Ye","jetpack-related-posts":[{"id":100279,"url":"https:\/\/www.24baires.com\/?p=100279","url_meta":{"origin":7578,"position":0},"title":"Familia de nena trans denuncia a la Provincia por negarle el cambio de sexo en el DNI","author":"GB","date":"31\/01\/2018","format":false,"excerpt":"Pidi\u00f3 a trav\u00e9s de sus padres la modificaci\u00f3n de sexo y el nombre de pila en su partida de nacimiento y DNI. Su solicitud fue rechazada y denuncian que no se cumple la Ley de Identidad de G\u00e9nero. Tal como la habilita la ley de Identidad de G\u00e9nero (Ley 26.743),\u2026","rel":"","context":"En \u00abProvincia\u00bb","block_context":{"text":"Provincia","link":"https:\/\/www.24baires.com\/?cat=40"},"img":{"alt_text":"","src":"https:\/\/i0.wp.com\/www.24baires.com\/wp-content\/uploads\/2018\/01\/trans-sin-violencia.jpg?resize=350%2C200","width":350,"height":200,"srcset":"https:\/\/i0.wp.com\/www.24baires.com\/wp-content\/uploads\/2018\/01\/trans-sin-violencia.jpg?resize=350%2C200 1x, https:\/\/i0.wp.com\/www.24baires.com\/wp-content\/uploads\/2018\/01\/trans-sin-violencia.jpg?resize=525%2C300 1.5x"},"classes":[]},{"id":101679,"url":"https:\/\/www.24baires.com\/?p=101679","url_meta":{"origin":7578,"position":1},"title":"Aseguran que las denuncias por abusos a menores aumentaron un 32%","author":"AF","date":"18\/04\/2018","format":false,"excerpt":"Las denuncias por abusos sexuales de menores aumentaron un 32% en el \u00faltimo a\u00f1o en la provincia de Buenos Aires, seg\u00fan cifras del Organismo Provincial de Ni\u00f1ez y Adolescencia, y no un 50%, como hab\u00eda informado la Defensor\u00eda del pueblo bonaerense. En el primer semestre de 2017 hubo 1227 denuncias\u2026","rel":"","context":"En \u00abSociedad\u00bb","block_context":{"text":"Sociedad","link":"https:\/\/www.24baires.com\/?cat=1"},"img":{"alt_text":"","src":"https:\/\/i0.wp.com\/www.24baires.com\/wp-content\/uploads\/2014\/10\/abuso1.jpg?resize=350%2C200","width":350,"height":200,"srcset":"https:\/\/i0.wp.com\/www.24baires.com\/wp-content\/uploads\/2014\/10\/abuso1.jpg?resize=350%2C200 1x, https:\/\/i0.wp.com\/www.24baires.com\/wp-content\/uploads\/2014\/10\/abuso1.jpg?resize=525%2C300 1.5x"},"classes":[]},{"id":19604,"url":"https:\/\/www.24baires.com\/?p=19604","url_meta":{"origin":7578,"position":2},"title":"Denuncian la muerte de una chica qom en la casa de un hombre que la ten\u00eda secuestrada","author":"Grupo Sierra","date":"28\/03\/2013","format":false,"excerpt":"TIGRE.- Una adolescente de 14 a\u00f1os, integrante de la comunidad Qom, fue encontrada muerta en la casa de un hombre que la ten\u00eda cautiva en la localidad bonaerense de El Talar, partido de Tigre, luego de ser violada y golpeada, denunciaron sus familiares. La adolescente fue hallada muerta el 17\u2026","rel":"","context":"En \u00abPoliciales\u00bb","block_context":{"text":"Policiales","link":"https:\/\/www.24baires.com\/?cat=49"},"img":{"alt_text":"","src":"","width":0,"height":0},"classes":[]},{"id":115963,"url":"https:\/\/www.24baires.com\/?p=115963","url_meta":{"origin":7578,"position":3},"title":"Kicillof sobre el caso Facundo Astudillo: \u201cNo voy a encubrir a nadie\u201d","author":"GB","date":"17\/08\/2020","format":false,"excerpt":"El gobernador habl\u00f3 del caso del joven desaparecido desde el 30 de abril, mientras se investiga la identidad del cuerpo hallado anoche en un canal de Villarino. Se refiri\u00f3 al extra\u00f1o llamado del fiscal a Berni y el pedido de la familia de que la justicia bonaerense se aparte del\u2026","rel":"","context":"En \u00abPol\u00edtica\u00bb","block_context":{"text":"Pol\u00edtica","link":"https:\/\/www.24baires.com\/?cat=51"},"img":{"alt_text":"","src":"https:\/\/i0.wp.com\/www.24baires.com\/wp-content\/uploads\/2020\/05\/kicilof.jpg?resize=350%2C200","width":350,"height":200,"srcset":"https:\/\/i0.wp.com\/www.24baires.com\/wp-content\/uploads\/2020\/05\/kicilof.jpg?resize=350%2C200 1x, https:\/\/i0.wp.com\/www.24baires.com\/wp-content\/uploads\/2020\/05\/kicilof.jpg?resize=525%2C300 1.5x"},"classes":[]},{"id":105048,"url":"https:\/\/www.24baires.com\/?p=105048","url_meta":{"origin":7578,"position":4},"title":"Se denuncian 128 casos de abuso sexual de menores por mes","author":"GB","date":"22\/10\/2018","format":false,"excerpt":"El 64% de los ataques se produjeron dentro del seno familiar y el 38% de las victimas son nenas menores de 11 a\u00f1os, como Sheila Ayala, quien fue asesinada por su t\u00edo la semana pasada en San Miguel. El caso de Sheila Ayala, la nena de 10 a\u00f1os que fue\u2026","rel":"","context":"En \u00abSociedad\u00bb","block_context":{"text":"Sociedad","link":"https:\/\/www.24baires.com\/?cat=1"},"img":{"alt_text":"","src":"https:\/\/i0.wp.com\/www.24baires.com\/wp-content\/uploads\/2015\/05\/ni%C3%B1o-sufriendo.jpg?resize=350%2C200","width":350,"height":200,"srcset":"https:\/\/i0.wp.com\/www.24baires.com\/wp-content\/uploads\/2015\/05\/ni%C3%B1o-sufriendo.jpg?resize=350%2C200 1x, https:\/\/i0.wp.com\/www.24baires.com\/wp-content\/uploads\/2015\/05\/ni%C3%B1o-sufriendo.jpg?resize=525%2C300 1.5x"},"classes":[]},{"id":7076,"url":"https:\/\/www.24baires.com\/?p=7076","url_meta":{"origin":7578,"position":5},"title":"El cuerpo hallado en Vicente L\u00f3pez no es el de la nena platense desaparecida hace 45 d\u00edas","author":"AF","date":"28\/11\/2012","format":false,"excerpt":"El cad\u00e1ver hallado el s\u00e1bado en un arroyo de la localidad de Vicente L\u00f3pez no pertenece a una adolescente de 14 a\u00f1os que hab\u00eda desaparecido hace 45 d\u00edas en la ciudad de La Plata. Fuentes judiciales hab\u00edan informado en la tarde del martes que se hab\u00eda logrado identificar el cuerpo\u2026","rel":"","context":"En \u00abPoliciales\u00bb","block_context":{"text":"Policiales","link":"https:\/\/www.24baires.com\/?cat=49"},"img":{"alt_text":"","src":"https:\/\/i0.wp.com\/www.24baires.com\/wp-content\/uploads\/2012\/11\/pati%C3%B1o.jpg?resize=350%2C200","width":350,"height":200},"classes":[]}],"jetpack_sharing_enabled":true,"jetpack_likes_enabled":true,"_links":{"self":[{"href":"https:\/\/www.24baires.com\/index.php?rest_route=\/wp\/v2\/posts\/7578","targetHints":{"allow":["GET"]}}],"collection":[{"href":"https:\/\/www.24baires.com\/index.php?rest_route=\/wp\/v2\/posts"}],"about":[{"href":"https:\/\/www.24baires.com\/index.php?rest_route=\/wp\/v2\/types\/post"}],"author":[{"embeddable":true,"href":"https:\/\/www.24baires.com\/index.php?rest_route=\/wp\/v2\/users\/4"}],"replies":[{"embeddable":true,"href":"https:\/\/www.24baires.com\/index.php?rest_route=%2Fwp%2Fv2%2Fcomments&post=7578"}],"version-history":[{"count":2,"href":"https:\/\/www.24baires.com\/index.php?rest_route=\/wp\/v2\/posts\/7578\/revisions"}],"predecessor-version":[{"id":7580,"href":"https:\/\/www.24baires.com\/index.php?rest_route=\/wp\/v2\/posts\/7578\/revisions\/7580"}],"wp:attachment":[{"href":"https:\/\/www.24baires.com\/index.php?rest_route=%2Fwp%2Fv2%2Fmedia&parent=7578"}],"wp:term":[{"taxonomy":"category","embeddable":true,"href":"https:\/\/www.24baires.com\/index.php?rest_route=%2Fwp%2Fv2%2Fcategories&post=7578"},{"taxonomy":"post_tag","embeddable":true,"href":"https:\/\/www.24baires.com\/index.php?rest_route=%2Fwp%2Fv2%2Ftags&post=7578"}],"curies":[{"name":"wp","href":"https:\/\/api.w.org\/{rel}","templated":true}]}}