{"id":7575,"date":"2012-12-02T12:16:58","date_gmt":"2012-12-02T15:16:58","guid":{"rendered":"http:\/\/www.24baires.com\/?p=7575"},"modified":"2012-12-02T12:16:58","modified_gmt":"2012-12-02T15:16:58","slug":"a-sonia-molina-la-echabamos-pero-volvia-sola","status":"publish","type":"post","link":"https:\/\/www.24baires.com\/?p=7575","title":{"rendered":"A Sonia Molina \u00abla ech\u00e1bamos, pero volv\u00eda sola\u00bb"},"content":{"rendered":"<p>La periodista Estefan\u00eda Heit, acusada junto a su marido de secuestrar, torturar y abusar de una joven, se prepara para declarar ante la Fiscal\u00eda de Delitos Sexuales de Coronel Su\u00e1rez . Intentar\u00e1 convencer a los funcionarios judiciales que la v\u00edctima lleg\u00f3 golpeada a su casa y que no se quer\u00eda ir de all\u00ed. \u00abAmbos dicen que la echaban y ella volv\u00eda sola\u00bb, dijo uno de los abogados.<!--more--><\/p>\n<p>Heit buscar\u00e1 demostrar a la titular de esa unidad, Mar\u00eda Marta Corrado, que nunca tuvo privada de la libertad a Sonia Molina, sino que fue ella quien lleg\u00f3 en ese estado a su casa.<\/p>\n<p>El viernes la periodista y su esposo Jes\u00fas Olivera se negaron a declarar ante la Justicia, por consejo de sus abogados defensores.<br \/>\nNo obstante, Olivera asegur\u00f3 a la prensa que es \u00abinocente\u00bb de los cargos que se le imputan, cuando era trasladado a la Alcald\u00eda de la localidad de Saavedra, donde permanece detenido.<\/p>\n<p>En tanto, la fiscal agrav\u00f3 la situaci\u00f3n procesal de la pareja, que en un principio era de \u00abprivaci\u00f3n ilegal de la libertad y abuso sexual\u00bb -en el caso de Heit como \u00abpart\u00edcipe primario\u00bb-, y les sum\u00f3 \u00abtentativa de homicidio y estafas reiteradas\u00bb.<\/p>\n<p>En ese sentido, Corrado explic\u00f3 que a Estefan\u00eda Heitt y a Jes\u00fas Olivera podr\u00eda corresponderles una condena de hasta 50 a\u00f1os de c\u00e1rcel, ya que tambi\u00e9n los acusar\u00e1 por abuso sexual.<\/p>\n<p>Los d\u00edas 6, 11 y 12 de diciembre se le realizar\u00e1n pericias psicol\u00f3gicas, tanto a Heit y Olivera como tambi\u00e9n a Molina, para poder determinar el estado de los imputados y de la v\u00edctima.<\/p>\n<p>Si bien la defensa de la pareja dijo que hasta el momento no se hab\u00eda visto ninguna filmaci\u00f3n sobre los abusos contra Molina, la fiscal Corrado refut\u00f3 esta teor\u00eda y afirm\u00f3 que ella hab\u00eda tenido acceso a dos videos registrados por un celular.<\/p>\n","protected":false},"excerpt":{"rendered":"<p>La periodista Estefan\u00eda Heit, acusada junto a su marido de secuestrar, torturar y abusar de una joven, se prepara para declarar ante la Fiscal\u00eda de Delitos Sexuales de Coronel Su\u00e1rez . Intentar\u00e1 convencer a los funcionarios judiciales que la v\u00edctima lleg\u00f3 golpeada a su casa y que no se quer\u00eda ir de all\u00ed. \u00abAmbos dicen que la echaban y ella [&#8230;]<\/p>\n","protected":false},"author":4,"featured_media":0,"comment_status":"open","ping_status":"open","sticky":false,"template":"","format":"standard","meta":{"_jetpack_newsletter_access":"","_jetpack_dont_email_post_to_subs":false,"_jetpack_newsletter_tier_id":0,"_jetpack_memberships_contains_paywalled_content":false,"_jetpack_memberships_contains_paid_content":false,"footnotes":""},"categories":[49],"tags":[],"class_list":["post-7575","post","type-post","status-publish","format-standard","hentry","category-policiales"],"jetpack_featured_media_url":"","jetpack_shortlink":"https:\/\/wp.me\/p2JWE0-1Yb","jetpack-related-posts":[{"id":47121,"url":"https:\/\/www.24baires.com\/?p=47121","url_meta":{"origin":7575,"position":0},"title":"Sonia Molina: \u00abHeit y Olivera me obligaron a vender dos veces mi casa\u00bb","author":"AF","date":"31\/05\/2014","format":false,"excerpt":"Despu\u00e9s de las condenas a Estefan\u00eda Heit, periodista, y Jes\u00fas Olivera, falso pastor, por mantenerla cautiva y someterla a servidumbre, Molina ahora afronta dos causas por estafa en Choele Choel. A Sonia Molina la redujeron a la servidumbre, la torturaron, la abusaron sexualmente, y la hicieron pasar hambre y sed\u2026","rel":"","context":"En \u00abLocales\u00bb","block_context":{"text":"Locales","link":"https:\/\/www.24baires.com\/?cat=38"},"img":{"alt_text":"heit olivera molina","src":"https:\/\/i0.wp.com\/www.24baires.com\/wp-content\/uploads\/2014\/05\/heit-olivera-molina.jpg?resize=350%2C200","width":350,"height":200,"srcset":"https:\/\/i0.wp.com\/www.24baires.com\/wp-content\/uploads\/2014\/05\/heit-olivera-molina.jpg?resize=350%2C200 1x, https:\/\/i0.wp.com\/www.24baires.com\/wp-content\/uploads\/2014\/05\/heit-olivera-molina.jpg?resize=525%2C300 1.5x"},"classes":[]},{"id":5838,"url":"https:\/\/www.24baires.com\/?p=5838","url_meta":{"origin":7575,"position":1},"title":"Sonia Molina fue filmada mientras se orinaba tirada en el piso por la periodista Heit","author":"Grupo Sierra","date":"17\/11\/2012","format":false,"excerpt":"Esta semana van a declarar Olivera y Heit, por imputaciones varias, y por primera vez la fiscal Mar\u00eda Marta Corrado (quien regresa de sus vacaciones) escuchar\u00e1 a la v\u00edctima Sonia Molina.\u00a0 \u00a0 El comienzo de la historia Esta triste historia comenz\u00f3 a principio de a\u00f1o, cuando Jes\u00fas lleg\u00f3 a R\u00edo\u2026","rel":"","context":"En \u00abPoliciales\u00bb","block_context":{"text":"Policiales","link":"https:\/\/www.24baires.com\/?cat=49"},"img":{"alt_text":"","src":"https:\/\/i0.wp.com\/www.24baires.com\/wp-content\/uploads\/2012\/11\/heit-300x219.jpg?resize=350%2C200","width":350,"height":200},"classes":[]},{"id":9382,"url":"https:\/\/www.24baires.com\/?p=9382","url_meta":{"origin":7575,"position":2},"title":"Ahora un peritaje psicol\u00f3gico dice que Sonia Molina \u00abestaba de acuerdo en realizar ayunos\u00bb","author":"Grupo Sierra","date":"16\/12\/2012","format":false,"excerpt":"CORONEL SU\u00c1REZ - Un peritaje psicol\u00f3gico incorporado a la causa en la que est\u00e1n detenidos la periodista Estefan\u00eda Heit y su marido, Jes\u00fas Olivera, afirma que Sonia Molina \"estaba de acuerdo con los ayunos\" .En base a este resultado, el abogado de Heit, Leonardo G\u00f3mez Talamoni, solicit\u00f3 la libertad de\u2026","rel":"","context":"En \u00abPoliciales\u00bb","block_context":{"text":"Policiales","link":"https:\/\/www.24baires.com\/?cat=49"},"img":{"alt_text":"molina sonia","src":"https:\/\/i0.wp.com\/www.24baires.com\/wp-content\/uploads\/2012\/11\/molina-sonia-266x300.jpg?resize=350%2C200","width":350,"height":200},"classes":[]},{"id":45575,"url":"https:\/\/www.24baires.com\/?p=45575","url_meta":{"origin":7575,"position":3},"title":"Comienza el juicio: Heit y Olivera esperan desde la c\u00e1rcel","author":"Grupo Sierra","date":"08\/05\/2014","format":false,"excerpt":"Desde el penal en Bah\u00eda Blanca, la periodista Estefan\u00eda Heit y el pastor Jes\u00fas Olivera hablaron a una semana del inicio del juicio oral y p\u00fablico que debe definir si son culpables o no de mantener cautiva a Sonia Molina. Aseguran que no volver\u00edan a la ciudad de Coronel Su\u00e1rez.\u2026","rel":"","context":"En \u00abJUDICIALES\u00bb","block_context":{"text":"JUDICIALES","link":"https:\/\/www.24baires.com\/?cat=68"},"img":{"alt_text":"Olivera y Heit","src":"https:\/\/i0.wp.com\/www.24baires.com\/wp-content\/uploads\/2012\/12\/Olivera-y-Heit.jpg?resize=350%2C200","width":350,"height":200,"srcset":"https:\/\/i0.wp.com\/www.24baires.com\/wp-content\/uploads\/2012\/12\/Olivera-y-Heit.jpg?resize=350%2C200 1x, https:\/\/i0.wp.com\/www.24baires.com\/wp-content\/uploads\/2012\/12\/Olivera-y-Heit.jpg?resize=525%2C300 1.5x"},"classes":[]},{"id":47063,"url":"https:\/\/www.24baires.com\/?p=47063","url_meta":{"origin":7575,"position":4},"title":"El video del horror: c\u00f3mo maltrataban Heit y Olivera a su v\u00edctima","author":"Grupo Sierra","date":"30\/05\/2014","format":false,"excerpt":"La grabaci\u00f3n muestra a Sonia Molina en condiciones deplorables. Fue una de las pruebas fundamentales para que se pudiera condenar a la periodista Estefan\u00eda Heit y al falso pastor Jes\u00fas Olivera. Las im\u00e1genes son fuertes. Conmueven. Fueron las pruebas m\u00e1s importantes que tuvieron los jueces del Tribunal Criminal N\u00ba1 para\u2026","rel":"","context":"En \u00abJUDICIALES\u00bb","block_context":{"text":"JUDICIALES","link":"https:\/\/www.24baires.com\/?cat=68"},"img":{"alt_text":"","src":"","width":0,"height":0},"classes":[]},{"id":8798,"url":"https:\/\/www.24baires.com\/?p=8798","url_meta":{"origin":7575,"position":5},"title":"Olivera ante la fiscal: \u201cSonia quer\u00eda tener algo carnal conmigo, dec\u00eda que me quer\u00eda dar\u00bb","author":"AF","date":"12\/12\/2012","format":false,"excerpt":"CORONEL SU\u00c1REZ \u00a0- En la declaraci\u00f3n, el pastor detenido, Jes\u00fas Mar\u00eda Olivera, tambi\u00e9n se\u00f1al\u00f3 que \u201cMolina muchas veces hac\u00eda ayunos voluntarios\u201d. Y agreg\u00f3 que \u201cella dec\u00eda que estaba endemoniaba y defecaba en el living de casa\u201d. El pastor acusado de secuestrar y violar a Sonia Marisol Molina declar\u00f3 ante la\u2026","rel":"","context":"En \u00abPoliciales\u00bb","block_context":{"text":"Policiales","link":"https:\/\/www.24baires.com\/?cat=49"},"img":{"alt_text":"","src":"https:\/\/i0.wp.com\/www.24baires.com\/wp-content\/uploads\/2012\/12\/OLIVERA-HEIT-300x219.jpg?resize=350%2C200","width":350,"height":200},"classes":[]}],"jetpack_sharing_enabled":true,"jetpack_likes_enabled":true,"_links":{"self":[{"href":"https:\/\/www.24baires.com\/index.php?rest_route=\/wp\/v2\/posts\/7575","targetHints":{"allow":["GET"]}}],"collection":[{"href":"https:\/\/www.24baires.com\/index.php?rest_route=\/wp\/v2\/posts"}],"about":[{"href":"https:\/\/www.24baires.com\/index.php?rest_route=\/wp\/v2\/types\/post"}],"author":[{"embeddable":true,"href":"https:\/\/www.24baires.com\/index.php?rest_route=\/wp\/v2\/users\/4"}],"replies":[{"embeddable":true,"href":"https:\/\/www.24baires.com\/index.php?rest_route=%2Fwp%2Fv2%2Fcomments&post=7575"}],"version-history":[{"count":2,"href":"https:\/\/www.24baires.com\/index.php?rest_route=\/wp\/v2\/posts\/7575\/revisions"}],"predecessor-version":[{"id":7577,"href":"https:\/\/www.24baires.com\/index.php?rest_route=\/wp\/v2\/posts\/7575\/revisions\/7577"}],"wp:attachment":[{"href":"https:\/\/www.24baires.com\/index.php?rest_route=%2Fwp%2Fv2%2Fmedia&parent=7575"}],"wp:term":[{"taxonomy":"category","embeddable":true,"href":"https:\/\/www.24baires.com\/index.php?rest_route=%2Fwp%2Fv2%2Fcategories&post=7575"},{"taxonomy":"post_tag","embeddable":true,"href":"https:\/\/www.24baires.com\/index.php?rest_route=%2Fwp%2Fv2%2Ftags&post=7575"}],"curies":[{"name":"wp","href":"https:\/\/api.w.org\/{rel}","templated":true}]}}