{"id":7566,"date":"2012-12-02T10:20:06","date_gmt":"2012-12-02T13:20:06","guid":{"rendered":"http:\/\/www.24baires.com\/?p=7566"},"modified":"2012-12-02T10:41:53","modified_gmt":"2012-12-02T13:41:53","slug":"celebraran-en-goin-la-fiesta-provincial-del-pastel","status":"publish","type":"post","link":"https:\/\/www.24baires.com\/?p=7566","title":{"rendered":"Celebrar\u00e1n en Goin la Fiesta Provincial del Pastel"},"content":{"rendered":"<p><strong>CARMEN DE ARECO &#8211;<\/strong> Ser\u00e1 el pr\u00f3ximo fin de semana y arribar\u00e1n m\u00e1s de 10 mil turistas, seg\u00fan indic\u00f3 la titular de Turismo local, Magdalena Torres.<!--more--><br \/>\nLa directora de Turismo de la Municipalidad de Carmen de Areco, Magdalena Torres, afirm\u00f3 que la Fiesta Provincial del Pastel, que se realizar\u00e1 el fin de semana pr\u00f3ximo. Goin \u201ces un pueblo rural, ubicado a 138 kil\u00f3metros de Capital Federal por ruta nacional 7, que \u201cforma parte de Programa Pueblos Tur\u00edsticos de la provincia\u201d.<\/p>\n<p>En el lugar \u201chabitan 200 habitantes y en esta fiesta llegan m\u00e1s de 10 mil visitantes. Es una fiesta gratuita, donde los protagonistas son los pasteles criollos de membrillo, batata y hasta de dulce de leche. Se elige el mejor pastel y la Reina del Pastel\u201d, cont\u00f3.<\/p>\n<p>Adem\u00e1s, mencion\u00f3 que durante esos d\u00edas habr\u00e1 patios de comidas, desfile gauchesco; \u201ces una fiesta atractiva, aut\u00f3ctona, donde la participa la familia entera\u201d<\/p>\n<p>Por \u00faltimo, resalt\u00f3 que \u201cla idea es fortalecer estos pueblos, que nacieron a la vera del tren, al dejar de correr el tren, han perdido un poco el motor, pero ahora el motor es el turismo local\u201d.<\/p>\n","protected":false},"excerpt":{"rendered":"<p>CARMEN DE ARECO &#8211; Ser\u00e1 el pr\u00f3ximo fin de semana y arribar\u00e1n m\u00e1s de 10 mil turistas, seg\u00fan indic\u00f3 la titular de Turismo local, Magdalena Torres.<\/p>\n","protected":false},"author":4,"featured_media":0,"comment_status":"open","ping_status":"open","sticky":false,"template":"","format":"standard","meta":{"_jetpack_newsletter_access":"","_jetpack_dont_email_post_to_subs":false,"_jetpack_newsletter_tier_id":0,"_jetpack_memberships_contains_paywalled_content":false,"_jetpack_memberships_contains_paid_content":false,"footnotes":""},"categories":[38],"tags":[],"class_list":["post-7566","post","type-post","status-publish","format-standard","hentry","category-locales"],"jetpack_featured_media_url":"","jetpack_shortlink":"https:\/\/wp.me\/p2JWE0-1Y2","jetpack-related-posts":[{"id":56388,"url":"https:\/\/www.24baires.com\/?p=56388","url_meta":{"origin":7566,"position":0},"title":"Crotto recorri\u00f3 stands de la Provincia en Festival Gastron\u00f3mico \u00abRa\u00edz\u00bb","author":"AF","date":"01\/11\/2014","format":false,"excerpt":"El secretario de Turismo, Ignacio Crotto, recorri\u00f3 los diferentes stands de los prestadores de las Rutas Gourmet y de los Pueblos Tur\u00edsticos de la Provincia, que participan del Festival Gastron\u00f3mico \u201cRa\u00edz\u201d, que se extender\u00e1 hasta el 2 de noviembre, en Tecn\u00f3polis. \u201cSe trata de una excelente oportunidad para que los\u2026","rel":"","context":"En \u00abProvincia\u00bb","block_context":{"text":"Provincia","link":"https:\/\/www.24baires.com\/?cat=40"},"img":{"alt_text":"crotto ra\u00edz","src":"https:\/\/i0.wp.com\/www.24baires.com\/wp-content\/uploads\/2014\/11\/crotto-ra%C3%ADz.png?resize=350%2C200","width":350,"height":200},"classes":[]},{"id":57171,"url":"https:\/\/www.24baires.com\/?p=57171","url_meta":{"origin":7566,"position":1},"title":"Areco celebra el mes de la Tradici\u00f3n","author":"AF","date":"15\/11\/2014","format":false,"excerpt":"La localidad bonaerense de San Antonio de Areco, distante 140 kil\u00f3metros de la ciudad de Buenos Aires, ser\u00e1 sede durante la segunda quincena de noviembre de las m\u00e1s destacadas actividades programadas para celebrar el mes de la tradici\u00f3n. La ciudad del norte bonaerense, reconocida plaza tur\u00edstica que atrae a m\u00e1s\u2026","rel":"","context":"En \u00abLocales\u00bb","block_context":{"text":"Locales","link":"https:\/\/www.24baires.com\/?cat=38"},"img":{"alt_text":"fiesta tradici\u00f3n areco","src":"https:\/\/i0.wp.com\/www.24baires.com\/wp-content\/uploads\/2014\/11\/fiesta-tradici%C3%B3n-areco.jpg?resize=350%2C200","width":350,"height":200,"srcset":"https:\/\/i0.wp.com\/www.24baires.com\/wp-content\/uploads\/2014\/11\/fiesta-tradici%C3%B3n-areco.jpg?resize=350%2C200 1x, https:\/\/i0.wp.com\/www.24baires.com\/wp-content\/uploads\/2014\/11\/fiesta-tradici%C3%B3n-areco.jpg?resize=525%2C300 1.5x"},"classes":[]},{"id":35200,"url":"https:\/\/www.24baires.com\/?p=35200","url_meta":{"origin":7566,"position":2},"title":"Celebran en Areco la semana de la Tradici\u00f3n","author":"AF","date":"15\/11\/2013","format":false,"excerpt":"M\u00e1s de 11 mil personas ovacionaron al Chaque\u00f1o Palavecino en la pe\u00f1a del s\u00e1bado por la noche, en el marco de la Semana y Fiesta de La Tradici\u00f3n. Una verdadera fiesta se vivi\u00f3 frente al escenario apostado en el Parque Criollo, donde una multitud vibr\u00f3 al comp\u00e1s del folclore sin\u2026","rel":"","context":"En \u00abLocales\u00bb","block_context":{"text":"Locales","link":"https:\/\/www.24baires.com\/?cat=38"},"img":{"alt_text":"","src":"","width":0,"height":0},"classes":[]},{"id":32303,"url":"https:\/\/www.24baires.com\/?p=32303","url_meta":{"origin":7566,"position":3},"title":"Sierras Bayas: r\u00e9cord de visitantes a la Fiesta del Chorip\u00e1n Serrano","author":"AF","date":"23\/09\/2013","format":false,"excerpt":"Al menos seis mil personas participaron de la quinta edici\u00f3n del evento que se realiza en Sierras Bayas. R\u00e1pidamente se vendieron m\u00e1s de 3500 chorizos , tortas y pasteles en los puestos. Desde la organizaci\u00f3n, Cecilia Alves se mostr\u00f3 sorprendida por \u201cla cantidad de autos que hab\u00eda, fue impresionante. Era\u2026","rel":"","context":"En \u00abLocales\u00bb","block_context":{"text":"Locales","link":"https:\/\/www.24baires.com\/?cat=38"},"img":{"alt_text":"fiesta chorip\u00e1n serano","src":"https:\/\/i0.wp.com\/www.24baires.com\/wp-content\/uploads\/2013\/09\/fiesta-chorip%C3%A1n-serano.jpg?resize=350%2C200","width":350,"height":200,"srcset":"https:\/\/i0.wp.com\/www.24baires.com\/wp-content\/uploads\/2013\/09\/fiesta-chorip%C3%A1n-serano.jpg?resize=350%2C200 1x, https:\/\/i0.wp.com\/www.24baires.com\/wp-content\/uploads\/2013\/09\/fiesta-chorip%C3%A1n-serano.jpg?resize=525%2C300 1.5x"},"classes":[]},{"id":64958,"url":"https:\/\/www.24baires.com\/?p=64958","url_meta":{"origin":7566,"position":4},"title":"Brandsen celebr\u00f3 la 13\u00ba Fiesta Provincial del Carruaje","author":"AF","date":"27\/04\/2015","format":false,"excerpt":"La secretar\u00eda de Turismo, a cargo de Ignacio Crotto, particip\u00f3 de la decimotercera edici\u00f3n de la Fiesta Provincial del Carruaje, que se desarroll\u00f3 en la ciudad de Brandsen, donde m\u00e1s de 10 mil personas disfrutaron de variados atractivos gauchescos, artesan\u00edas, y productos regionales. De este modo, el subsecretario de Turismo,\u2026","rel":"","context":"En \u00abLocales\u00bb","block_context":{"text":"Locales","link":"https:\/\/www.24baires.com\/?cat=38"},"img":{"alt_text":"brandsen fiesta carruaje","src":"https:\/\/i0.wp.com\/www.24baires.com\/wp-content\/uploads\/2013\/04\/brandsen-fiesta-carruaje.jpg?resize=350%2C200","width":350,"height":200,"srcset":"https:\/\/i0.wp.com\/www.24baires.com\/wp-content\/uploads\/2013\/04\/brandsen-fiesta-carruaje.jpg?resize=350%2C200 1x, https:\/\/i0.wp.com\/www.24baires.com\/wp-content\/uploads\/2013\/04\/brandsen-fiesta-carruaje.jpg?resize=525%2C300 1.5x"},"classes":[]},{"id":54465,"url":"https:\/\/www.24baires.com\/?p=54465","url_meta":{"origin":7566,"position":5},"title":"El Intendente de Marcos Paz busca incrementar el turismo en el distrito","author":"GB","date":"29\/09\/2014","format":false,"excerpt":"El intendente local, Ricardo Curutchet, present\u00f3 las fiestas populares y los puntos de inter\u00e9s del distrito \u201ca fin de promocionar el turismo de fin de semana\u201d. En di\u00e1logo con Radio Provincia, el intendente de Marcos Paz, Ricardo Curutchet, encabez\u00f3 el encuentro realizado este fin de semana en la sede de\u2026","rel":"","context":"En \u00abMunicipios\u00bb","block_context":{"text":"Municipios","link":"https:\/\/www.24baires.com\/?cat=44"},"img":{"alt_text":"int arcos paz","src":"https:\/\/i0.wp.com\/www.24baires.com\/wp-content\/uploads\/2014\/09\/int-arcos-paz.jpg?resize=350%2C200","width":350,"height":200},"classes":[]}],"jetpack_sharing_enabled":true,"jetpack_likes_enabled":true,"_links":{"self":[{"href":"https:\/\/www.24baires.com\/index.php?rest_route=\/wp\/v2\/posts\/7566","targetHints":{"allow":["GET"]}}],"collection":[{"href":"https:\/\/www.24baires.com\/index.php?rest_route=\/wp\/v2\/posts"}],"about":[{"href":"https:\/\/www.24baires.com\/index.php?rest_route=\/wp\/v2\/types\/post"}],"author":[{"embeddable":true,"href":"https:\/\/www.24baires.com\/index.php?rest_route=\/wp\/v2\/users\/4"}],"replies":[{"embeddable":true,"href":"https:\/\/www.24baires.com\/index.php?rest_route=%2Fwp%2Fv2%2Fcomments&post=7566"}],"version-history":[{"count":4,"href":"https:\/\/www.24baires.com\/index.php?rest_route=\/wp\/v2\/posts\/7566\/revisions"}],"predecessor-version":[{"id":7570,"href":"https:\/\/www.24baires.com\/index.php?rest_route=\/wp\/v2\/posts\/7566\/revisions\/7570"}],"wp:attachment":[{"href":"https:\/\/www.24baires.com\/index.php?rest_route=%2Fwp%2Fv2%2Fmedia&parent=7566"}],"wp:term":[{"taxonomy":"category","embeddable":true,"href":"https:\/\/www.24baires.com\/index.php?rest_route=%2Fwp%2Fv2%2Fcategories&post=7566"},{"taxonomy":"post_tag","embeddable":true,"href":"https:\/\/www.24baires.com\/index.php?rest_route=%2Fwp%2Fv2%2Ftags&post=7566"}],"curies":[{"name":"wp","href":"https:\/\/api.w.org\/{rel}","templated":true}]}}