{"id":7562,"date":"2012-12-02T10:31:30","date_gmt":"2012-12-02T13:31:30","guid":{"rendered":"http:\/\/www.24baires.com\/?p=7562"},"modified":"2012-12-02T10:31:30","modified_gmt":"2012-12-02T13:31:30","slug":"comienza-la-construccion-de-un-polo-productivo-en-alejandro-korn","status":"publish","type":"post","link":"https:\/\/www.24baires.com\/?p=7562","title":{"rendered":"Comienza la construcci\u00f3n de un Polo Productivo en Alejandro Korn"},"content":{"rendered":"<p><img data-recalc-dims=\"1\" loading=\"lazy\" decoding=\"async\" class=\"alignleft size-medium wp-image-7563\" title=\"POLO KORN\" src=\"https:\/\/i0.wp.com\/www.24baires.com\/wp-content\/uploads\/2012\/12\/POLO-KORN.jpg?resize=300%2C190\" alt=\"\" width=\"300\" height=\"190\" srcset=\"https:\/\/i0.wp.com\/www.24baires.com\/wp-content\/uploads\/2012\/12\/POLO-KORN.jpg?resize=300%2C190&amp;ssl=1 300w, https:\/\/i0.wp.com\/www.24baires.com\/wp-content\/uploads\/2012\/12\/POLO-KORN.jpg?w=315&amp;ssl=1 315w\" sizes=\"auto, (max-width: 300px) 100vw, 300px\" \/><strong>PARTIDO DE SAN VICENTE &#8211;<\/strong> Los trabajos consisten en la realizaci\u00f3n del cerramiento de calles interiores para, posteriormente, proceder a la ejecuci\u00f3n de las plateas donde se levantar\u00e1n tinglados. Por otra parte, un Polo de las mismas caracter\u00edsticas empezar\u00e1 a construirse en los pr\u00f3ximos d\u00edas en la localidad de San Vicente.<!--more--><\/p>\n<p>La Municipalidad de San Vicente, a trav\u00e9s de la Secretar\u00eda de Obras y Servicios P\u00fablicos, inform\u00f3 que en el marco del Programa \u201cArgentina Trabaja\u201d se iniciaron los trabajos preliminares para la construcci\u00f3n del Polo Productivo en la ciudad de Alejandro Korn.<\/p>\n<p>Los trabajos consisten en la realizaci\u00f3n del cerramiento de calles interiores para, posteriormente, proceder a la ejecuci\u00f3n de las plateas donde se levantar\u00e1n tinglados que servir\u00e1n para capacitar a los cooperativistas en la fabricaci\u00f3n de elementos premoldeados a base de cemento, tales como ca\u00f1os pluviales, bloques para mamposter\u00eda de elevaci\u00f3n, columnas y adoquines.<\/p>\n<p>Adem\u00e1s, dentro de esas instalaciones, funcionar\u00e1 un taller de herrer\u00eda.<\/p>\n<p>Por otra parte, un Polo de las mismas caracter\u00edsticas empezar\u00e1 a construirse en los pr\u00f3ximos d\u00edas en la localidad de San Vicente.<\/p>\n<p>Vale destacar que ambas obras son resultado de las pol\u00edticas sociales implementadas en la articulaci\u00f3n entre el gobierno municipal y el nacional, a trav\u00e9s del Ministerio de Desarrollo Social.<\/p>\n","protected":false},"excerpt":{"rendered":"<p>PARTIDO DE SAN VICENTE &#8211; Los trabajos consisten en la realizaci\u00f3n del cerramiento de calles interiores para, posteriormente, proceder a la ejecuci\u00f3n de las plateas donde se levantar\u00e1n tinglados. Por otra parte, un Polo de las mismas caracter\u00edsticas empezar\u00e1 a construirse en los pr\u00f3ximos d\u00edas en la localidad de San Vicente.<\/p>\n","protected":false},"author":4,"featured_media":0,"comment_status":"open","ping_status":"open","sticky":false,"template":"","format":"standard","meta":{"_jetpack_newsletter_access":"","_jetpack_dont_email_post_to_subs":false,"_jetpack_newsletter_tier_id":0,"_jetpack_memberships_contains_paywalled_content":false,"_jetpack_memberships_contains_paid_content":false,"footnotes":""},"categories":[38],"tags":[],"class_list":["post-7562","post","type-post","status-publish","format-standard","hentry","category-locales"],"jetpack_featured_media_url":"","jetpack_shortlink":"https:\/\/wp.me\/p2JWE0-1XY","jetpack-related-posts":[{"id":47004,"url":"https:\/\/www.24baires.com\/?p=47004","url_meta":{"origin":7562,"position":0},"title":"Horror en Alejandro Korn: un Pitbull mat\u00f3 a un nene de tres a\u00f1os","author":"Grupo Sierra","date":"29\/05\/2014","format":false,"excerpt":"El chico fue atacado por el perro de una casa vecina. Luego del hecho, el due\u00f1o mat\u00f3 al animal y fue demorado por la polic\u00eda. Un ni\u00f1o de 3 a\u00f1os muri\u00f3 este jueves por el ataque de un perro raza Pitbull en Alejandro Korn, en el partido bonaerense de San\u2026","rel":"","context":"En \u00abLocales\u00bb","block_context":{"text":"Locales","link":"https:\/\/www.24baires.com\/?cat=38"},"img":{"alt_text":"pitbull perro","src":"https:\/\/i0.wp.com\/www.24baires.com\/wp-content\/uploads\/2014\/05\/pitbull-perro.jpg?resize=350%2C200","width":350,"height":200,"srcset":"https:\/\/i0.wp.com\/www.24baires.com\/wp-content\/uploads\/2014\/05\/pitbull-perro.jpg?resize=350%2C200 1x, https:\/\/i0.wp.com\/www.24baires.com\/wp-content\/uploads\/2014\/05\/pitbull-perro.jpg?resize=525%2C300 1.5x"},"classes":[]},{"id":46237,"url":"https:\/\/www.24baires.com\/?p=46237","url_meta":{"origin":7562,"position":1},"title":"Alejandro Korn: muere nene de 4 a\u00f1os y detienen al padrastro","author":"AF","date":"18\/05\/2014","format":false,"excerpt":"Un nene de 4 a\u00f1os muri\u00f3 ayer en Alejandro Korn y los investigadores hasta el momento manejan como \u00fanico indicio de la muerte una presunta violaci\u00f3n. Por el hecho y, por orden del fiscal penal en turno de La Plata, Juan Cruz Condom\u00ed Alcorta, el padrastro del ni\u00f1o qued\u00f3 detenido\u2026","rel":"","context":"En \u00abLocales\u00bb","block_context":{"text":"Locales","link":"https:\/\/www.24baires.com\/?cat=38"},"img":{"alt_text":"polic\u00eda cient\u00edfica","src":"https:\/\/i0.wp.com\/www.24baires.com\/wp-content\/uploads\/2014\/04\/polic%C3%ADa-cient%C3%ADfica.jpg?resize=350%2C200","width":350,"height":200,"srcset":"https:\/\/i0.wp.com\/www.24baires.com\/wp-content\/uploads\/2014\/04\/polic%C3%ADa-cient%C3%ADfica.jpg?resize=350%2C200 1x, https:\/\/i0.wp.com\/www.24baires.com\/wp-content\/uploads\/2014\/04\/polic%C3%ADa-cient%C3%ADfica.jpg?resize=525%2C300 1.5x"},"classes":[]},{"id":119313,"url":"https:\/\/www.24baires.com\/?p=119313","url_meta":{"origin":7562,"position":2},"title":"Reanudan la b\u00fasqueda de Tehuel a casi 18 meses de la desaparici\u00f3n","author":"GB","date":"08\/09\/2022","format":false,"excerpt":"Polic\u00edas, bomberos, antrop\u00f3logos y buzos reanudaron la b\u00fasqueda de Tehuel de la Torre desde esta ma\u00f1ana en San Vicente Justicia orden\u00f3 reanudar la b\u00fasqueda de Tehuel de la Torre, el joven trans desaparecido en marzo de 2021, por lo que a partir de esta ma\u00f1ana efectivos de la Polic\u00eda Bonaerense,\u2026","rel":"","context":"En \u00abMunicipios\u00bb","block_context":{"text":"Municipios","link":"https:\/\/www.24baires.com\/?cat=44"},"img":{"alt_text":"","src":"https:\/\/i0.wp.com\/www.24baires.com\/wp-content\/uploads\/2022\/09\/aaajpg.jpg?resize=350%2C200","width":350,"height":200,"srcset":"https:\/\/i0.wp.com\/www.24baires.com\/wp-content\/uploads\/2022\/09\/aaajpg.jpg?resize=350%2C200 1x, https:\/\/i0.wp.com\/www.24baires.com\/wp-content\/uploads\/2022\/09\/aaajpg.jpg?resize=525%2C300 1.5x, https:\/\/i0.wp.com\/www.24baires.com\/wp-content\/uploads\/2022\/09\/aaajpg.jpg?resize=700%2C400 2x"},"classes":[]},{"id":63301,"url":"https:\/\/www.24baires.com\/?p=63301","url_meta":{"origin":7562,"position":3},"title":"Hallaron sana y salva a Milagros, la joven desaparecida en Banfield","author":"GB","date":"18\/03\/2015","format":false,"excerpt":"Milagros, que padece de S\u00edndrome de Personalidad Lim\u00edtrofe, fue encontrada por la polic\u00eda en la localidad bonaerense de Alejandro Korn. Milagros es estudiante en la escuela 309 de Banfield, ubicada en el cruce de las calles Vieytes y Alvear, \u00faltimo lugar en el que se hab\u00eda visto a la adolescente.\u2026","rel":"","context":"En \u00abSociedad\u00bb","block_context":{"text":"Sociedad","link":"https:\/\/www.24baires.com\/?cat=1"},"img":{"alt_text":"milagros banfield","src":"https:\/\/i0.wp.com\/www.24baires.com\/wp-content\/uploads\/2015\/03\/milagros-banfield.jpg?resize=350%2C200","width":350,"height":200},"classes":[]},{"id":81916,"url":"https:\/\/www.24baires.com\/?p=81916","url_meta":{"origin":7562,"position":4},"title":"Condenan a prisi\u00f3n al due\u00f1o de un pitbull que mat\u00f3 a un nene en Alejandro Korn","author":"AF","date":"26\/04\/2016","format":false,"excerpt":"El Tribunal Oral en lo Criminal IV de La Plata conden\u00f3 este lunes a ocho a\u00f1os de prisi\u00f3n al due\u00f1o de un perro de raza pitbull, al ser acusado de \"homicidio simple con dolo eventual\u201d por la muerte de un menor de dos a\u00f1os en 2014 provocada por el animal\u2026","rel":"","context":"En \u00abJUDICIALES\u00bb","block_context":{"text":"JUDICIALES","link":"https:\/\/www.24baires.com\/?cat=68"},"img":{"alt_text":"pitbul-25-04-2016-19-26-55","src":"https:\/\/i0.wp.com\/www.24baires.com\/wp-content\/uploads\/2016\/04\/pitbul-25-04-2016-19-26-55.png?resize=350%2C200","width":350,"height":200},"classes":[]},{"id":23094,"url":"https:\/\/www.24baires.com\/?p=23094","url_meta":{"origin":7562,"position":5},"title":"Realizan mamograf\u00edas gratuitas en el municipio de San Vicente","author":"AF","date":"09\/05\/2013","format":false,"excerpt":"El ministerio de Salud provincial y el municipio de San Vicente comenzaron ayer a realizar mamograf\u00edas gratuitas en un m\u00f3vil que la cartera sanitaria instal\u00f3 junto al Centro de Atenci\u00f3n Primaria \u201cDr. N\u00e9stor Kirchner\u201d de Alejandro Korn. Los estudios continuar\u00e1n hasta el s\u00e1bado 11 de mayo de 9 a 17.\u2026","rel":"","context":"En \u00abSociedad\u00bb","block_context":{"text":"Sociedad","link":"https:\/\/www.24baires.com\/?cat=1"},"img":{"alt_text":"","src":"","width":0,"height":0},"classes":[]}],"jetpack_sharing_enabled":true,"jetpack_likes_enabled":true,"_links":{"self":[{"href":"https:\/\/www.24baires.com\/index.php?rest_route=\/wp\/v2\/posts\/7562","targetHints":{"allow":["GET"]}}],"collection":[{"href":"https:\/\/www.24baires.com\/index.php?rest_route=\/wp\/v2\/posts"}],"about":[{"href":"https:\/\/www.24baires.com\/index.php?rest_route=\/wp\/v2\/types\/post"}],"author":[{"embeddable":true,"href":"https:\/\/www.24baires.com\/index.php?rest_route=\/wp\/v2\/users\/4"}],"replies":[{"embeddable":true,"href":"https:\/\/www.24baires.com\/index.php?rest_route=%2Fwp%2Fv2%2Fcomments&post=7562"}],"version-history":[{"count":2,"href":"https:\/\/www.24baires.com\/index.php?rest_route=\/wp\/v2\/posts\/7562\/revisions"}],"predecessor-version":[{"id":7565,"href":"https:\/\/www.24baires.com\/index.php?rest_route=\/wp\/v2\/posts\/7562\/revisions\/7565"}],"wp:attachment":[{"href":"https:\/\/www.24baires.com\/index.php?rest_route=%2Fwp%2Fv2%2Fmedia&parent=7562"}],"wp:term":[{"taxonomy":"category","embeddable":true,"href":"https:\/\/www.24baires.com\/index.php?rest_route=%2Fwp%2Fv2%2Fcategories&post=7562"},{"taxonomy":"post_tag","embeddable":true,"href":"https:\/\/www.24baires.com\/index.php?rest_route=%2Fwp%2Fv2%2Ftags&post=7562"}],"curies":[{"name":"wp","href":"https:\/\/api.w.org\/{rel}","templated":true}]}}