{"id":7558,"date":"2012-12-02T10:10:58","date_gmt":"2012-12-02T13:10:58","guid":{"rendered":"http:\/\/www.24baires.com\/?p=7558"},"modified":"2012-12-02T10:10:58","modified_gmt":"2012-12-02T13:10:58","slug":"vecinos-de-colonia-hinojo-volvieron-a-manifestarse-frente-a-asp","status":"publish","type":"post","link":"https:\/\/www.24baires.com\/?p=7558","title":{"rendered":"Vecinos de Colonia Hinojo volvieron a manifestarse frente a ASP"},"content":{"rendered":"<p><img data-recalc-dims=\"1\" loading=\"lazy\" decoding=\"async\" class=\"alignleft size-medium wp-image-7559\" title=\"hinojo\" src=\"https:\/\/i0.wp.com\/www.24baires.com\/wp-content\/uploads\/2012\/12\/hinojo.jpg?resize=300%2C192\" alt=\"\" width=\"300\" height=\"192\" srcset=\"https:\/\/i0.wp.com\/www.24baires.com\/wp-content\/uploads\/2012\/12\/hinojo.jpg?resize=300%2C192&amp;ssl=1 300w, https:\/\/i0.wp.com\/www.24baires.com\/wp-content\/uploads\/2012\/12\/hinojo.jpg?w=549&amp;ssl=1 549w\" sizes=\"auto, (max-width: 300px) 100vw, 300px\" \/><strong>PARTIDO DE OLAVARR\u00cdA &#8211;<\/strong> Una veintena de vecinos se volvieron a manifestar este s\u00e1bado frente a la planta de agroqu\u00edmicos, tras la ca\u00edda de la conciliaci\u00f3n. Sostienen que la delegada de Hinojo Dora Rodr\u00edguez reparti\u00f3 panfletos de Agroservicios Pampeanos (ASP) en la fiesta aniversario. Lo consideraron \u201cuna tomada de pelo\u201d.<!--more-->Vecinos que desde hace dos a\u00f1os se manifiestan en pedido de respuestas ambientales por parte de la empresa ASP, la Provincia y el Municipio volvieron a la ruta este s\u00e1bado tras la ca\u00edda de la mediaci\u00f3n. El conflicto se reaviv\u00f3 porque los vecinos tomaron como una \u201ctomada de pelo\u201d el reparto de folletos de ASP en la Fiesta Aniversario de Olavarr\u00eda y \u201cen manos de la delegada municipal de Hinojo Dora Rodr\u00edguez\u201d.<\/p>\n<p>Eduardo Block dijo que la mediaci\u00f3n de la Dra. Mar\u00eda Elena Dappello fue para distraer el reclamo. Los vecinos dijeron que la empresa tiene que fabricar fertilizantes hasta enero y que despu\u00e9s hasta marzo del a\u00f1o pr\u00f3ximo no lo hace m\u00e1s.<\/p>\n<p>Sin embargo, reclamaron que durante el proceso de mediaci\u00f3n, a los vecinos les pidieron que terminen con las manifestaciones porque \u201ceran agresivas\u201d pero dijeron que por el otro lado la empresa sigui\u00f3 \u201cfabricando y contaminando\u201d.<\/p>\n<p>Block dijo: \u201cqueremos que el intendente se ponga a la cabeza de esta situaci\u00f3n, cada cosa que asoma como un esc\u00e1ndalo Jos\u00e9 Eseverri lo esquiva. Nos esquiva a nosotros y por otro lado le hace el caldo gordo a la empresa con lo que fue la panfleteada en la fiesta aniversario\u201d.<\/p>\n<p>Con respecto a la panfleteada que habr\u00eda hecho la delegada municipal Dora Rodr\u00edguez, de acuerdo a los dichos de los vecinos, Block mostr\u00f3 un ejemplar de los que se repartieron en la fiesta de Olavarr\u00eda.<\/p>\n<p>\u201cLos vecinos decimos basta despu\u00e9s de esto, la delegada tiene que saber que por ser parte del municipio no va a dejar de contaminarse\u201d enfatiz\u00f3 y revel\u00f3: \u201cEstamos muy embroncados, nosotros no fuimos, la se\u00f1ora Dappello no acept\u00f3 nuestra disculpa que le enviamos en una nota\u201d.<\/p>\n<p>Asimismo, anunciaron que el pr\u00f3ximo lunes por nota le van a acercar a la Dra. Dappello la explicaci\u00f3n de la ausencia de los vecinos en la audiencia. \u201cA nosotros lo que paso nos pareci\u00f3 una tomada de pelo, una risa\u201d, concluy\u00f3 Block.<\/p>\n","protected":false},"excerpt":{"rendered":"<p>PARTIDO DE OLAVARR\u00cdA &#8211; Una veintena de vecinos se volvieron a manifestar este s\u00e1bado frente a la planta de agroqu\u00edmicos, tras la ca\u00edda de la conciliaci\u00f3n. Sostienen que la delegada de Hinojo Dora Rodr\u00edguez reparti\u00f3 panfletos de Agroservicios Pampeanos (ASP) en la fiesta aniversario. Lo consideraron \u201cuna tomada de pelo\u201d.<\/p>\n","protected":false},"author":4,"featured_media":0,"comment_status":"open","ping_status":"open","sticky":false,"template":"","format":"standard","meta":{"_jetpack_newsletter_access":"","_jetpack_dont_email_post_to_subs":false,"_jetpack_newsletter_tier_id":0,"_jetpack_memberships_contains_paywalled_content":false,"_jetpack_memberships_contains_paid_content":false,"footnotes":""},"categories":[38],"tags":[],"class_list":["post-7558","post","type-post","status-publish","format-standard","hentry","category-locales"],"jetpack_featured_media_url":"","jetpack_shortlink":"https:\/\/wp.me\/p2JWE0-1XU","jetpack-related-posts":[{"id":7062,"url":"https:\/\/www.24baires.com\/?p=7062","url_meta":{"origin":7558,"position":0},"title":"Ambientalistas de Colonia Hinojo no se presentaron a la audiencia de mediaci\u00f3n","author":"AF","date":"28\/11\/2012","format":false,"excerpt":"OLAVARR\u00cdA - La decisi\u00f3n de los vecinos ocurri\u00f3 en rechazo a \u201cpanfletos que hac\u00edan menci\u00f3n del buen funcionamiento de la empresa durante el cumplea\u00f1os de Olavarr\u00eda\u201d dijo Eduardo Block. Fuentes oficiales se\u00f1alaron que los folletos corresponden a la empresa y que estaban junto a otros, en los stands que present\u00f3\u2026","rel":"","context":"En \u00abLocales\u00bb","block_context":{"text":"Locales","link":"https:\/\/www.24baires.com\/?cat=38"},"img":{"alt_text":"","src":"https:\/\/i0.wp.com\/www.24baires.com\/wp-content\/uploads\/2012\/11\/ambientalistas-colonia-hinojo.jpg?resize=350%2C200","width":350,"height":200,"srcset":"https:\/\/i0.wp.com\/www.24baires.com\/wp-content\/uploads\/2012\/11\/ambientalistas-colonia-hinojo.jpg?resize=350%2C200 1x, https:\/\/i0.wp.com\/www.24baires.com\/wp-content\/uploads\/2012\/11\/ambientalistas-colonia-hinojo.jpg?resize=525%2C300 1.5x"},"classes":[]},{"id":91465,"url":"https:\/\/www.24baires.com\/?p=91465","url_meta":{"origin":7558,"position":1},"title":"Detienen a un joven por el asesinato de un hombre durante un robo","author":"AF","date":"09\/01\/2017","format":false,"excerpt":"Un joven de 18 a\u00f1os fue detenido por su presunta vinculaci\u00f3n con el homicidio de Fernando Hinojosa, asesinado de un balazo por la espalda durante un asalto en la puerta de la casa de su madre. Buscan a dos sospechosos m\u00e1s. Los vecinos protestar\u00e1n hoy en reclamo de seguridad en\u2026","rel":"","context":"En \u00abPoliciales\u00bb","block_context":{"text":"Policiales","link":"https:\/\/www.24baires.com\/?cat=49"},"img":{"alt_text":"","src":"https:\/\/i0.wp.com\/www.24baires.com\/wp-content\/uploads\/2014\/03\/polic%C3%ADa.jpg?resize=350%2C200","width":350,"height":200,"srcset":"https:\/\/i0.wp.com\/www.24baires.com\/wp-content\/uploads\/2014\/03\/polic%C3%ADa.jpg?resize=350%2C200 1x, https:\/\/i0.wp.com\/www.24baires.com\/wp-content\/uploads\/2014\/03\/polic%C3%ADa.jpg?resize=525%2C300 1.5x"},"classes":[]},{"id":13920,"url":"https:\/\/www.24baires.com\/?p=13920","url_meta":{"origin":7558,"position":2},"title":"Preocupa la escalada de abigeatos en Olavarr\u00eda","author":"AF","date":"29\/01\/2013","format":false,"excerpt":"Entre el jueves y el domingo cinco vacunos fueron carneados en Hinojo, dos en Loma Negra y uno en Espigas. En el 2013, el promedio es de un animal faenado por d\u00eda. \u201cHubo reuniones con autoridades policiales pero la respuesta que tuvimos fueron m\u00e1s hechos\u201d advirti\u00f3 Fernando Luis, titular de\u2026","rel":"","context":"En \u00abLocales\u00bb","block_context":{"text":"Locales","link":"https:\/\/www.24baires.com\/?cat=38"},"img":{"alt_text":"abigeato","src":"https:\/\/i0.wp.com\/www.24baires.com\/wp-content\/uploads\/2013\/01\/abigeato-300x145.jpg?resize=350%2C200","width":350,"height":200},"classes":[]},{"id":5072,"url":"https:\/\/www.24baires.com\/?p=5072","url_meta":{"origin":7558,"position":3},"title":"Detuvieron a un amigo de Jonathan, el joven asesinado en Olavarr\u00eda","author":"AF","date":"11\/11\/2012","format":false,"excerpt":"La investigaci\u00f3n por la muerte del joven Jonathan Stramessi contin\u00faa sin arrojar resultados definitivos, pero a medida que avanza suma informaci\u00f3n a la causa. En este caso uno de sus amigos qued\u00f3 detenido al ser imputado de abandono de persona seguido de muerte en el hecho que conmocion\u00f3 a Olavarr\u00eda.\u2026","rel":"","context":"En \u00abPoliciales\u00bb","block_context":{"text":"Policiales","link":"https:\/\/www.24baires.com\/?cat=49"},"img":{"alt_text":"","src":"https:\/\/i0.wp.com\/www.24baires.com\/wp-content\/uploads\/2012\/11\/stramessi-300x168.jpg?resize=350%2C200","width":350,"height":200},"classes":[]},{"id":116587,"url":"https:\/\/www.24baires.com\/?p=116587","url_meta":{"origin":7558,"position":4},"title":"Acusan a la gesti\u00f3n de Galli de \u00abvender\u00bb terrenos fiscales","author":"GB","date":"31\/10\/2020","format":false,"excerpt":"Tras levantar parcialmente el acampe frente a la municipalidad, las familias sin techo denunciaron la entrega discrecional de terrenos a militantes del PRO y la venta de tierras fiscales por parte de funcionarios de Olavarr\u00eda. Tras varias semanas de tensi\u00f3n en las puertas de la municipalidad de Olavarr\u00eda por el\u2026","rel":"","context":"En \u00abMunicipios\u00bb","block_context":{"text":"Municipios","link":"https:\/\/www.24baires.com\/?cat=44"},"img":{"alt_text":"","src":"https:\/\/i0.wp.com\/www.24baires.com\/wp-content\/uploads\/2020\/07\/galli.jpg?resize=350%2C200","width":350,"height":200,"srcset":"https:\/\/i0.wp.com\/www.24baires.com\/wp-content\/uploads\/2020\/07\/galli.jpg?resize=350%2C200 1x, https:\/\/i0.wp.com\/www.24baires.com\/wp-content\/uploads\/2020\/07\/galli.jpg?resize=525%2C300 1.5x"},"classes":[]},{"id":41384,"url":"https:\/\/www.24baires.com\/?p=41384","url_meta":{"origin":7558,"position":5},"title":"La Presidenta anunci\u00f3 desde Twitter que envi\u00f3 el acuerdo de Repsol al Congreso","author":"Grupo Sierra","date":"02\/03\/2014","format":false,"excerpt":"Mencion\u00f3 en su cuenta que el viernes pasado envi\u00f3 al Congreso de la Naci\u00f3n el proyecto de ley para tratar el acuerdo entre el Gobierno y Repsol por la expropiaci\u00f3n de YPF. Tambi\u00e9n destac\u00f3 el fallo de la Justicia que aval\u00f3 la decisi\u00f3n del Gobierno de recuperar Aerol\u00edneas Argentinas. Al\u2026","rel":"","context":"En \u00abPol\u00edtica\u00bb","block_context":{"text":"Pol\u00edtica","link":"https:\/\/www.24baires.com\/?cat=51"},"img":{"alt_text":"660.asp","src":"https:\/\/i0.wp.com\/www.24baires.com\/wp-content\/uploads\/2014\/03\/660.asp_-300x125.jpg?resize=350%2C200","width":350,"height":200},"classes":[]}],"jetpack_sharing_enabled":true,"jetpack_likes_enabled":true,"_links":{"self":[{"href":"https:\/\/www.24baires.com\/index.php?rest_route=\/wp\/v2\/posts\/7558","targetHints":{"allow":["GET"]}}],"collection":[{"href":"https:\/\/www.24baires.com\/index.php?rest_route=\/wp\/v2\/posts"}],"about":[{"href":"https:\/\/www.24baires.com\/index.php?rest_route=\/wp\/v2\/types\/post"}],"author":[{"embeddable":true,"href":"https:\/\/www.24baires.com\/index.php?rest_route=\/wp\/v2\/users\/4"}],"replies":[{"embeddable":true,"href":"https:\/\/www.24baires.com\/index.php?rest_route=%2Fwp%2Fv2%2Fcomments&post=7558"}],"version-history":[{"count":2,"href":"https:\/\/www.24baires.com\/index.php?rest_route=\/wp\/v2\/posts\/7558\/revisions"}],"predecessor-version":[{"id":7561,"href":"https:\/\/www.24baires.com\/index.php?rest_route=\/wp\/v2\/posts\/7558\/revisions\/7561"}],"wp:attachment":[{"href":"https:\/\/www.24baires.com\/index.php?rest_route=%2Fwp%2Fv2%2Fmedia&parent=7558"}],"wp:term":[{"taxonomy":"category","embeddable":true,"href":"https:\/\/www.24baires.com\/index.php?rest_route=%2Fwp%2Fv2%2Fcategories&post=7558"},{"taxonomy":"post_tag","embeddable":true,"href":"https:\/\/www.24baires.com\/index.php?rest_route=%2Fwp%2Fv2%2Ftags&post=7558"}],"curies":[{"name":"wp","href":"https:\/\/api.w.org\/{rel}","templated":true}]}}