{"id":7555,"date":"2012-12-02T09:58:55","date_gmt":"2012-12-02T12:58:55","guid":{"rendered":"http:\/\/www.24baires.com\/?p=7555"},"modified":"2012-12-02T09:58:55","modified_gmt":"2012-12-02T12:58:55","slug":"proponen-crear-una-nueva-terminal-de-granos-en-puerto-quequen","status":"publish","type":"post","link":"https:\/\/www.24baires.com\/?p=7555","title":{"rendered":"Proponen crear una nueva terminal de granos en Puerto Quequ\u00e9n"},"content":{"rendered":"<p>D\u00edas atr\u00e1s la firma Excel Consulting S.A. inici\u00f3 tratativas con el Consorcio de Gesti\u00f3n del Puerto de Quequ\u00e9n, en representaci\u00f3n de un consorcio de peque\u00f1os y medianos exportadores de granos y subproductos, quienes est\u00e1n interesados en la construcci\u00f3n y operaci\u00f3n de una nueva terminal de granos, la que de concretarse pasar\u00eda a ser la tercera terminal junto a las existentes de Terminal Quequ\u00e9n y A.C.A, sumando una importante capacidad de recibo, almacenamiento y carga al puerto.<!--more--><\/p>\n<p>El representante del grupo, ingeniero Leo Thomas, destac\u00f3 que el grupo inversor que representa proviene de la actividad espec\u00edfica de la exportaci\u00f3n de granos pero representa a empresas nacionales de una escala menor a la de los tradicionales exportadores.<\/p>\n<p>Este tipo de exportadores est\u00e1n interesados en invertir, ya que, ante el importante incremento de las exportaciones granarias, muchas veces enfrentan dificultades a la hora de utilizar las instalaciones portuarias existentes.<\/p>\n<p><strong>Almacenaje<\/strong><\/p>\n<p>En ese sentido destac\u00f3 que el proyecto que pr\u00f3ximamente se plasmar\u00e1 en una presentaci\u00f3n concreta en el Ente portuario, incluye la construcci\u00f3n y operaci\u00f3n de una terminal cuya capacidad de almacenaje, en su etapa final, rondar\u00eda la 200 mil toneladas que se ubicar\u00eda en el sector contiguo a la \u201cPileta\u201d de la margen Quequ\u00e9n y utilizar\u00eda para las operaciones con buques, instalaciones a construirse en el denominado Sitio 1.<\/p>\n<p>El proyecto significa una inversi\u00f3n directa de 150 millones de pesos en una primera etapa, para duplicarse en etapas posteriores. Tendr\u00e1 claramente un fuerte efecto multiplicador en actividades conexas, tanto en la etapa de construcci\u00f3n como durante el normal funcionamiento de la Terminal. Empresas constructoras, talleres, el transporte de granos, y otros proveedores de distintos servicios ser\u00e1n beneficiados por el desarrollo integral del emprendimiento.<\/p>\n<p>Thomas destac\u00f3 que luego de muchos an\u00e1lisis, el grupo que representa escogi\u00f3 a Puerto Quequ\u00e9n como lugar para la concreci\u00f3n del proyecto, por poseer condiciones muy favorables que se est\u00e1n plasmando en el crecimiento sostenido de su participaci\u00f3n en el mercado de cargas, alentados por el anuncio de la futura profundizaci\u00f3n del canal de acceso e interior portuario.<\/p>\n<p>Seg\u00fan estudios realizados por el grupo inversor, la concreci\u00f3n del proyecto, podr\u00eda aportarle en el corto plazo un incremento en las operaciones anuales del puerto cercano al mill\u00f3n de toneladas.<\/p>\n<p>Thomas adelant\u00f3 que en los pr\u00f3ximos d\u00edas se estar\u00e1 efectuando la presentaci\u00f3n formal del proyecto para su evaluaci\u00f3n por la autoridad portuaria.<\/p>\n","protected":false},"excerpt":{"rendered":"<p>D\u00edas atr\u00e1s la firma Excel Consulting S.A. inici\u00f3 tratativas con el Consorcio de Gesti\u00f3n del Puerto de Quequ\u00e9n, en representaci\u00f3n de un consorcio de peque\u00f1os y medianos exportadores de granos y subproductos, quienes est\u00e1n interesados en la construcci\u00f3n y operaci\u00f3n de una nueva terminal de granos, la que de concretarse pasar\u00eda a ser la tercera terminal junto a las existentes [&#8230;]<\/p>\n","protected":false},"author":4,"featured_media":0,"comment_status":"open","ping_status":"open","sticky":false,"template":"","format":"standard","meta":{"_jetpack_newsletter_access":"","_jetpack_dont_email_post_to_subs":false,"_jetpack_newsletter_tier_id":0,"_jetpack_memberships_contains_paywalled_content":false,"_jetpack_memberships_contains_paid_content":false,"footnotes":""},"categories":[38],"tags":[],"class_list":["post-7555","post","type-post","status-publish","format-standard","hentry","category-locales"],"jetpack_featured_media_url":"","jetpack_shortlink":"https:\/\/wp.me\/p2JWE0-1XR","jetpack-related-posts":[{"id":121560,"url":"https:\/\/www.24baires.com\/?p=121560","url_meta":{"origin":7555,"position":0},"title":"Kicillof desmiente la acusaci\u00f3n sobre crear una Junta de Granos","author":"GB","date":"20\/08\/2024","format":false,"excerpt":"El gobernador neg\u00f3 que, desde Provincia, se quiera avanzar con una Junta Provincial de Granos para retener las ganancias de los productores rurales, como indicaron entidades del campo ante la licitaci\u00f3n de la terminal del Puerto Quequ\u00e9n. El gobernador bonaerense, Axel Kicillof, neg\u00f3 la acusaci\u00f3n de entidades rurales sobre un\u2026","rel":"","context":"En \u00abProvincia\u00bb","block_context":{"text":"Provincia","link":"https:\/\/www.24baires.com\/?cat=40"},"img":{"alt_text":"","src":"https:\/\/i0.wp.com\/www.24baires.com\/wp-content\/uploads\/2022\/07\/kicillof.jpg?resize=350%2C200","width":350,"height":200,"srcset":"https:\/\/i0.wp.com\/www.24baires.com\/wp-content\/uploads\/2022\/07\/kicillof.jpg?resize=350%2C200 1x, https:\/\/i0.wp.com\/www.24baires.com\/wp-content\/uploads\/2022\/07\/kicillof.jpg?resize=525%2C300 1.5x, https:\/\/i0.wp.com\/www.24baires.com\/wp-content\/uploads\/2022\/07\/kicillof.jpg?resize=700%2C400 2x"},"classes":[]},{"id":26938,"url":"https:\/\/www.24baires.com\/?p=26938","url_meta":{"origin":7555,"position":1},"title":"Piden que el Puerto de Quequ\u00e9n sea intervenido por la Provincia","author":"AF","date":"26\/06\/2013","format":false,"excerpt":"Concejales de la Uni\u00f3n C\u00edvica Radical de Necochea y legisladores provinciales de esa fuerza reclamaron al gobierno provincial que intervenga el Consorcio de Gesti\u00f3n del Puerto de Quequ\u00e9n en medio de la pol\u00e9mica abierta por la adjudicaci\u00f3n directa de una obra millonaria por parte de ese ente y que tuvo\u2026","rel":"","context":"En \u00abLocales\u00bb","block_context":{"text":"Locales","link":"https:\/\/www.24baires.com\/?cat=38"},"img":{"alt_text":"puerto_quequen1","src":"https:\/\/i0.wp.com\/www.24baires.com\/wp-content\/uploads\/2013\/06\/puerto_quequen1-300x214.jpg?resize=350%2C200","width":350,"height":200},"classes":[]},{"id":46335,"url":"https:\/\/www.24baires.com\/?p=46335","url_meta":{"origin":7555,"position":2},"title":"Puertos de la Provincia exportar\u00e1n en los pr\u00f3ximos d\u00edas m\u00e1s de un mill\u00f3n de toneladas de soja","author":"AF","date":"20\/05\/2014","format":false,"excerpt":"Los puertos bonaerenses exportar\u00e1n los pr\u00f3ximos d\u00edas un mill\u00f3n cien mil toneladas de soja, en el marco de la gran actividad de cargamento de buques Panamax y Post Panamax iniciada en la Hidrov\u00eda Paran\u00e1 \u2013 Paraguay, que se completa con la oferta de las terminales de Bah\u00eda Blanca y Quequ\u00e9n.\u2026","rel":"","context":"En \u00abProvincia\u00bb","block_context":{"text":"Provincia","link":"https:\/\/www.24baires.com\/?cat=40"},"img":{"alt_text":"puerto","src":"https:\/\/i0.wp.com\/www.24baires.com\/wp-content\/uploads\/2013\/05\/puerto.jpg?resize=350%2C200","width":350,"height":200,"srcset":"https:\/\/i0.wp.com\/www.24baires.com\/wp-content\/uploads\/2013\/05\/puerto.jpg?resize=350%2C200 1x, https:\/\/i0.wp.com\/www.24baires.com\/wp-content\/uploads\/2013\/05\/puerto.jpg?resize=525%2C300 1.5x"},"classes":[]},{"id":26041,"url":"https:\/\/www.24baires.com\/?p=26041","url_meta":{"origin":7555,"position":3},"title":"Puerto Quequ\u00e9n: Breitenstein anunci\u00f3 inversiones","author":"AF","date":"15\/06\/2013","format":false,"excerpt":"El ministro de la Producci\u00f3n, Ciencia y Tecnolog\u00eda, Cristian Breitenstein, anunci\u00f3 este viernes una inversi\u00f3n por 10 millones de d\u00f3lares para el Puerto Quequ\u00e9n, destinada a la instalaci\u00f3n de una terminal de fertilizantes, y destac\u00f3 la adhesi\u00f3n de la unidad portuaria al Plan Estrat\u00e9gico 2013-2020. Breitenstein enfatiz\u00f3 \u201cel crecimiento sustentable\u2026","rel":"","context":"En \u00abLocales\u00bb","block_context":{"text":"Locales","link":"https:\/\/www.24baires.com\/?cat=38"},"img":{"alt_text":"breitenstein quequ\u00e9n","src":"https:\/\/i0.wp.com\/www.24baires.com\/wp-content\/uploads\/2013\/06\/breitenstein-quequ%C3%A9n.png?resize=350%2C200","width":350,"height":200},"classes":[]},{"id":25974,"url":"https:\/\/www.24baires.com\/?p=25974","url_meta":{"origin":7555,"position":4},"title":"Anuncian millonaria inversi\u00f3n para el puerto de Quequ\u00e9n","author":"Grupo Sierra","date":"14\/06\/2013","format":false,"excerpt":"As\u00ed lo asegur\u00f3 el ministro de la Producci\u00f3n, Ciencia y Tecnolog\u00eda, Cristian Breitenstein. Ser\u00e1n 10 millones de d\u00f3lares que ser\u00e1n utilizados para la instalaci\u00f3n de una terminal de fertilizantes. Adem\u00e1s, ponder\u00f3 la adhesi\u00f3n de la unidad portuaria al Plan Estrat\u00e9gico 2013-2020. El titular de la cartera productiva provincial, subray\u00f3 que\u2026","rel":"","context":"En \u00abLocales\u00bb","block_context":{"text":"Locales","link":"https:\/\/www.24baires.com\/?cat=38"},"img":{"alt_text":"puerto_quequen1","src":"https:\/\/i0.wp.com\/www.24baires.com\/wp-content\/uploads\/2013\/06\/puerto_quequen1-300x214.jpg?resize=350%2C200","width":350,"height":200},"classes":[]},{"id":45158,"url":"https:\/\/www.24baires.com\/?p=45158","url_meta":{"origin":7555,"position":5},"title":"Buscan que los puertos bonaerenses sean estatizados","author":"Grupo Sierra","date":"02\/05\/2014","format":false,"excerpt":"El vicegobernador, Gabriel Mariotto impulsa el proyecto por el que se revisar\u00edan las concesiones de Bah\u00eda, Quequ\u00e9n y Ramallo. Con la medida buscan recaudar 2.400 millones de d\u00f3lares. Si la Provincia recuperara el control de sus puertos, que actualmente est\u00e1n operados por compa\u00f1\u00edas multinacionales, podr\u00eda recaudar unos 2.400 millones de\u2026","rel":"","context":"En \u00abProvincia\u00bb","block_context":{"text":"Provincia","link":"https:\/\/www.24baires.com\/?cat=40"},"img":{"alt_text":"puerto","src":"https:\/\/i0.wp.com\/www.24baires.com\/wp-content\/uploads\/2013\/05\/puerto.jpg?resize=350%2C200","width":350,"height":200,"srcset":"https:\/\/i0.wp.com\/www.24baires.com\/wp-content\/uploads\/2013\/05\/puerto.jpg?resize=350%2C200 1x, https:\/\/i0.wp.com\/www.24baires.com\/wp-content\/uploads\/2013\/05\/puerto.jpg?resize=525%2C300 1.5x"},"classes":[]}],"jetpack_sharing_enabled":true,"jetpack_likes_enabled":true,"_links":{"self":[{"href":"https:\/\/www.24baires.com\/index.php?rest_route=\/wp\/v2\/posts\/7555","targetHints":{"allow":["GET"]}}],"collection":[{"href":"https:\/\/www.24baires.com\/index.php?rest_route=\/wp\/v2\/posts"}],"about":[{"href":"https:\/\/www.24baires.com\/index.php?rest_route=\/wp\/v2\/types\/post"}],"author":[{"embeddable":true,"href":"https:\/\/www.24baires.com\/index.php?rest_route=\/wp\/v2\/users\/4"}],"replies":[{"embeddable":true,"href":"https:\/\/www.24baires.com\/index.php?rest_route=%2Fwp%2Fv2%2Fcomments&post=7555"}],"version-history":[{"count":2,"href":"https:\/\/www.24baires.com\/index.php?rest_route=\/wp\/v2\/posts\/7555\/revisions"}],"predecessor-version":[{"id":7557,"href":"https:\/\/www.24baires.com\/index.php?rest_route=\/wp\/v2\/posts\/7555\/revisions\/7557"}],"wp:attachment":[{"href":"https:\/\/www.24baires.com\/index.php?rest_route=%2Fwp%2Fv2%2Fmedia&parent=7555"}],"wp:term":[{"taxonomy":"category","embeddable":true,"href":"https:\/\/www.24baires.com\/index.php?rest_route=%2Fwp%2Fv2%2Fcategories&post=7555"},{"taxonomy":"post_tag","embeddable":true,"href":"https:\/\/www.24baires.com\/index.php?rest_route=%2Fwp%2Fv2%2Ftags&post=7555"}],"curies":[{"name":"wp","href":"https:\/\/api.w.org\/{rel}","templated":true}]}}